{"id":575771,"date":"2025-12-03T17:04:13","date_gmt":"2025-12-03T17:04:13","guid":{"rendered":"https:\/\/www.europesays.com\/fr\/575771\/"},"modified":"2025-12-03T17:04:13","modified_gmt":"2025-12-03T17:04:13","slug":"pendant-longtemps-i-l-y-a-eu-de-linstruction-mais-pas-denseignement-secondaire-a-loudeac-un-livre-sur-loudeac-et-ses-ecoles","status":"publish","type":"post","link":"https:\/\/www.europesays.com\/fr\/575771\/","title":{"rendered":"\u00ab\u00a0Pendant longtemps, i l y a eu de l\u2019instruction mais pas d\u2019enseignement secondaire \u00e0 Loud\u00e9ac\u00a0\u00bb\u00a0 : un livre sur Loud\u00e9ac et ses \u00e9coles"},"content":{"rendered":"<p>Pourquoi avoir choisi cette th\u00e9matique de l\u2019\u00e9cole \u00e0 Loud\u00e9ac entre 1800 et 2025 pour votre dernier livre\u00a0?<\/p>\n<p>Quand j\u2019ai \u00e9crit mon livre <a href=\"https:\/\/ecrivainsbretons.org\/book\/un-amour-decole\/\" target=\"_blank\" rel=\"noopener\">\u00ab\u00a0Un amour d\u2018\u00e9cole\u00a0\u00bb<\/a> en 2011, j\u2019avais remarqu\u00e9 en fouillant dans les archives d\u00e9partementales et communales qu\u2019il y avait une \u00e9volution de la scolarisation des Loud\u00e9aciens avec des prises de position des maires de l\u2019\u00e9poque, et que cela avait des cons\u00e9quences sur l\u2019\u00e9volution de la ville.<\/p>\n<p>Quel est l\u2019objectif de ce livre sur lequel vous avez travaill\u00e9 durant quatre ann\u00e9es\u00a0?<\/p>\n<p>Je veux faire conna\u00eetre Loud\u00e9ac \u00e0 travers l\u2019histoire et surtout montrer pourquoi la ville ne s\u2019est pas d\u00e9velopp\u00e9e comme elle aurait d\u00fb \u00e0 un moment donn\u00e9, contrairement \u00e0 d\u2019autres villes du d\u00e9partement. Il y a eu des oppositions ou des \u00ab\u00a0loup\u00e9s\u00a0\u00bb sur des implantations d\u2019\u00e9coles ou de formations. Pendant longtemps, il y a eu de l\u2019instruction mais pas d\u2019enseignement secondaire \u00e0 Loud\u00e9ac comme dans d\u2019autres villes. Le lyc\u00e9e \u00e0 Loud\u00e9ac, c\u2019est seulement en 1959 avec l\u2019ouverture de la premi\u00e8re sixi\u00e8me\u00a0! Tout cela a frein\u00e9 le d\u00e9veloppement \u00e9conomique de la ville.<\/p>\n<p>Comment se construit votre livre\u00a0?<\/p>\n<p>Il se construit chronologiquement depuis 1\u00a0800 jusqu\u2019\u00e0 aujourd\u2019hui. J\u2019ai mis en face de chaque \u00e9v\u00e9nement loud\u00e9acien le contexte historique de l\u2019\u00e9poque. Tout cela est illustr\u00e9 avec 80 photos, ce qui nous donne un aper\u00e7u de l\u2019\u00e9volution de Loud\u00e9ac sur le plan g\u00e9ographique mais aussi sur le plan de la pens\u00e9e. La situation des \u00e9coles sur la commune nous \u00e9claire sur la structure de la ville. Et puis donc sur la pens\u00e9e, avec le type d\u2019\u00e9cole construite\u00a0: \u00e9coles congr\u00e9ganistes publiques la\u00efques, priv\u00e9s au XIXe si\u00e8cle, jusqu\u2019\u00e0 se scinder entre \u00e9coles priv\u00e9es et publiques avec les lois de la\u00efcisation de Jules Ferry vers 1\u00a0891. On s\u2019aper\u00e7oit que les maires de Loud\u00e9ac privil\u00e9gient l\u2019implantation de l\u2019une ou de l\u2019autre.<\/p>\n<p>O\u00f9 \u00eates-vous all\u00e9 chercher la documentation pour \u00e9crire ce livre\u00a0?<\/p>\n<p>Durant quatre ann\u00e9es, je suis all\u00e9 aux archives municipales, d\u00e9partementales, mais \u00e9galement dans les \u00e9tablissements scolaires (Maison familiale rurale, lyc\u00e9e Saint-Joseph, Fulgence Bienven\u00fce, Xavier Grall). C\u00f4t\u00e9 photos, j\u2019en ai trouv\u00e9 des \u00e9tablissements. Dans le livre, on trouvera des photos du lyc\u00e9e Saint-Joseph, de la premi\u00e8re \u00e9cole Sainte-Anne rue de Cad\u00e9lac\u2026 On trouve aussi le nom des religieux et des enseignants au fur et \u00e0 mesure de l\u2019histoire.<\/p>\n<p>Pratique<\/p>\n<p class=\"note\">\u00ab\u00a0Loud\u00e9ac, histoire des \u00e9coles et de la formation de 1800 \u00e0 2025\u00a0\u00bb, 256 pages. Tarif\u00a0: 20 \u20ac, en vente \u00e0 partir du 9 d\u00e9cembre au Centre Leclerc, Super U, \u00e0 l\u2019Histoire sans fin et \u00e0 La Plume d\u2019or \u00e0 Loud\u00e9ac. Francis Lepioufle sera en d\u00e9dicace le 11 de 14\u00a0h \u00e0 18\u00a0h et le 19 d\u00e9cembre de 10\u00a0h \u00e0 12\u00a0h au Centre Leclerc, le 12 au Super U, le 13 \u00e0 La Plume d\u2019or, le 14 sur le march\u00e9 de No\u00ebl de Loud\u00e9ac et le 17 \u00e0 l\u2019Histoire sans fin.<\/p>\n","protected":false},"excerpt":{"rendered":"Pourquoi avoir choisi cette th\u00e9matique de l\u2019\u00e9cole \u00e0 Loud\u00e9ac entre 1800 et 2025 pour votre dernier livre\u00a0? Quand&hellip;\n","protected":false},"author":2,"featured_media":575772,"comment_status":"","ping_status":"","sticky":false,"template":"","format":"standard","meta":{"footnotes":""},"categories":[1586],"tags":[11,1777,674,1779,1011,27,2885,12,25,1778,364],"class_list":{"0":"post-575771","1":"post","2":"type-post","3":"status-publish","4":"format-standard","5":"has-post-thumbnail","7":"category-europe","8":"tag-actualites","9":"tag-eu","10":"tag-europe","11":"tag-european-union","12":"tag-fr","13":"tag-france","14":"tag-loudeac","15":"tag-news","16":"tag-republique-francaise","17":"tag-ue","18":"tag-union-europeenne"},"share_on_mastodon":{"url":"https:\/\/pubeurope.com\/@fr\/115656724648138857","error":""},"_links":{"self":[{"href":"https:\/\/www.europesays.com\/fr\/wp-json\/wp\/v2\/posts\/575771","targetHints":{"allow":["GET"]}}],"collection":[{"href":"https:\/\/www.europesays.com\/fr\/wp-json\/wp\/v2\/posts"}],"about":[{"href":"https:\/\/www.europesays.com\/fr\/wp-json\/wp\/v2\/types\/post"}],"author":[{"embeddable":true,"href":"https:\/\/www.europesays.com\/fr\/wp-json\/wp\/v2\/users\/2"}],"replies":[{"embeddable":true,"href":"https:\/\/www.europesays.com\/fr\/wp-json\/wp\/v2\/comments?post=575771"}],"version-history":[{"count":0,"href":"https:\/\/www.europesays.com\/fr\/wp-json\/wp\/v2\/posts\/575771\/revisions"}],"wp:featuredmedia":[{"embeddable":true,"href":"https:\/\/www.europesays.com\/fr\/wp-json\/wp\/v2\/media\/575772"}],"wp:attachment":[{"href":"https:\/\/www.europesays.com\/fr\/wp-json\/wp\/v2\/media?parent=575771"}],"wp:term":[{"taxonomy":"category","embeddable":true,"href":"https:\/\/www.europesays.com\/fr\/wp-json\/wp\/v2\/categories?post=575771"},{"taxonomy":"post_tag","embeddable":true,"href":"https:\/\/www.europesays.com\/fr\/wp-json\/wp\/v2\/tags?post=575771"}],"curies":[{"name":"wp","href":"https:\/\/api.w.org\/{rel}","templated":true}]}}