{"id":575780,"date":"2025-12-03T17:11:12","date_gmt":"2025-12-03T17:11:12","guid":{"rendered":"https:\/\/www.europesays.com\/fr\/575780\/"},"modified":"2025-12-03T17:11:12","modified_gmt":"2025-12-03T17:11:12","slug":"le-bulletin-2025-des-belges-3-3-des-grands-chelems-des-masters-et-de-la-jeunesse","status":"publish","type":"post","link":"https:\/\/www.europesays.com\/fr\/575780\/","title":{"rendered":"Le bulletin 2025 des Belges (3\/3)\u00a0: des Grands Chelems, des Masters et de la jeunesse\u2026"},"content":{"rendered":"<p><a href=\"https:\/\/www.dhnet.be\/sports\/tennis\/2025\/12\/03\/le-bulletin-2025-des-belges-23-voici-pourquoi-tout-le-monde-a-le-sourire-sauf-david-goffin-5F24C3GF6ZD6JDBIACPGTMOODE\/\" target=\"_self\" class=\"ap-StoryInterstitialLink ap-StoryElement ap-StoryElement--mb js-paywall-target\" rel=\"noopener\">Le bulletin 2025 des Belges (2\/3) : voici pourquoi tout le monde a le sourire sauf David Goffin<\/a>Jeline Vandromme (WTA 331\/18 ans) : 8\/10<\/p>\n<p class=\"ap-StoryElement ap-StoryElement--mb ap-StoryText\">Difficile de trouver des points n\u00e9gatifs \u00e0 la saison de celle qui est pr\u00e9sent\u00e9e comme le futur porte-drapeau du tennis belge. Chez les juniors, la Brugeoise a remport\u00e9 l&rsquo;US Open et le Masters pour terminer l&rsquo;ann\u00e9e deuxi\u00e8me mondiale. Chez les pros, au c\u0153ur de l&rsquo;\u00e9t\u00e9, elle a enregistr\u00e9 une s\u00e9rie de 17 victoires cons\u00e9cutives pour s&rsquo;adjuger trois tournois d&rsquo;entr\u00e9e de gamme dans le monde des adultes. Ce qui explique, en partie, qu&rsquo;elle soit d\u00e9j\u00e0 pass\u00e9e de la 1 036e place \u00e0 la WTA \u00e0 la 331e. Et on n&rsquo;oubliera pas ses victoires en Billie Jean King Cup contre la France et l&rsquo;Allemagne.<\/p>\n<p>Hanne Vandewinkel (WTA 126\/21 ans) : 7\/10<\/p>\n<p class=\"ap-StoryElement ap-StoryElement--mb ap-StoryText\">Un jeu qui se met en place et qui correspond \u00e0 son temp\u00e9rament, un premier titre WTA sur le 125 de Tampico au Mexique et une r\u00e9gularit\u00e9 plus pr\u00e9sente dans les performances. Voil\u00e0 les ingr\u00e9dients qui expliquent la belle progression de la native de Bree qui a gagn\u00e9 une centaine de places au ranking mondial (WTA 225 \u00e0 126). Cerise sur le g\u00e2teau : son r\u00f4le crucial lors des barrages de la Billie Jean King Cup o\u00f9 ses victoires en simple contre la Turquie et l&rsquo;Allemagne ont permis \u00e0 la Belgique de rejoindre le groupe mondial.<\/p>\n<p>Sofia Costoulas (WTA 153\/20 ans) : 7\/10<\/p>\n<p class=\"ap-StoryElement ap-StoryElement--mb ap-StoryText\">Apr\u00e8s une ann\u00e9e 2024 o\u00f9 elle n&rsquo;est pas parvenue \u00e0 progresser, Sofia Costoulas a repris sa marche en avant en 2025 en gagnant 140 places au ranking de la WTA. Son meilleur moment fut sa victoire sur le tournoi ITF 75 de Calvi en avril. Collectivement, la Limbourgeoise, finaliste de l&rsquo;Australian Open juniors en 2022, a particip\u00e9 activement au beau parcours de la Belgique en Billie Jean King Cup. Par contre, comme Hanne Vandewinkel, elle n&rsquo;est jamais sortie des qualifications des Grands Chelems.<\/p>\n<p><a href=\"https:\/\/www.dhnet.be\/sports\/tennis\/2025\/12\/02\/le-bulletin-2025-des-belges-13-pas-de-justine-ou-de-kim-mais-une-nouvelle-dynamique-MSKL3W6AUFHO7BBPLC5M5BF4HQ\/\" target=\"_self\" class=\"ap-StoryInterstitialLink ap-StoryElement ap-StoryElement--mb\" rel=\"noopener\">Le bulletin 2025 des Belges (1\/3) : pas de Justine ou de Kim mais une nouvelle dynamique<\/a>Greet Minnen (WTA 120\/28 ans) : 5\/10<\/p>\n<p class=\"ap-StoryElement ap-StoryElement--mb ap-StoryText\">Malgr\u00e9 un titre sur le gazon du WTA 125 de Birmingham en juin, la saison de la Limbourgeoise, touch\u00e9e au dos \u00e0 Wimbledon, ne fut pas une grande r\u00e9ussite. Ce qui explique d&rsquo;ailleurs sa sortie du top 100 (WTA 96 en janvier) apr\u00e8s une ann\u00e9e o\u00f9 elle n&rsquo;a jamais pass\u00e9 le premier tour sur les tournois du Grand Chelem. Apr\u00e8s deux saisons (2023-2024) de qualit\u00e9, l&rsquo;ancienne joueuse de Philippe Dehaes a connu douze mois plus compliqu\u00e9s.<\/p>\n<p><a href=\"https:\/\/www.dhnet.be\/sports\/omnisports\/2025\/04\/02\/sofia-costoulas-fete-ses-20-ans-ou-en-est-lancienne-finaliste-de-laustralian-open-juniors-le-chemin-est-long-et-on-le-savait-MJGJREXY2JEYDGVNFYMIOMNJXM\/\" target=\"_self\" class=\"ap-StoryInterstitialLink ap-StoryElement ap-StoryElement--mb\" rel=\"noopener\">Sofia Costoulas et ses 20 ans&#8230;<\/a><\/p>\n","protected":false},"excerpt":{"rendered":"Le bulletin 2025 des Belges (2\/3) : voici pourquoi tout le monde a le sourire sauf David GoffinJeline&hellip;\n","protected":false},"author":2,"featured_media":575781,"comment_status":"","ping_status":"","sticky":false,"template":"","format":"standard","meta":{"footnotes":""},"categories":[1415],"tags":[1011,27,18551,18552,60,1467,45665,4173],"class_list":{"0":"post-575780","1":"post","2":"type-post","3":"status-publish","4":"format-standard","5":"has-post-thumbnail","7":"category-tennis","8":"tag-fr","9":"tag-france","10":"tag-limbourg","11":"tag-province-de-limbourg","12":"tag-sports","13":"tag-tennis","14":"tag-us-open-de-tennis","15":"tag-wimbledon"},"share_on_mastodon":{"url":"https:\/\/pubeurope.com\/@fr\/115656752021529241","error":""},"_links":{"self":[{"href":"https:\/\/www.europesays.com\/fr\/wp-json\/wp\/v2\/posts\/575780","targetHints":{"allow":["GET"]}}],"collection":[{"href":"https:\/\/www.europesays.com\/fr\/wp-json\/wp\/v2\/posts"}],"about":[{"href":"https:\/\/www.europesays.com\/fr\/wp-json\/wp\/v2\/types\/post"}],"author":[{"embeddable":true,"href":"https:\/\/www.europesays.com\/fr\/wp-json\/wp\/v2\/users\/2"}],"replies":[{"embeddable":true,"href":"https:\/\/www.europesays.com\/fr\/wp-json\/wp\/v2\/comments?post=575780"}],"version-history":[{"count":0,"href":"https:\/\/www.europesays.com\/fr\/wp-json\/wp\/v2\/posts\/575780\/revisions"}],"wp:featuredmedia":[{"embeddable":true,"href":"https:\/\/www.europesays.com\/fr\/wp-json\/wp\/v2\/media\/575781"}],"wp:attachment":[{"href":"https:\/\/www.europesays.com\/fr\/wp-json\/wp\/v2\/media?parent=575780"}],"wp:term":[{"taxonomy":"category","embeddable":true,"href":"https:\/\/www.europesays.com\/fr\/wp-json\/wp\/v2\/categories?post=575780"},{"taxonomy":"post_tag","embeddable":true,"href":"https:\/\/www.europesays.com\/fr\/wp-json\/wp\/v2\/tags?post=575780"}],"curies":[{"name":"wp","href":"https:\/\/api.w.org\/{rel}","templated":true}]}}