{"id":575782,"date":"2025-12-03T17:15:17","date_gmt":"2025-12-03T17:15:17","guid":{"rendered":"https:\/\/www.europesays.com\/fr\/575782\/"},"modified":"2025-12-03T17:15:17","modified_gmt":"2025-12-03T17:15:17","slug":"charente-limousine-saint-projet-le-programme-2026-actualite","status":"publish","type":"post","link":"https:\/\/www.europesays.com\/fr\/575782\/","title":{"rendered":"Charente Limousine \/ Saint-Projet : Le programme 2026 &#8211; Actualit\u00e9"},"content":{"rendered":"<p style=\"text-align: justify;\">Organis\u00e9es par l\u2019UA La Rochefoucauld, les deux courses \u00c9lite Nationale charentaises, le Tour de Charente Limousine et le Prix Saint-Projet \u00e0 La Rochefoucauld-en-Angoumois auront lieu en 2026 les 11 et 12 avril.<\/p>\n<p>La 8e \u00e9dition du Tour de Charente Limousine partira de Massignac, pour une partie en ligne de 124 kilom\u00e8tres, avant un circuit final \u00e0 faire \u00e0 quatre reprises autour des lacs de Haute-Charente. 169 kilom\u00e8tres seront au programme. <strong><a href=\"https:\/\/www.directvelo.com\/epreuve\/45815\/tour-de-la-charente-limousine-2025\" target=\"_blank\" rel=\"noopener\">Le vainqueur succ\u00e9dera \u00e0 Louis Hardouin<\/a><\/strong>, qui passe pendant l\u2019intersaison du Guidon Chalettois \u00e0 la Continentale Van Rysel-Roubaix.<\/p>\n<p>Le lendemain, place \u00e0 la 8e \u00e9dition du Prix de Saint-Projet \u00e0 La Rochefoucauld-en-Angoumois. Le programme est inchang\u00e9 par rapport aux ann\u00e9es pr\u00e9c\u00e9dentes, avec 12 tours de 11,9 km. Cette ann\u00e9e,\u00a0<strong><a href=\"https:\/\/www.directvelo.com\/actualite\/119712\/prix-de-saint-projet-a-la-rochefoucauld-en-angoumois-classement\" target=\"_blank\" rel=\"noopener\">c\u2019est Artus Jaladeau (GSC Blagnac VS 31) qui a lev\u00e9 les bras<\/a><\/strong> apr\u00e8s 142,8 kilom\u00e8tres de course.<\/p>\n","protected":false},"excerpt":{"rendered":"Organis\u00e9es par l\u2019UA La Rochefoucauld, les deux courses \u00c9lite Nationale charentaises, le Tour de Charente Limousine et le&hellip;\n","protected":false},"author":2,"featured_media":575783,"comment_status":"","ping_status":"","sticky":false,"template":"","format":"standard","meta":{"footnotes":""},"categories":[1411],"tags":[834,828,836,829,837,827,83,826,824,823,1154,207,814,817,815,816,822,821,832,211,839,1011,27,820,818,819,835,831,830,833,838,60,212,208,825],"class_list":{"0":"post-575782","1":"post","2":"type-post","3":"status-publish","4":"format-standard","5":"has-post-thumbnail","7":"category-cyclisme","8":"tag-attaque","9":"tag-belgique","10":"tag-braquet","11":"tag-bretagne","12":"tag-chute","13":"tag-competition","14":"tag-coupe-de-france","15":"tag-coureur","16":"tag-course-cyclisme","17":"tag-course-cycliste","18":"tag-cycling","19":"tag-cyclisme","20":"tag-direct","21":"tag-direct-velo","22":"tag-directvelo","23":"tag-directvelo-com","24":"tag-epreuve","25":"tag-epreuve-cycliste","26":"tag-federation-francaise-de-cyclisme","27":"tag-ffc","28":"tag-flandres","29":"tag-fr","30":"tag-france","31":"tag-live","32":"tag-live-course","33":"tag-live-epreuve","34":"tag-peloton","35":"tag-radio-peloton","36":"tag-radio-tour","37":"tag-ravitaillement","38":"tag-relance","39":"tag-sports","40":"tag-uci","41":"tag-velo","42":"tag-velos"},"share_on_mastodon":{"url":"https:\/\/pubeurope.com\/@fr\/115656767914430743","error":""},"_links":{"self":[{"href":"https:\/\/www.europesays.com\/fr\/wp-json\/wp\/v2\/posts\/575782","targetHints":{"allow":["GET"]}}],"collection":[{"href":"https:\/\/www.europesays.com\/fr\/wp-json\/wp\/v2\/posts"}],"about":[{"href":"https:\/\/www.europesays.com\/fr\/wp-json\/wp\/v2\/types\/post"}],"author":[{"embeddable":true,"href":"https:\/\/www.europesays.com\/fr\/wp-json\/wp\/v2\/users\/2"}],"replies":[{"embeddable":true,"href":"https:\/\/www.europesays.com\/fr\/wp-json\/wp\/v2\/comments?post=575782"}],"version-history":[{"count":0,"href":"https:\/\/www.europesays.com\/fr\/wp-json\/wp\/v2\/posts\/575782\/revisions"}],"wp:featuredmedia":[{"embeddable":true,"href":"https:\/\/www.europesays.com\/fr\/wp-json\/wp\/v2\/media\/575783"}],"wp:attachment":[{"href":"https:\/\/www.europesays.com\/fr\/wp-json\/wp\/v2\/media?parent=575782"}],"wp:term":[{"taxonomy":"category","embeddable":true,"href":"https:\/\/www.europesays.com\/fr\/wp-json\/wp\/v2\/categories?post=575782"},{"taxonomy":"post_tag","embeddable":true,"href":"https:\/\/www.europesays.com\/fr\/wp-json\/wp\/v2\/tags?post=575782"}],"curies":[{"name":"wp","href":"https:\/\/api.w.org\/{rel}","templated":true}]}}