{"id":575788,"date":"2025-12-03T17:18:15","date_gmt":"2025-12-03T17:18:15","guid":{"rendered":"https:\/\/www.europesays.com\/fr\/575788\/"},"modified":"2025-12-03T17:18:15","modified_gmt":"2025-12-03T17:18:15","slug":"on-est-bloques-cinq-communes-des-cotes-darmor-affectees-par-la-radiation-dun-cabinet-darchitecte","status":"publish","type":"post","link":"https:\/\/www.europesays.com\/fr\/575788\/","title":{"rendered":"\u00ab\u00a0On est bloqu\u00e9s\u00a0\u00bb\u00a0: cinq communes des C\u00f4tes-d\u2019Armor affect\u00e9es par la radiation d\u2019un cabinet d\u2019architecte"},"content":{"rendered":"<p>Cinq communes du Tr\u00e9gor costarmoricain ont r\u00e9sili\u00e9 leur contrat, ou sont en passe de le faire, avec un cabinet d\u2019architecte radi\u00e9 par l\u2019Ordre des architectes, le 12 septembre 2025. Pour le foyer m\u00e9dical \u00e0 Pleumeur-Gautier, la salle des f\u00eates \u00e0 Calanhel, la maison des associations \u00e0 Duault, la salle associative \u00e0 Tr\u00e9grom ou la maison pluridisciplinaire de sant\u00e9 \u00e0 Louargat, les chantiers publics sont impact\u00e9s par cette radiation.<\/p>\n<p>\u00ab\u00a0On allait lancer l\u2019appel d\u2019offres (pour les travaux), je pense qu\u2019on va perdre six mois\u00a0!\u00a0\u00bb, regrette le maire de Louargat, Herv\u00e9 L\u2019H\u00e9v\u00e9der. \u00ab\u00a0On n\u2019avait pas encore d\u00e9pos\u00e9 le permis, pr\u00e9cise, de son c\u00f4t\u00e9, le maire de Tr\u00e9grom, Jean-Fran\u00e7ois Le\u00a0Bras. Cette salle est un besoin, or on est bloqu\u00e9\u00a0\u00bb, le temps de trouver un nouvel architecte et de r\u00e9enclencher les d\u00e9marches. \u00c0 <a href=\"https:\/\/www.letelegramme.fr\/cotes-d-armor\/pleumeur-gautier-22740\/reprise-du-chantier-du-foyer-municipal-et-questions-techniques-au-dernier-conseil-municipal-6916227.php\" target=\"_blank\" rel=\"noopener\">Pleumeur-Gautier<\/a>, <a href=\"https:\/\/www.letelegramme.fr\/cotes-d-armor\/duault-22160\/a-duault-il-faut-trouver-un-nouvel-architecte-pour-le-chantier-de-salle-des-associations-6930982.php\" target=\"_blank\" rel=\"noopener\">Duault<\/a> et Calanhel, les chantiers avaient d\u00e9marr\u00e9. Ils sont \u00e0 l\u2019arr\u00eat dans les deux derni\u00e8res communes, o\u00f9 l\u2019agacement s\u2019invite aussi.<\/p>\n<p><img decoding=\"async\" src=\"https:\/\/www.europesays.com\/fr\/wp-content\/uploads\/2025\/12\/69304829a631e313420da044.1.jpeg\" width=\"480\" height=\"300\" class=\"web_golden_m\" loading=\"lazy\" alt=\"Le chantier de la salle des associations de Duault est avanc\u00e9 \u00e0 50\u00a0%.\"\/>Le chantier de la salle des associations de Duault est avanc\u00e9 \u00e0 50\u00a0%. (Photo Le T\u00e9l\u00e9gramme\/Mael Moizant)L\u2019Ordre des architectes avait fait un rappel \u00e0 la loi<\/p>\n<p>Une sixi\u00e8me commune \u00e9tait concern\u00e9e mais, \u00e0 Guingamp, \u00ab\u00a0pas d\u2019inqui\u00e9tude particuli\u00e8re, pr\u00e9cise Jean-Luc Daniel (Guingamp Habitat). On trouvera un nouvel architecte en janvier\u00a0\u00bb pour l\u2019\u00celot Ollivro\u2026 Dont le chantier dans le centre-ville est de toute fa\u00e7on interrompu <a href=\"https:\/\/www.letelegramme.fr\/cotes-d-armor\/guingamp-22200\/cest-la-mauvaise-surprise-a-guingamp-des-fouilles-preventives-stoppent-le-chantier-de-lilot-ollivro-6930676.php\" target=\"_blank\" rel=\"noopener\">pour des fouilles arch\u00e9ologiques<\/a>.<\/p>\n<p>L\u2019Ordre des architectes de Bretagne a lev\u00e9 le voile sur les raisons de la radiation de ce cabinet d\u2019architecte implant\u00e9 \u00e0 Cavan et rachet\u00e9, en janvier, par le Groupe D (*). \u00ab La loi de 1977 est faite pour que des architectes dirigent les cabinets d\u2019architecture\u00a0\u00bb, assume l\u2019Ordre. Qu\u2019ils en soient les actionnaires majoritaires et les d\u00e9cideurs op\u00e9rationnels. \u00ab\u00a0Monsieur D. n\u2019est pas architecte. Il ne pouvait pas \u00eatre pr\u00e9sident du cabinet, ce qu\u2019il \u00e9tait apr\u00e8s la reprise, ni l\u2019unique directeur g\u00e9n\u00e9ral, ce qu\u2019ils ont fait pendant l\u2019\u00e9t\u00e9. Fin ao\u00fbt, on leur a pourtant redit que le montage n\u2019\u00e9tait pas possible\u2026\u00a0\u00bb<\/p>\n<p>Apr\u00e8s des \u00ab\u00a0mois d\u2019\u00e9changes compliqu\u00e9s\u00a0\u00bb, l\u2019Ordre de Bretagne a donc radi\u00e9 le cabinet, le 12 septembre. Contact\u00e9s, l\u2019ancien propri\u00e9taire du cabinet et l\u2019acqu\u00e9reur n\u2019ont pas souhait\u00e9 r\u00e9agir publiquement. Un architecte des Hauts-de-France, qui avait, jusqu\u2019en septembre, des parts dans la soci\u00e9t\u00e9, n\u2019a, lui, pas r\u00e9pondu \u00e0 nos sollicitations.<\/p>\n<p>Cinq salari\u00e9s sans salaire<\/p>\n<p>Outre les communes impact\u00e9es, les cinq salari\u00e9s du cabinet ne sont plus pay\u00e9s depuis le mois d\u2019octobre et n\u2019ont plus de bureaux \u00e0 Cavan, depuis le 20 novembre. Ils sont dans l\u2019expectative et sans missions. Le Groupe D n\u2019a plus le droit d\u2019exercer les comp\u00e9tences r\u00e9serv\u00e9es aux architectes. Une radiation qui n\u2019est pas irr\u00e9m\u00e9diable, pr\u00e9vient l\u2019Ordre de Bretagne, \u00ab\u00a0si la soci\u00e9t\u00e9 retrouve un architecte qui accepte d\u2019\u00eatre actionnaire et de la piloter\u00a0\u00bb.<\/p>\n<p class=\"note\">* Le Groupe D a r\u00e9cemment modifi\u00e9 son organigramme et d\u00e9m\u00e9nag\u00e9 son si\u00e8ge social de Cavan (C\u00f4tes-d\u2019Armor) \u00e0 Drancy (Seine-Saint-Denis).<\/p>\n","protected":false},"excerpt":{"rendered":"Cinq communes du Tr\u00e9gor costarmoricain ont r\u00e9sili\u00e9 leur contrat, ou sont en passe de le faire, avec un&hellip;\n","protected":false},"author":2,"featured_media":575789,"comment_status":"","ping_status":"","sticky":false,"template":"","format":"standard","meta":{"footnotes":""},"categories":[1358],"tags":[1350,1348,1384,1385,829,69002,66446,2171,1386,58,69003,59,1011,27,4044,5862,69004,16048,69006,69005,1352],"class_list":{"0":"post-575788","1":"post","2":"type-post","3":"status-publish","4":"format-standard","5":"has-post-thumbnail","7":"category-arts-et-design","8":"tag-architecture","9":"tag-arts","10":"tag-arts-and-design","11":"tag-arts-et-design","12":"tag-bretagne","13":"tag-calanhel","14":"tag-cavan","15":"tag-cotes-darmor","16":"tag-design","17":"tag-divertissement","18":"tag-duault","19":"tag-entertainment","20":"tag-fr","21":"tag-france","22":"tag-guingamp","23":"tag-lannion","24":"tag-louargat","25":"tag-newsletter-aujourdhui-en-bretagne","26":"tag-pleumeur-gautier","27":"tag-tregrom","28":"tag-urbanisme"},"share_on_mastodon":{"url":"https:\/\/pubeurope.com\/@fr\/115656780713926248","error":""},"_links":{"self":[{"href":"https:\/\/www.europesays.com\/fr\/wp-json\/wp\/v2\/posts\/575788","targetHints":{"allow":["GET"]}}],"collection":[{"href":"https:\/\/www.europesays.com\/fr\/wp-json\/wp\/v2\/posts"}],"about":[{"href":"https:\/\/www.europesays.com\/fr\/wp-json\/wp\/v2\/types\/post"}],"author":[{"embeddable":true,"href":"https:\/\/www.europesays.com\/fr\/wp-json\/wp\/v2\/users\/2"}],"replies":[{"embeddable":true,"href":"https:\/\/www.europesays.com\/fr\/wp-json\/wp\/v2\/comments?post=575788"}],"version-history":[{"count":0,"href":"https:\/\/www.europesays.com\/fr\/wp-json\/wp\/v2\/posts\/575788\/revisions"}],"wp:featuredmedia":[{"embeddable":true,"href":"https:\/\/www.europesays.com\/fr\/wp-json\/wp\/v2\/media\/575789"}],"wp:attachment":[{"href":"https:\/\/www.europesays.com\/fr\/wp-json\/wp\/v2\/media?parent=575788"}],"wp:term":[{"taxonomy":"category","embeddable":true,"href":"https:\/\/www.europesays.com\/fr\/wp-json\/wp\/v2\/categories?post=575788"},{"taxonomy":"post_tag","embeddable":true,"href":"https:\/\/www.europesays.com\/fr\/wp-json\/wp\/v2\/tags?post=575788"}],"curies":[{"name":"wp","href":"https:\/\/api.w.org\/{rel}","templated":true}]}}