{"id":575790,"date":"2025-12-03T17:20:21","date_gmt":"2025-12-03T17:20:21","guid":{"rendered":"https:\/\/www.europesays.com\/fr\/575790\/"},"modified":"2025-12-03T17:20:21","modified_gmt":"2025-12-03T17:20:21","slug":"exclu-star-academy-pour-theo-l-cette-eleve-chouchou-du-public-a-toutes-ses-chances-de-remporter-laventure","status":"publish","type":"post","link":"https:\/\/www.europesays.com\/fr\/575790\/","title":{"rendered":"EXCLU Star Academy : Pour Th\u00e9o L, cette \u00e9l\u00e8ve, chouchou du public, a toutes ses chances de remporter l&rsquo;aventure"},"content":{"rendered":"<p>                <img loading=\"lazy\" decoding=\"async\" src=\"https:\/\/www.europesays.com\/fr\/wp-content\/uploads\/2025\/09\/31-60dc2a3faf6f5-35x35-1.jpg\" class=\"author-article-picture\" width=\"35\" height=\"35\"\/><\/p>\n<p>                    Par<\/p>\n<p>                                            <a class=\"author-article-bio-link\" href=\"https:\/\/www.purepeople.com\/auteur\/emma-vanpoulle_a31\" target=\"_blank\" rel=\"noopener\">Emma Vanpoulle<\/a><\/p>\n<p>                    |<\/p>\n<p>                                            R\u00e9dactrice<\/p>\n<p>\n                Particuli\u00e8rement nulle en math\u00e9matiques \u00e0 l&rsquo;\u00e9cole, mon parcours professionnel m&rsquo;a naturellement conduit vers la voie de l&rsquo;\u00e9criture. Un BAC L en poche, j&rsquo;ai d\u00e9cid\u00e9 de mettre mes comp\u00e9tences au service du journalisme et je me suis rapidement dirig\u00e9e vers le people. Et plus particuli\u00e8rement vers les personnalit\u00e9s t\u00e9l\u00e9. Avec moi, d\u00e9couvrez tous les secrets du petit \u00e9cran !\n            <\/p>\n<p>\n    Th\u00e9o L a fait son choix : ce sont ces deux \u00e9l\u00e8ves de la \u00ab\u00a0Star Academy\u00a0\u00bb qu&rsquo;il imagine bien aller au bout de l&rsquo;aventure. C&rsquo;est ce qu&rsquo;il nous confie en interview pour \u00ab\u00a0Purepeople\u00a0\u00bb. Et l&rsquo;un d&rsquo;entre eux est \u00e9galement tr\u00e8s appr\u00e9ci\u00e9 du public !\n<\/p>\n<p>                            <img loading=\"lazy\" decoding=\"async\" class=\"player-thumbnail\" src=\"https:\/\/www.europesays.com\/fr\/wp-content\/uploads\/2025\/12\/1a3cacf31f827840-580x326-1.jpg\" width=\"580\" height=\"326\"\/><\/p>\n<p>                            EXCLU Star Academy : Pour Th\u00e9o L, cette \u00e9l\u00e8ve, chouchou du public, a toutes ses chances de remporter l&rsquo;aventure<\/p>\n<p>La suite apr\u00e8s la publicit\u00e9<\/p>\n<p>Voil\u00e0 d\u00e9j\u00e0 presque deux mois que la nouvelle saison de la <a href=\"https:\/\/www.purepeople.com\/article\/star-academy-2025-date-casting-nouveautes-toutes-les-informations-sur-la-nouvelle-saison_a542820\/1\" target=\"_blank\" rel=\"noopener\">Star Academy<\/a> a commenc\u00e9 sur TF1. Au d\u00e9part, ils \u00e9taient 17 \u00e9l\u00e8ves en comp\u00e9tition et six d&rsquo;entre eux ont quitt\u00e9 l&rsquo;aventure. <strong>Th\u00e9o L<\/strong> est justement le dernier \u00e0 avoir \u00e9t\u00e9 \u00e9limin\u00e9 et, \u00e0 cette occasion, il a r\u00e9pondu aux questions de Purepeople.com.<\/p>\n<p>Le jeune acad\u00e9micien de 23 ans a fait le point sur son beau parcours, avouant avoir notamment <a href=\"https:\/\/www.purepeople.com\/article\/exclu-je-savais-que-cetait-ma-bete-noire-theo-l-star-academy-se-livre-sur-la-vie-au-chateau-avec-les-autres-eleves_a545156\/1\" target=\"_blank\" rel=\"noopener\">eu du mal avec la vie en communaut\u00e9<\/a>. Il s&rsquo;est aussi livr\u00e9 sur <a href=\"https:\/\/www.purepeople.com\/article\/exclu-apres-sa-sortie-de-la-star-academy-theo-l-fait-le-point-sur-ce-quil-vit-avec-leane-on-ne-sait-meme-pas-nous-meme-ou-ca-en-est_a545188\/1\" target=\"_blank\" rel=\"noopener\">sa relation avec L\u00e9ane<\/a>, celle qui a \u00e9t\u00e9 son bin\u00f4me au sein du ch\u00e2teau Dammarie-les-Lys. Mais ce n&rsquo;est pas tout, alors que les semaines d\u00e9filent et que les talents de chacun se pr\u00e9cisent, Th\u00e9o L a donn\u00e9 son impression autour de la finale de la Star Academy. Selon lui, <strong>deux \u00e9l\u00e8ves se d\u00e9marquent <\/strong>et pourraient bien aller jusqu&rsquo;au bout.<\/p>\n<p>Les \u00ab\u00a0deux coups de coeur vocaux\u00a0\u00bb de Th\u00e9o L<\/p>\n<p>\u00ab\u00a0Je n&rsquo;ai pas de favori, je pense qu\u2019on ne peut pas savoir mais si je devais donner une sorte de pronostic,<strong> je dirai qu\u2019Ambre a ses chances et Anouk aussi<\/strong>\u00ab\u00a0, nous a-t-il d\u00e9clar\u00e9. Et de justifier sa r\u00e9ponse : \u00ab\u00a0Ambre parce que c\u2019est un talent brut et qu\u2019elle est faite pour \u00e7a et Anouk parce qu\u2019elle comprend tr\u00e8s rapidement ce qu\u2019on lui explique et qu\u2019elle a beaucoup de d\u00e9termination et qu\u2019elle se bat. Mais comme je l\u2019ai dit dans ma lettre, <strong>ce sont mes deux coups de c\u0153ur vocaux<\/strong>.\u00a0\u00bb<\/p>\n<p>Th\u00e9o L partage donc l&rsquo;avis de beaucoup de fans de la Star Academy qui imaginent tr\u00e8s bien aussi l&rsquo;une ou l&rsquo;autre d\u00e9crocher la victoire et succ\u00e9der \u00e0 Marine. C&rsquo;est apparemment <a href=\"https:\/\/www.purepeople.com\/article\/star-academy-2025-quel-candidat-de-cette-saison-est-le-plus-apprecie-du-public-on-a-la-reponse_a545051\/1\" target=\"_blank\" rel=\"noopener\">Anouk qui est m\u00eame la plus pl\u00e9biscit\u00e9e par le public<\/a>, cette jeune belge de 20 ans <a href=\"https:\/\/www.purepeople.com\/article\/portrait-star-academy-2025-anouk-20-ans-nest-pas-une-inconnue-dans-son-pays-elle-a-ete-finaliste-dans-une-autre-emission_a543782\/1\" target=\"_blank\" rel=\"noopener\">d\u00e9j\u00e0 connue dans son pays<\/a>. En effet, si l\u2019on regarde le nombre d\u2019abonn\u00e9s sur les r\u00e9seaux sociaux, on peut constater qu&rsquo;elle est l&rsquo;\u00e9l\u00e8ve de sa promotion la plus suivie <strong>avec 149k<\/strong> inscrit au compteur.<\/p>\n<p><strong>Contenu exclusif ne pouvant \u00eatre repris sans la mention <\/strong><strong>Purepeople.<\/strong><\/p>\n","protected":false},"excerpt":{"rendered":"Par Emma Vanpoulle | R\u00e9dactrice Particuli\u00e8rement nulle en math\u00e9matiques \u00e0 l&rsquo;\u00e9cole, mon parcours professionnel m&rsquo;a naturellement conduit vers&hellip;\n","protected":false},"author":2,"featured_media":575791,"comment_status":"","ping_status":"","sticky":false,"template":"","format":"standard","meta":{"footnotes":""},"categories":[1356],"tags":[58,59,1011,27,252,1364],"class_list":{"0":"post-575790","1":"post","2":"type-post","3":"status-publish","4":"format-standard","5":"has-post-thumbnail","7":"category-television","8":"tag-divertissement","9":"tag-entertainment","10":"tag-fr","11":"tag-france","12":"tag-television","13":"tag-tv"},"share_on_mastodon":{"url":"https:\/\/pubeurope.com\/@fr\/115656788292358361","error":""},"_links":{"self":[{"href":"https:\/\/www.europesays.com\/fr\/wp-json\/wp\/v2\/posts\/575790","targetHints":{"allow":["GET"]}}],"collection":[{"href":"https:\/\/www.europesays.com\/fr\/wp-json\/wp\/v2\/posts"}],"about":[{"href":"https:\/\/www.europesays.com\/fr\/wp-json\/wp\/v2\/types\/post"}],"author":[{"embeddable":true,"href":"https:\/\/www.europesays.com\/fr\/wp-json\/wp\/v2\/users\/2"}],"replies":[{"embeddable":true,"href":"https:\/\/www.europesays.com\/fr\/wp-json\/wp\/v2\/comments?post=575790"}],"version-history":[{"count":0,"href":"https:\/\/www.europesays.com\/fr\/wp-json\/wp\/v2\/posts\/575790\/revisions"}],"wp:featuredmedia":[{"embeddable":true,"href":"https:\/\/www.europesays.com\/fr\/wp-json\/wp\/v2\/media\/575791"}],"wp:attachment":[{"href":"https:\/\/www.europesays.com\/fr\/wp-json\/wp\/v2\/media?parent=575790"}],"wp:term":[{"taxonomy":"category","embeddable":true,"href":"https:\/\/www.europesays.com\/fr\/wp-json\/wp\/v2\/categories?post=575790"},{"taxonomy":"post_tag","embeddable":true,"href":"https:\/\/www.europesays.com\/fr\/wp-json\/wp\/v2\/tags?post=575790"}],"curies":[{"name":"wp","href":"https:\/\/api.w.org\/{rel}","templated":true}]}}