{"id":575795,"date":"2025-12-03T17:23:14","date_gmt":"2025-12-03T17:23:14","guid":{"rendered":"https:\/\/www.europesays.com\/fr\/575795\/"},"modified":"2025-12-03T17:23:14","modified_gmt":"2025-12-03T17:23:14","slug":"cheveux-blancs-loin-detre-un-signe-de-vieillesse-ils-jouent-un-role-vital-et-seraient-une-protection-contre-le-cancer-selon-une-etude","status":"publish","type":"post","link":"https:\/\/www.europesays.com\/fr\/575795\/","title":{"rendered":"Cheveux blancs : loin d\u2019\u00eatre un signe de vieillesse, ils jouent un r\u00f4le vital et seraient une protection contre le cancer, selon une \u00e9tude"},"content":{"rendered":"<p>Les cheveux blancs, souvent per\u00e7us comme<br \/>\nun simple signe de vieillissement, pourraient en r\u00e9alit\u00e9 indiquer<br \/>\nun puissant m\u00e9canisme de d\u00e9fense contre le cancer. Une \u00e9tude<br \/>\nr\u00e9cente r\u00e9v\u00e8le que les m\u00e8ches argent\u00e9es r\u00e9sultent d&rsquo;un processus<br \/>\ncellulaire visant \u00e0 pr\u00e9venir la formation de tumeurs.<\/p>\n<p>Cheveux blancs : ils<br \/>\npourraient r\u00e9v\u00e9ler un puissant m\u00e9canisme naturel de d\u00e9fense contre<br \/>\nle cancer<\/p>\n<p data-start=\"354\" data-end=\"832\">Si vous regardez vos cheveux<br \/>\nblancs avec une pointe d\u2019agacement, cette d\u00e9couverte pourrait bien<br \/>\nchanger votre perception. Selon une nouvelle \u00e9tude publi\u00e9e dans<br \/>\n<strong data-start=\"514\" data-end=\"537\">Nature Cell<br \/>\nBiology<\/strong>, l\u2019apparition de cheveux blancs ou gris serait le<br \/>\nr\u00e9sultat\u2026 d\u2019un <strong data-start=\"603\" data-end=\"647\">m\u00e9canisme de<br \/>\nprotection<\/strong> <a href=\"https:\/\/www.pleinevie.fr\/sante\/80-des-malades-avaient-des-signes-avant-leur-diagnostic-voici-les-signes-de-cancer-que-tous-les-patients-ignorent-177571.html\" target=\"_blank\" rel=\"noopener\"><br \/>\ncontre le cancer<\/a>. Oui, vous avez bien lu : ces m\u00e8ches argent\u00e9es<br \/>\nne seraient pas qu\u2019un simple signe de vieillissement, mais la trace<br \/>\nd\u2019un sacrifice cellulaire destin\u00e9 \u00e0 emp\u00eacher la formation de<br \/>\ntumeurs.<\/p>\n<p>Pourquoi nos cheveux<br \/>\nblanchissent vraiment ?<\/p>\n<p data-start=\"892\" data-end=\"1060\">Jusqu\u2019ici, on savait que l\u2019\u00e2ge,<br \/>\nle stress ou encore la g\u00e9n\u00e9tique favorisent <a href=\"https:\/\/www.pleinevie.fr\/bien-etre-forme\/beaute\/voici-la-veritable-raison-derriere-les-rides-et-le-vieillissement-cutanee-ce-ne-sont-pas-les-genes-mais-bien-votre-169427.html\" target=\"_blank\" rel=\"noopener\"><br \/>\nla perte de pigment<\/a>. Mais les chercheurs ont d\u00e9couvert une<br \/>\nexplication bien plus profonde, indique <a href=\"https:\/\/www.sciencesetavenir.fr\/sante\/cancer\/les-cheveux-blancs-seraient-le-signe-d-un-mecanisme-de-defense-contre-le-cancer_188956\" target=\"_blank\" rel=\"noopener\"><br \/>\nSciences &amp; Avenir<\/a>. Nos cheveux sont color\u00e9s gr\u00e2ce aux<br \/>\n<strong data-start=\"1097\" data-end=\"1132\">cellules souches<br \/>\nm\u00e9lanocytaires<\/strong> (McSCs), situ\u00e9es dans le follicule pileux.<br \/>\n\u00c0 chaque nouvelle pousse, elles fabriquent les m\u00e9lanocytes, qui<br \/>\ndonnent leur couleur aux cheveux et \u00e0 la peau. Sauf qu\u2019au fil de la<br \/>\nvie, ces cellules souches subissent elles aussi des dommages :<br \/>\npollution, rayons UV, stress oxydatif\u2026 Leur ADN peut \u00eatre alt\u00e9r\u00e9,<br \/>\nparfois gravement.<\/p>\n<p>Quand l\u2019ADN est trop<br \/>\nab\u00eem\u00e9, les cellules se sacrifieraient<\/p>\n<p data-start=\"1530\" data-end=\"1696\">En cas de l\u00e9sions s\u00e9v\u00e8res,<br \/>\nnotamment les <strong data-start=\"1572\" data-end=\"1598\">cassures<br \/>\n\u201cdouble-brin\u201d<\/strong>, les plus dangereuses, les McSCs,<br \/>\nenclenchent un m\u00e9canisme radical : la <strong data-start=\"1671\" data-end=\"1695\">s\u00e9no-diff\u00e9renciation<\/strong>. En clair, la cellule<br \/>\ncesse d\u00e9finitivement d\u2019\u00eatre une cellule souche, elle se diff\u00e9rencie<br \/>\npuis elle dispara\u00eet.<\/p>\n<p data-start=\"1826\" data-end=\"1928\">Et comme plus aucune cellule<br \/>\nn\u2019est disponible pour produire des pigments, <strong data-start=\"1900\" data-end=\"1927\">le cheveu devient blanc<\/strong>. Le Dr<br \/>\nYasuaki Mohri, de l\u2019Universit\u00e9 de Tokyo, r\u00e9sume : \u201cLe cheveu gris en lui-m\u00eame ne prot\u00e8ge pas<br \/>\ndu cancer. Mais il r\u00e9sulte d\u2019un m\u00e9canisme qui \u00e9limine des cellules<br \/>\npotentiellement dangereuses.\u201d Autrement dit, un cheveu blanc<br \/>\nest peut-\u00eatre la marque visible d\u2019un geste de survie<br \/>\nmicroscopique.<\/p>\n<p>Quand ce m\u00e9canisme \u00e9choue, le risque tumoral<br \/>\ngrimpe<\/p>\n<p data-start=\"2298\" data-end=\"2447\">Dans certaines situations, les<br \/>\nMcSCs endommag\u00e9es ne se sacrifient pas. Pourquoi ? \u00c0 cause d\u2019une<br \/>\nmol\u00e9cule produite dans la peau : le <strong data-start=\"2432\" data-end=\"2446\">KIT ligand<\/strong>. Elle emp\u00eache la<br \/>\ns\u00e9no-diff\u00e9renciation et pousse les cellules \u00e0 se renouveler malgr\u00e9<br \/>\nleur ADN ab\u00eem\u00e9. Et c\u2019est pr\u00e9cis\u00e9ment ce genre de d\u00e9r\u00e9gulation qui<br \/>\npeut conduire \u00e0 un <strong data-start=\"2622\" data-end=\"2661\">environnement favorable aux tumeurs<\/strong>.<\/p>\n<p>Un ph\u00e9nom\u00e8ne peut-\u00eatre<br \/>\npr\u00e9sent partout dans le corps<\/p>\n<p data-start=\"2730\" data-end=\"2817\">Les chercheurs pensent que ce<br \/>\nm\u00e9canisme d\u2019auto-\u00e9limination existe dans d\u2019autres tissus.<br \/>\n\u00ab\u00a0Nous pensons que cette<br \/>\nr\u00e9action est universelle dans de nombreux organes\u00a0\u00bb, indique<br \/>\nYasuaki Mohri. Le blanchiment des cheveux ne serait donc que la<br \/>\npartie visible d\u2019un vaste syst\u00e8me de s\u00e9curit\u00e9 qui prot\u00e8ge<br \/>\nl\u2019organisme des cellules devenues risqu\u00e9es.<\/p>\n<p>Voir ses cheveux blancs<br \/>\nautrement<\/p>\n<p data-start=\"3116\" data-end=\"3189\">Loin de n\u2019\u00eatre qu\u2019un signe de<br \/>\nl\u2019\u00e2ge, les cheveux blancs pourraient \u00eatre :<\/p>\n<ul data-start=\"3191\" data-end=\"3335\">\n<li data-start=\"3191\" data-end=\"3237\">\n<p data-start=\"3193\" data-end=\"3237\">un <strong data-start=\"3196\" data-end=\"3234\">indicateur de vigilance biologique<\/strong>,<\/p>\n<\/li>\n<li data-start=\"3238\" data-end=\"3278\">\n<p data-start=\"3240\" data-end=\"3278\">un <strong data-start=\"3243\" data-end=\"3275\">m\u00e9canisme naturel anticancer<\/strong>,<\/p>\n<\/li>\n<li data-start=\"3279\" data-end=\"3335\">\n<p data-start=\"3281\" data-end=\"3335\">le r\u00e9sultat d\u2019un<br \/>\n<strong data-start=\"3298\" data-end=\"3334\">processus de s\u00e9curit\u00e9<br \/>\ncellulaire<\/strong>.<\/p>\n<\/li>\n<\/ul>\n<p data-start=\"3337\" data-end=\"3552\">Un cheveu gris traduit<br \/>\npeut-\u00eatre que votre organisme a choisi la prudence en \u00e9liminant une<br \/>\ncellule ab\u00eem\u00e9e plut\u00f4t que de risquer une d\u00e9rive canc\u00e9reuse. Une<br \/>\nvision qui donne \u00e0 ces reflets argent\u00e9s\u2026 un tout autre sens.<\/p>\n","protected":false},"excerpt":{"rendered":"Les cheveux blancs, souvent per\u00e7us comme un simple signe de vieillissement, pourraient en r\u00e9alit\u00e9 indiquer un puissant m\u00e9canisme&hellip;\n","protected":false},"author":2,"featured_media":575796,"comment_status":"","ping_status":"","sticky":false,"template":"","format":"standard","meta":{"footnotes":""},"categories":[10],"tags":[10281,1011,27,72,71],"class_list":{"0":"post-575795","1":"post","2":"type-post","3":"status-publish","4":"format-standard","5":"has-post-thumbnail","7":"category-sante","8":"tag-buzz-nonli","9":"tag-fr","10":"tag-france","11":"tag-health","12":"tag-sante"},"share_on_mastodon":{"url":"https:\/\/pubeurope.com\/@fr\/115656799425774988","error":""},"_links":{"self":[{"href":"https:\/\/www.europesays.com\/fr\/wp-json\/wp\/v2\/posts\/575795","targetHints":{"allow":["GET"]}}],"collection":[{"href":"https:\/\/www.europesays.com\/fr\/wp-json\/wp\/v2\/posts"}],"about":[{"href":"https:\/\/www.europesays.com\/fr\/wp-json\/wp\/v2\/types\/post"}],"author":[{"embeddable":true,"href":"https:\/\/www.europesays.com\/fr\/wp-json\/wp\/v2\/users\/2"}],"replies":[{"embeddable":true,"href":"https:\/\/www.europesays.com\/fr\/wp-json\/wp\/v2\/comments?post=575795"}],"version-history":[{"count":0,"href":"https:\/\/www.europesays.com\/fr\/wp-json\/wp\/v2\/posts\/575795\/revisions"}],"wp:featuredmedia":[{"embeddable":true,"href":"https:\/\/www.europesays.com\/fr\/wp-json\/wp\/v2\/media\/575796"}],"wp:attachment":[{"href":"https:\/\/www.europesays.com\/fr\/wp-json\/wp\/v2\/media?parent=575795"}],"wp:term":[{"taxonomy":"category","embeddable":true,"href":"https:\/\/www.europesays.com\/fr\/wp-json\/wp\/v2\/categories?post=575795"},{"taxonomy":"post_tag","embeddable":true,"href":"https:\/\/www.europesays.com\/fr\/wp-json\/wp\/v2\/tags?post=575795"}],"curies":[{"name":"wp","href":"https:\/\/api.w.org\/{rel}","templated":true}]}}