{"id":575803,"date":"2025-12-03T17:27:26","date_gmt":"2025-12-03T17:27:26","guid":{"rendered":"https:\/\/www.europesays.com\/fr\/575803\/"},"modified":"2025-12-03T17:27:26","modified_gmt":"2025-12-03T17:27:26","slug":"dans-les-pays-les-plus-pauvres-le-remboursement-de-la-dette-siphonne-les-ressources-destinees-au-developpement","status":"publish","type":"post","link":"https:\/\/www.europesays.com\/fr\/575803\/","title":{"rendered":"Dans les pays les plus pauvres, le remboursement de la dette siphonne les ressources destin\u00e9es au d\u00e9veloppement"},"content":{"rendered":"<p>                     <img loading=\"lazy\" decoding=\"async\" src=\"https:\/\/www.europesays.com\/fr\/wp-content\/uploads\/2025\/12\/c8686fc_upload-1-1bzq1irdw6dw-063-2240975661.jpg\" alt=\"Des militants \u00e9cologistes, d\u00e9guis\u00e9s en Ajay Banga (\u00e0 gauche), pr\u00e9sident de la Banque mondiale, et en Donald Trump (\u00e0 droite), devant le si\u00e8ge du Fonds mon\u00e9taire international et du Groupe de la Banque mondiale, o\u00f9 se tient la r\u00e9union annuelle,\u00a0\u00e0 Washington, le 16\u00a0octobre 2025.\"   width=\"664\" height=\"443\"\/>    Des militants \u00e9cologistes, d\u00e9guis\u00e9s en Ajay Banga (\u00e0 gauche), pr\u00e9sident de la Banque mondiale, et en Donald Trump (\u00e0 droite), devant le si\u00e8ge du Fonds mon\u00e9taire international et du Groupe de la Banque mondiale, o\u00f9 se tient la r\u00e9union annuelle,\u00a0\u00e0 Washington, le 16\u00a0octobre 2025.  ANDREW HARNIK \/ GETTY IMAGES VIA AFP                 <\/p>\n<p class=\"article__paragraph  \">La crise qui menace les pays \u00e0 bas et moyen revenu n\u2019est plus seulement celle de la dette mais du financement de leur d\u00e9veloppement. Le rapport annuel sur la dette de la Banque mondiale, publi\u00e9 mercredi 3\u00a0d\u00e9cembre, montre que, pour la troisi\u00e8me ann\u00e9e de suite, ces derniers d\u00e9pensent davantage pour rembourser leur dette ext\u00e9rieure qu\u2019ils ne re\u00e7oivent de financements pour se d\u00e9velopper. Un solde n\u00e9gatif, qui a atteint 205,1\u00a0milliards de dollars\u00a0(176\u00a0milliards d\u2019euros) en\u00a02024, et m\u00eame 741\u00a0milliards de dollars si l\u2019on y ajoute les soldes des deux ann\u00e9es pr\u00e9c\u00e9dentes. Soit l\u2019\u00e9cart le plus important depuis au moins cinquante ans. \u00ab\u00a0La hausse du co\u00fbt du service de la dette absorbe une part croissante des recettes publiques, ce qui risque de r\u00e9duire les d\u00e9penses de sant\u00e9, d\u2019\u00e9ducation et d\u2019infrastructures \u2013\u00a0et d\u2019entamer les perspectives de croissance\u00a0\u00bb, avertit la Banque mondiale.<\/p>\n<p>                                   Lire le d\u00e9cryptage |  Article r\u00e9serv\u00e9 \u00e0 nos abonn\u00e9s  <a href=\"https:\/\/www.lemonde.fr\/economie\/article\/2025\/06\/30\/les-pays-pauvres-etrangles-par-le-poids-de-la-dette_6616943_3234.html\" class=\"js-article-read-also catcher--favoris__link\" data-premium=\"1\" id=\"article-title-3429130\" target=\"_blank\" rel=\"noopener\">Les pays pauvres \u00e9trangl\u00e9s par le poids de la dette<\/a>    <\/p>\n<p>   Lire plus tard  <\/p>\n<p class=\"article__paragraph  \">Le groupe de pays \u00e9tudi\u00e9 est toutefois tr\u00e8s h\u00e9t\u00e9rog\u00e8ne puisqu\u2019il comprend \u00e0 la fois la Chine, deuxi\u00e8me puissance \u00e9conomique de la plan\u00e8te, et Ha\u00efti, l\u2019un des pays les plus pauvres. Si l\u2019on s\u2019int\u00e9resse aux 78\u00a0pays les plus vuln\u00e9rables, ceux qui sont b\u00e9n\u00e9ficiaires du fonds de l\u2019Association internationale de d\u00e9veloppement de la Banque mondiale, la situation est pr\u00e9occupante. Entre\u00a02014 et\u00a02024, la part de la dette d\u00e9tenue par des cr\u00e9anciers priv\u00e9s est celle qui a augment\u00e9 le plus rapidement. En\u00a02024, ces derniers ont pr\u00eat\u00e9 \u00e0 ces Etats 22,3\u00a0milliards de dollars, soit le tiers de leurs nouveaux pr\u00eats, un montant qui a doubl\u00e9 par rapport \u00e0 l\u2019ann\u00e9e pr\u00e9c\u00e9dente. Or, ces pr\u00eats sont plus co\u00fbteux et de plus courte dur\u00e9e.<\/p>\n<p class=\"reading-mode-only \"><strong>Il vous reste 66.68% de cet article \u00e0 lire. La suite est r\u00e9serv\u00e9e aux abonn\u00e9s.<\/strong><\/p>\n","protected":false},"excerpt":{"rendered":"Des militants \u00e9cologistes, d\u00e9guis\u00e9s en Ajay Banga (\u00e0 gauche), pr\u00e9sident de la Banque mondiale, et en Donald Trump&hellip;\n","protected":false},"author":2,"featured_media":575804,"comment_status":"","ping_status":"","sticky":false,"template":"","format":"standard","meta":{"footnotes":""},"categories":[6],"tags":[35,33,34,1011,27],"class_list":{"0":"post-575803","1":"post","2":"type-post","3":"status-publish","4":"format-standard","5":"has-post-thumbnail","7":"category-economie","8":"tag-business","9":"tag-economie","10":"tag-economy","11":"tag-fr","12":"tag-france"},"share_on_mastodon":{"url":"https:\/\/pubeurope.com\/@fr\/115656815274082678","error":""},"_links":{"self":[{"href":"https:\/\/www.europesays.com\/fr\/wp-json\/wp\/v2\/posts\/575803","targetHints":{"allow":["GET"]}}],"collection":[{"href":"https:\/\/www.europesays.com\/fr\/wp-json\/wp\/v2\/posts"}],"about":[{"href":"https:\/\/www.europesays.com\/fr\/wp-json\/wp\/v2\/types\/post"}],"author":[{"embeddable":true,"href":"https:\/\/www.europesays.com\/fr\/wp-json\/wp\/v2\/users\/2"}],"replies":[{"embeddable":true,"href":"https:\/\/www.europesays.com\/fr\/wp-json\/wp\/v2\/comments?post=575803"}],"version-history":[{"count":0,"href":"https:\/\/www.europesays.com\/fr\/wp-json\/wp\/v2\/posts\/575803\/revisions"}],"wp:featuredmedia":[{"embeddable":true,"href":"https:\/\/www.europesays.com\/fr\/wp-json\/wp\/v2\/media\/575804"}],"wp:attachment":[{"href":"https:\/\/www.europesays.com\/fr\/wp-json\/wp\/v2\/media?parent=575803"}],"wp:term":[{"taxonomy":"category","embeddable":true,"href":"https:\/\/www.europesays.com\/fr\/wp-json\/wp\/v2\/categories?post=575803"},{"taxonomy":"post_tag","embeddable":true,"href":"https:\/\/www.europesays.com\/fr\/wp-json\/wp\/v2\/tags?post=575803"}],"curies":[{"name":"wp","href":"https:\/\/api.w.org\/{rel}","templated":true}]}}