{"id":575805,"date":"2025-12-03T17:29:24","date_gmt":"2025-12-03T17:29:24","guid":{"rendered":"https:\/\/www.europesays.com\/fr\/575805\/"},"modified":"2025-12-03T17:29:24","modified_gmt":"2025-12-03T17:29:24","slug":"ukraine-le-kremlin-dit-que-ses-recents-succes-militaires-ont-influe-sur-les-pourparlers-03-12-2025-a-1738","status":"publish","type":"post","link":"https:\/\/www.europesays.com\/fr\/575805\/","title":{"rendered":"Ukraine: le Kremlin dit que ses r\u00e9cents \u00ab\u00a0succ\u00e8s\u00a0\u00bb militaires ont influ\u00e9 sur les pourparlers &#8211; 03\/12\/2025 \u00e0 17:38"},"content":{"rendered":"<p>        <img decoding=\"async\" src=\"https:\/\/www.europesays.com\/fr\/wp-content\/uploads\/2025\/12\/82ecd27d2c1e7bc7b4fd35fc8c34abb2-760x490.jpg\" alt=\"Sur cette photo distribu\u00e9e par l'agence publique russe Spoutnik, le pr\u00e9sident russe Vladimir Poutine et le conseiller diplomatique du Kremlin Iouri Ouchakov lors d'une rencontre avec l'\u00e9missaire am\u00e9ricain Steve Witkoff, le 2 d\u00e9cembre 2025 \u00e0 Moscou  ( POOL \/ Alexander KAZAKOV )\" loading=\"eager\" fetchpriority=\"high\" width=\"760\" height=\"490\" style=\"max-width: 100%!important; height: auto;\"\/><\/p>\n<p class=\"c-image-news__legend\">Sur cette photo distribu\u00e9e par l&rsquo;agence publique russe Spoutnik, le pr\u00e9sident russe Vladimir Poutine et le conseiller diplomatique du Kremlin Iouri Ouchakov lors d&rsquo;une rencontre avec l&rsquo;\u00e9missaire am\u00e9ricain Steve Witkoff, le 2 d\u00e9cembre 2025 \u00e0 Moscou  ( POOL \/ Alexander KAZAKOV )<\/p>\n<p>\n Le Kremlin a estim\u00e9 mercredi que les r\u00e9cents \u00ab\u00a0succ\u00e8s\u00a0\u00bb de l&rsquo;arm\u00e9e russe sur le front en Ukraine, o\u00f9 elle grignote du terrain de fa\u00e7on continue, avaient \u00ab\u00a0influenc\u00e9\u00a0\u00bb les pourparlers russo-am\u00e9ricains de mardi, qui n&rsquo;ont d\u00e9bouch\u00e9 sur aucune perc\u00e9e.\n<\/p>\n<p>\n Moscou et Kiev se sont d\u00e9clar\u00e9s mercredi pr\u00eats \u00e0 poursuivre les pourparlers sur le conflit en Ukraine, au lendemain de cette r\u00e9union en Russie entre le pr\u00e9sident russe Vladimir Poutine et l&rsquo;\u00e9missaire am\u00e9ricain Steve Witkoff. Les Europ\u00e9ens ont eux estim\u00e9 que le dirigeant russe montrait qu&rsquo;il ne voulait pas la paix.\n<\/p>\n<p>\n Ces derni\u00e8res semaines, Washington cherche \u00e0 faire adopter un plan de paix par les deux camps. Mais la recherche d&rsquo;un compromis est tr\u00e8s difficile, alors que sur le front l&rsquo;arm\u00e9e russe continue d&rsquo;avancer lentement malgr\u00e9 des pertes significatives.\n<\/p>\n<p>\n Lundi, elle a revendiqu\u00e9 la prise de la ville de Pokrovsk dans l&rsquo;est de l&rsquo;Ukraine, un carrefour cl\u00e9 pour Kiev. Les observateurs militaires du projet DeepState, proches des forces ukrainiennes, confirment qu&rsquo;une grande partie de la ville est sous contr\u00f4le russe, mais pas son enti\u00e8ret\u00e9.\n<\/p>\n<p>\n Le 7e corps d&rsquo;assaut a\u00e9roport\u00e9 ukrainien, qui d\u00e9fend ce secteur, a affirm\u00e9 mercredi que les forces russes \u00e9taient \u00ab\u00a0emp\u00eatr\u00e9es\u00a0\u00bb dans des combats urbains \u00e0 Pokrovsk et diffusaient de \u00ab\u00a0la d\u00e9sinformation\u00a0\u00bb sur \u00ab\u00a0la pr\u00e9tendue prise de Pokrovsk\u00a0\u00bb.\n<\/p>\n<p> &#8211; Pas de \u00ab\u00a0compromis\u00a0\u00bb &#8211;<\/p>\n<p>\n Le conseiller diplomatique du pr\u00e9sident russe, Iouri Ouchakov, a n\u00e9anmoins assur\u00e9 mercredi que \u00ab\u00a0les succ\u00e8s des derni\u00e8res semaines\u00a0\u00bb de l&rsquo;arm\u00e9e russe avaient \u00ab\u00a0influenc\u00e9 le d\u00e9roulement\u00a0\u00bb des n\u00e9gociations avec Washington.\n<\/p>\n<p>\n Selon lui, ils ont \u00ab\u00a0contribu\u00e9 \u00e0 rendre plus ad\u00e9quates les \u00e9valuations des moyens de r\u00e8glement pacifique\u00a0\u00bb du conflit d\u00e9clench\u00e9 par l&rsquo;attaque de l&rsquo;Ukraine lanc\u00e9e en 2022 par le Kremlin.\n<\/p>\n<p>\n Selon M. Ouchakov, \u00ab\u00a0la question cl\u00e9\u00a0\u00bb d&rsquo;une participation de Kiev \u00e0 l&rsquo;Otan &#8211; \u00e0 laquelle s&rsquo;oppose cat\u00e9goriquement Moscou &#8211; a par ailleurs \u00e9t\u00e9 \u00e9voqu\u00e9e lors des discussions, alors que les ministres des Affaires \u00e9trang\u00e8res des pays de l&rsquo;Alliance \u00e9voquent mercredi \u00e0 Bruxelles ces efforts de paix.\n<\/p>\n<p>\n Le n\u00e9gociateur de Kiev, Roustem Oumerov, a indiqu\u00e9 avoir rencontr\u00e9 mercredi \u00e0 Bruxelles des repr\u00e9sentants europ\u00e9ens , notamment fran\u00e7ais, allemands et britanniques, ainsi que des repr\u00e9sentants de l&rsquo;UE et de l&rsquo;Otan. Apr\u00e8s Bruxelles, ce n\u00e9gociateur doit ensuite entamer \u00ab\u00a0les pr\u00e9paratifs\u00a0\u00bb d&rsquo;une r\u00e9union aux Etats-Unis avec les \u00e9missaires de Donald Trump, a annonc\u00e9 le dirigeant Volodymyr Zelensky, sans plus de d\u00e9tails.\n<\/p>\n<p>\n M. Oumerov, accompagn\u00e9 d&rsquo;une d\u00e9l\u00e9gation ukrainienne, avait d\u00e9j\u00e0 men\u00e9 dimanche des pourparlers en Floride sur ce plan de paix.\n<\/p>\n<p>\n Cette intense activit\u00e9 diplomatique n&rsquo;a pas permis pour l&rsquo;heure de parvenir \u00e0 un accord, en particulier sur la question cl\u00e9 des territoires: Moscou veut notamment que Kiev lui c\u00e8de enti\u00e8rement la r\u00e9gion de Donetsk, dans l&rsquo;est de l&rsquo;Ukraine, qui est toujours l&rsquo;\u00e9picentre des combats.\n<\/p>\n<p>\n L&rsquo;\u00e9missaire am\u00e9ricain Steve Witkoff, accompagn\u00e9 du gendre du pr\u00e9sident am\u00e9ricain Donald Trump, Jared Kushner, s&rsquo;est entretenu mardi pendant pr\u00e8s de cinq heures au Kremlin avec Vladimir Poutine \u00e0 propos de ce plan pr\u00e9sent\u00e9 par Washington il y a deux semaines et depuis retravaill\u00e9 lors de consultations avec les Ukrainiens.\n<\/p>\n<\/p>\n<p>\n Sur la question des territoires contr\u00f4l\u00e9s par la Russie en Ukraine, qui repr\u00e9sentent environ 19% du pays, \u00ab\u00a0aucune solution de compromis n&rsquo;a encore \u00e9t\u00e9 choisie\u00a0\u00bb, m\u00eame si \u00ab\u00a0certaines propositions am\u00e9ricaines peuvent \u00eatre discut\u00e9es\u00a0\u00bb, avait ensuite d\u00e9clar\u00e9 mardi soir Iouri Ouchakov.\n<\/p>\n<p>\n \u00ab\u00a0Nous avons pu nous mettre d&rsquo;accord sur certains points (&#8230;), d&rsquo;autres ont suscit\u00e9 des critiques\u00a0\u00bb, avait-t-il ajout\u00e9, saluant n\u00e9anmoins une discussion \u00ab\u00a0constructive\u00a0\u00bb.\n<\/p>\n<p>\n Pour sa part, le porte-parole de la pr\u00e9sidence russe, Dmitri Peskov, a affirm\u00e9 mercredi que Moscou \u00e9tait pr\u00eat \u00e0 rencontrer \u00ab\u00a0autant que n\u00e9cessaire\u00a0\u00bb des responsables am\u00e9ricains pour trouver une issue \u00e0 la guerre.\n<\/p>\n<p> &#8211; \u00ab\u00a0Inepties du Kremlin\u00a0\u00bb &#8211;<\/p>\n<p>        <img decoding=\"async\" src=\"https:\/\/www.europesays.com\/fr\/wp-content\/uploads\/2025\/12\/f3a5207a9744e2c881a77d4eec448fe9-760x507.jpg\" alt=\"Le pr\u00e9sident ukrainien Volodymyr Zelensky lors d'une conf\u00e9rence de presse \u00e0 Dublin, le 2 d\u00e9cembre 2025 ( AFP \/ Paul Faith )\" loading=\"eager\" fetchpriority=\"high\" width=\"760\" height=\"507\" style=\"max-width: 100%!important; height: auto;\"\/><\/p>\n<p class=\"c-image-news__legend\">Le pr\u00e9sident ukrainien Volodymyr Zelensky lors d&rsquo;une conf\u00e9rence de presse \u00e0 Dublin, le 2 d\u00e9cembre 2025 ( AFP \/ Paul Faith )<\/p>\n<p>\n Quelques heures avant sa rencontre avec les Am\u00e9ricains, Vladimir Poutine avait menac\u00e9 les Europ\u00e9ens, les accusant de chercher \u00e0 \u00ab\u00a0emp\u00eacher\u00a0\u00bb les efforts de Washington pour arr\u00eater le conflit.\n<\/p>\n<p>\n \u00ab\u00a0Nous n&rsquo;avons pas l&rsquo;intention de faire la guerre \u00e0 l&rsquo;Europe, mais si l&rsquo;Europe le souhaite et commence, nous sommes pr\u00eats d\u00e8s maintenant\u00a0\u00bb, avait-il lanc\u00e9.\n<\/p>\n<p>\n \u00ab\u00a0Voil\u00e0 encore des inepties du Kremlin, venant d&rsquo;un pr\u00e9sident qui ne prend pas la paix au s\u00e9rieux\u00a0\u00bb, a r\u00e9agi mercredi le porte-parole du Premier ministre britannique Keir Starmer, tandis que la diplomatie allemande a jug\u00e9 que la Russie n&rsquo;\u00e9tait pas \u00ab\u00a0en mode n\u00e9gociation\u00a0\u00bb pour trouver une issue diplomatique au conflit.\n<\/p>\n<\/p>\n<p>\n La pr\u00e9sidente de la Commission europ\u00e9enne, Ursula von der Leyen, a pour sa part pr\u00e9sent\u00e9 mercredi \u00e0 Bruxelles le plan de l&rsquo;UE pour financer l&rsquo;Ukraine sur deux ans et la \u00ab\u00a0mettre en position de force\u00a0\u00bb dans les n\u00e9gociations avec Moscou.\n<\/p>\n<p>\n Les Europ\u00e9ens craignent que l&rsquo;administration Trump, soup\u00e7onn\u00e9e de complaisance vis-\u00e0-vis de Vladimir Poutine, ne sacrifie la souverainet\u00e9 de l&rsquo;Ukraine, consid\u00e9r\u00e9e comme un rempart face \u00e0 la Russie.\n<\/p>\n<p>\n Un accord a par ailleurs \u00e9t\u00e9 trouv\u00e9 pour interdire toutes les importations de gaz russe dans l&rsquo;UE \u00e0 l&rsquo;automne 2027, afin de priver Moscou d&rsquo;une manne qui finance sa guerre.<\/p>\n","protected":false},"excerpt":{"rendered":"Sur cette photo distribu\u00e9e par l&rsquo;agence publique russe Spoutnik, le pr\u00e9sident russe Vladimir Poutine et le conseiller diplomatique&hellip;\n","protected":false},"author":2,"featured_media":575806,"comment_status":"","ping_status":"","sticky":false,"template":"","format":"standard","meta":{"footnotes":""},"categories":[5],"tags":[400,11,398,408,405,1011,27,403,14,402,399,404,12,401,406,407,28],"class_list":{"0":"post-575805","1":"post","2":"type-post","3":"status-publish","4":"format-standard","5":"has-post-thumbnail","7":"category-international","8":"tag-action-cac-40","9":"tag-actualites","10":"tag-bourse-de-paris","11":"tag-boursorama","12":"tag-cotations","13":"tag-fr","14":"tag-france","15":"tag-indices-devises","16":"tag-international","17":"tag-investir","18":"tag-investissement","19":"tag-marche-boursier","20":"tag-news","21":"tag-sicav","22":"tag-trackers","23":"tag-warrants","24":"tag-world"},"share_on_mastodon":{"url":"https:\/\/pubeurope.com\/@fr\/115656824277095742","error":""},"_links":{"self":[{"href":"https:\/\/www.europesays.com\/fr\/wp-json\/wp\/v2\/posts\/575805","targetHints":{"allow":["GET"]}}],"collection":[{"href":"https:\/\/www.europesays.com\/fr\/wp-json\/wp\/v2\/posts"}],"about":[{"href":"https:\/\/www.europesays.com\/fr\/wp-json\/wp\/v2\/types\/post"}],"author":[{"embeddable":true,"href":"https:\/\/www.europesays.com\/fr\/wp-json\/wp\/v2\/users\/2"}],"replies":[{"embeddable":true,"href":"https:\/\/www.europesays.com\/fr\/wp-json\/wp\/v2\/comments?post=575805"}],"version-history":[{"count":0,"href":"https:\/\/www.europesays.com\/fr\/wp-json\/wp\/v2\/posts\/575805\/revisions"}],"wp:featuredmedia":[{"embeddable":true,"href":"https:\/\/www.europesays.com\/fr\/wp-json\/wp\/v2\/media\/575806"}],"wp:attachment":[{"href":"https:\/\/www.europesays.com\/fr\/wp-json\/wp\/v2\/media?parent=575805"}],"wp:term":[{"taxonomy":"category","embeddable":true,"href":"https:\/\/www.europesays.com\/fr\/wp-json\/wp\/v2\/categories?post=575805"},{"taxonomy":"post_tag","embeddable":true,"href":"https:\/\/www.europesays.com\/fr\/wp-json\/wp\/v2\/tags?post=575805"}],"curies":[{"name":"wp","href":"https:\/\/api.w.org\/{rel}","templated":true}]}}