{"id":575808,"date":"2025-12-03T17:31:25","date_gmt":"2025-12-03T17:31:25","guid":{"rendered":"https:\/\/www.europesays.com\/fr\/575808\/"},"modified":"2025-12-03T17:31:25","modified_gmt":"2025-12-03T17:31:25","slug":"la-programmation-tv-des-32es-de-finale-federation-francaise-de-football-fff","status":"publish","type":"post","link":"https:\/\/www.europesays.com\/fr\/575808\/","title":{"rendered":"La programmation TV des 32es de finale | F\u00e9d\u00e9ration Fran\u00e7aise de Football (FFF)"},"content":{"rendered":"<p>                                                              <img data-twic-src=\"https:\/\/www.europesays.com\/fr\/wp-content\/uploads\/2025\/12\/9ad4b46f835f7937f2a63f6b085e85b3.jpg\" data-credit=\"Daniel DERAJINSKI \/ ICON SPORT\" title=\"Daniel DERAJINSKI \/ ICON SPORT\" alt=\"Coupe de France 8e tour diffuseur TV\" class=\"block\"\/>                                        <\/p>\n<p style=\"font-weight: bold\">La FFF a communiqu\u00e9 la programmation TV des 32es de finale de la Coupe de France Cr\u00e9dit Agricole, qui se tiendront du vendredi 19 au dimanche 21 d\u00e9cembre.<\/p>\n<p>Apr\u00e8s <a href=\"https:\/\/www.fff.fr\/article\/15861-toutes-les-affiches-des-32es-de-finale.html\" target=\"_blank\" rel=\"noopener\">le tirage au sort effectu\u00e9 lundi soir au Parc des Princes<\/a>, la diffusion TV des affiches des 32es de finale de la Coupe de France Cr\u00e9dit Agricole sur beIN SPORTS et France T\u00e9l\u00e9visions a \u00e9t\u00e9 \u00e9tablie.<\/p>\n<p>Les retransmissions d\u00e9buteront vendredi 19 d\u00e9cembre avec un multiplex de six rencontres \u00e0 20h45 sur beIN SPORT 2 tandis que le match RC Lens (L1) &#8211; Entente Feignies Aulnoye FC (N2) sera \u00e0 suivre \u00e0 partir de 21 heures sur beIN SPORT 1.\u00a0<\/p>\n<p><img decoding=\"async\" src=\"https:\/\/www.europesays.com\/fr\/wp-content\/uploads\/2025\/12\/a4f181313020f64fe71960dd9f78a806.jpg\" alt=\"\"\/><\/p>\n<p>Samedi 20 d\u00e9cembre, deux multiplex s&rsquo;encha\u00eeneront sur beIN SPORT 1. Le premier \u00e0 15h30 verra notamment le Petit Poucet Intermarch\u00e9, le FC Freyming (R2), recevoir l&rsquo;US Chantilly (N2) ou encore le dernier repr\u00e9sentant ultramarin Le Gosier (R1) se mesurer aux pros du FC Lorient (L1), une rencontre \u00e9galement diffus\u00e9e sur Guadeloupe Premi\u00e8re. Le second multiplex d\u00e9butera \u00e0 18h00.<\/p>\n<p>Les matches directeurs, \u00e0 suivre sur beIN SPORT 2, seront respectivement US Saint-Maur Lusitanos (N2) &#8211; LOSC Lille (L1) \u00e0 15h30 puis Lyon La Duch\u00e8re (N3)-Toulouse FC (L1) \u00e0 18h00. Pour clore cette journ\u00e9e, le Paris-SG, double tenant du titre, ira d\u00e9fier Vend\u00e9e Fontenay Foot (N3) \u00e0 21 heures (en direct sur beIN SPORT 1).\u00a0<\/p>\n<p><img decoding=\"async\" src=\"https:\/\/www.europesays.com\/fr\/wp-content\/uploads\/2025\/12\/ae77ea476f7c1ff7ec6eb12394b7e663.jpg\" alt=\"\"\/><\/p>\n<p>Les premiers matches du dimanche 21 d\u00e9cembre, pr\u00e9vus \u00e0 14h45, seront co-diffus\u00e9s par France TV et beIN SPORTS. Sur France 3 et beIN SPORT 1, le match directeur sera Bourg-en-Bresse P\u00e9ronnas (N) &#8211; Olympique de Marseille (L1) avec quatre d\u00e9crochages en r\u00e9gion et un multiplex : OGC Nice (L1) &#8211; AS Saint-\u00c9tienne (L2) ; AJ Auxerre (L1) &#8211; AS Monaco (L1) ; RC Strasbourg Alsace (L1) &#8211; USL Dunkerque (L2) ; US Concarneau (N) &#8211; FC Nantes (L1).<\/p>\n<p>Suivra un autre multiplex sur beIN SPORT 1 \u00e0 17h30 avant le derby FC Saint-Cyr Collonges Mont d&rsquo;Or (R1) &#8211; Olympique Lyonnais (L1) \u00e0 21 heures. Le tirage au sort des 16es de finale aura \u00e9t\u00e9 effectu\u00e9 au pr\u00e9alable dans l&rsquo;\u00e9misson Jour de Coupe, \u00e0 partir de 19h45 sur beIN SPORT 1.\u00a0<\/p>\n<p><img decoding=\"async\" src=\"https:\/\/www.europesays.com\/fr\/wp-content\/uploads\/2025\/12\/b702521c871687731d254acf52676f62.jpg\" alt=\"\"\/><\/p>\n<p>\u00a0<\/p>\n<p><a href=\"https:\/\/billetterie.fff.fr\/fr\/coupe_de_france_credit_agricole\" target=\"_blank\" rel=\"noopener\">Les informations billetterie des 32es de finale<\/a>    <\/p>\n","protected":false},"excerpt":{"rendered":"La FFF a communiqu\u00e9 la programmation TV des 32es de finale de la Coupe de France Cr\u00e9dit Agricole,&hellip;\n","protected":false},"author":2,"featured_media":575809,"comment_status":"","ping_status":"","sticky":false,"template":"","format":"standard","meta":{"footnotes":""},"categories":[2],"tags":[11,85,1011,27,12],"class_list":{"0":"post-575808","1":"post","2":"type-post","3":"status-publish","4":"format-standard","5":"has-post-thumbnail","7":"category-actualites","8":"tag-actualites","9":"tag-fff","10":"tag-fr","11":"tag-france","12":"tag-news"},"share_on_mastodon":{"url":"https:\/\/pubeurope.com\/@fr\/115656832092128732","error":""},"_links":{"self":[{"href":"https:\/\/www.europesays.com\/fr\/wp-json\/wp\/v2\/posts\/575808","targetHints":{"allow":["GET"]}}],"collection":[{"href":"https:\/\/www.europesays.com\/fr\/wp-json\/wp\/v2\/posts"}],"about":[{"href":"https:\/\/www.europesays.com\/fr\/wp-json\/wp\/v2\/types\/post"}],"author":[{"embeddable":true,"href":"https:\/\/www.europesays.com\/fr\/wp-json\/wp\/v2\/users\/2"}],"replies":[{"embeddable":true,"href":"https:\/\/www.europesays.com\/fr\/wp-json\/wp\/v2\/comments?post=575808"}],"version-history":[{"count":0,"href":"https:\/\/www.europesays.com\/fr\/wp-json\/wp\/v2\/posts\/575808\/revisions"}],"wp:featuredmedia":[{"embeddable":true,"href":"https:\/\/www.europesays.com\/fr\/wp-json\/wp\/v2\/media\/575809"}],"wp:attachment":[{"href":"https:\/\/www.europesays.com\/fr\/wp-json\/wp\/v2\/media?parent=575808"}],"wp:term":[{"taxonomy":"category","embeddable":true,"href":"https:\/\/www.europesays.com\/fr\/wp-json\/wp\/v2\/categories?post=575808"},{"taxonomy":"post_tag","embeddable":true,"href":"https:\/\/www.europesays.com\/fr\/wp-json\/wp\/v2\/tags?post=575808"}],"curies":[{"name":"wp","href":"https:\/\/api.w.org\/{rel}","templated":true}]}}