{"id":575815,"date":"2025-12-03T17:35:32","date_gmt":"2025-12-03T17:35:32","guid":{"rendered":"https:\/\/www.europesays.com\/fr\/575815\/"},"modified":"2025-12-03T17:35:32","modified_gmt":"2025-12-03T17:35:32","slug":"football-coupe-de-france-on-connait-la-date-de-programmation-de-gf38","status":"publish","type":"post","link":"https:\/\/www.europesays.com\/fr\/575815\/","title":{"rendered":"Football &#8211; Coupe de France. On conna\u00eet la date de programmation de GF38"},"content":{"rendered":"<p>Un match le samedi pour le GF38. Pour le 32e de finale de Coupe de France, le GF38 va recevoir au Stade des Alpes une autre \u00e9quipe de Ligue 2, l\u2019AS Nancy-Lorraine. Le match entre les deux clubs a \u00e9t\u00e9 fix\u00e9 au samedi 20\u00a0d\u00e9cembre \u00e0 18 heures, de quoi satisfaire tout le monde pour assister \u00e0 la rencontre dans la capitale des Alpes.<\/p>\n<p>Pour se qualifier jusqu\u2019en 32es de finale, les joueurs de <a href=\"https:\/\/www.ledauphine.com\/p\/franck-rizzetto\" target=\"_blank\" rel=\"noopener\">Franck Rizzetto<\/a> ont affront\u00e9 l\u2019\u00e9quipe amateur de <a href=\"https:\/\/www.ledauphine.com\/sport\/2025\/11\/14\/l-olympique-villefontaine-reve-d-exploit-contre-le-gf38-suivez-le-derby-iserois-du-septieme-tour\" target=\"_blank\" rel=\"noopener\">Villefontaine (R\u00e9gional 2)<\/a> \u00e0 Bourgoin-Jallieu. Ils se sont qualifi\u00e9s sans sourciller gr\u00e2ce \u00e0 un tripl\u00e9 de Moussa Djitt\u00e9 (3-0). Au tour pr\u00e9c\u00e9dent, les co\u00e9quipiers du capitaine Ga\u00ebtan Paquiez ont disput\u00e9 leur 64e de finale sur la pelouse du FC Annecy. En Haute-Savoie, les Grenoblois, bien que men\u00e9s au score au bout de cinq minutes de jeu, ont r\u00e9ussi \u00e0 s\u2019imposer sur la pelouse du Parc des Sports, en sup\u00e9riorit\u00e9 num\u00e9rique. Samba Lele Diba et Yadaly Diaby ont \u00e9t\u00e9 les buteurs du c\u00f4t\u00e9 grenoblois en <a href=\"https:\/\/www.ledauphine.com\/sport\/2025\/11\/28\/qui-remportera-le-choc-du-8e-tour-entre-le-fc-annecy-et-grenoble-suivez-la-rencontre\" target=\"_blank\" rel=\"noopener\"> deuxi\u00e8me mi-temps (2-1<\/a>).<\/p>\n<p>Pour ce nouveau tour, les Bleu et Blanc vont donc jouer l\u2019AS Nancy-Lorraine le 20\u00a0d\u00e9cembre. Hasard du calendrier, les Lorrains se d\u00e9placent ce vendredi 5\u00a0d\u00e9cembre en Is\u00e8re pour le prochain match de championnat. Ce sera l\u2019occasion pour les deux \u00e9quipes de se jauger avant le match couperet en Coupe de France.<\/p>\n","protected":false},"excerpt":{"rendered":"Un match le samedi pour le GF38. Pour le 32e de finale de Coupe de France, le GF38&hellip;\n","protected":false},"author":2,"featured_media":575816,"comment_status":"","ping_status":"","sticky":false,"template":"","format":"standard","meta":{"footnotes":""},"categories":[9635],"tags":[1111,11,15922,112,1777,674,1701,63,1011,27,12637,775,2731,2732,108,1702,12,25,517,1947],"class_list":{"0":"post-575815","1":"post","2":"type-post","3":"status-publish","4":"format-standard","5":"has-post-thumbnail","7":"category-nancy","8":"tag-actu","9":"tag-actualites","10":"tag-coupe-de-france-de-football","11":"tag-edition-grenoble-agglomeration","12":"tag-eu","13":"tag-europe","14":"tag-fil-info-sport","15":"tag-football","16":"tag-fr","17":"tag-france","18":"tag-gf38-grenoble-foot-38","19":"tag-grand-est","20":"tag-grenoble","21":"tag-grenoble-bassin","22":"tag-isere","23":"tag-nancy","24":"tag-news","25":"tag-republique-francaise","26":"tag-sport","27":"tag-sport-national"},"share_on_mastodon":{"url":"https:\/\/pubeurope.com\/@fr\/115656846431461733","error":""},"_links":{"self":[{"href":"https:\/\/www.europesays.com\/fr\/wp-json\/wp\/v2\/posts\/575815","targetHints":{"allow":["GET"]}}],"collection":[{"href":"https:\/\/www.europesays.com\/fr\/wp-json\/wp\/v2\/posts"}],"about":[{"href":"https:\/\/www.europesays.com\/fr\/wp-json\/wp\/v2\/types\/post"}],"author":[{"embeddable":true,"href":"https:\/\/www.europesays.com\/fr\/wp-json\/wp\/v2\/users\/2"}],"replies":[{"embeddable":true,"href":"https:\/\/www.europesays.com\/fr\/wp-json\/wp\/v2\/comments?post=575815"}],"version-history":[{"count":0,"href":"https:\/\/www.europesays.com\/fr\/wp-json\/wp\/v2\/posts\/575815\/revisions"}],"wp:featuredmedia":[{"embeddable":true,"href":"https:\/\/www.europesays.com\/fr\/wp-json\/wp\/v2\/media\/575816"}],"wp:attachment":[{"href":"https:\/\/www.europesays.com\/fr\/wp-json\/wp\/v2\/media?parent=575815"}],"wp:term":[{"taxonomy":"category","embeddable":true,"href":"https:\/\/www.europesays.com\/fr\/wp-json\/wp\/v2\/categories?post=575815"},{"taxonomy":"post_tag","embeddable":true,"href":"https:\/\/www.europesays.com\/fr\/wp-json\/wp\/v2\/tags?post=575815"}],"curies":[{"name":"wp","href":"https:\/\/api.w.org\/{rel}","templated":true}]}}