{"id":575817,"date":"2025-12-03T17:37:14","date_gmt":"2025-12-03T17:37:14","guid":{"rendered":"https:\/\/www.europesays.com\/fr\/575817\/"},"modified":"2025-12-03T17:37:14","modified_gmt":"2025-12-03T17:37:14","slug":"visite-guidee-des-collections-07-12-2025-toulon","status":"publish","type":"post","link":"https:\/\/www.europesays.com\/fr\/575817\/","title":{"rendered":"Visite guid\u00e9e des collections &#8211; 07\/12\/2025 &#8211; Toulon"},"content":{"rendered":"<p>Des trois-m\u00e2ts de Louis XIV au porte-avions nucl\u00e9aire Charles-de-Gaulle, d\u00e9couvrez l\u2019histoire passionnante de l\u2019arsenal de Toulon. Id\u00e9alement situ\u00e9, le site n\u2019a cess\u00e9 de se d\u00e9velopper depuis le XVIIe si\u00e8cle, jusqu\u2019\u00e0 devenir le premier port de guerre fran\u00e7ais. Venez suivre les \u00e9volutions de la navigation comme le passage de la voile \u00e0 la vapeur, ainsi que les enjeux strat\u00e9giques et g\u00e9opolitiques qui ont fa\u00e7onn\u00e9 la plus belle rade d\u2019Europe.<\/p>\n<p>Les samedis : 6, 13, 20 et 27 d\u00e9cembre et le 3 janvier \u00e0 10h30 et 15h<br \/>Les dimanches : 7, 14, 21 et 28 d\u00e9cembre et le 4 janvier \u00e0 11h et 15h<\/p>\n<p>Pendant les vacances scolaires : <br \/>Lundi 22, vendredi 26, lundi 29 d\u00e9cembre et vendredi 2 janvier \u00e0 14h30 et 16h00<br \/>Mercredis 24 et 31 d\u00e9cembre \u00e0 14h30 uniquement<\/p>\n<p>Pour tous, \u00e0 partir de 7 ans<br \/>Dur\u00e9e : 1h<br \/>Tarif : 5\u20ac en suppl\u00e9ment du droit d\u2019entr\u00e9e<\/p>\n","protected":false},"excerpt":{"rendered":"Des trois-m\u00e2ts de Louis XIV au porte-avions nucl\u00e9aire Charles-de-Gaulle, d\u00e9couvrez l\u2019histoire passionnante de l\u2019arsenal de Toulon. Id\u00e9alement situ\u00e9,&hellip;\n","protected":false},"author":2,"featured_media":575818,"comment_status":"","ping_status":"","sticky":false,"template":"","format":"standard","meta":{"footnotes":""},"categories":[9619],"tags":[1111,11,1777,674,1011,27,12,882,25,2310],"class_list":{"0":"post-575817","1":"post","2":"type-post","3":"status-publish","4":"format-standard","5":"has-post-thumbnail","7":"category-toulon","8":"tag-actu","9":"tag-actualites","10":"tag-eu","11":"tag-europe","12":"tag-fr","13":"tag-france","14":"tag-news","15":"tag-provence-alpes-cote-dazur","16":"tag-republique-francaise","17":"tag-toulon"},"share_on_mastodon":{"url":"https:\/\/pubeurope.com\/@fr\/115656854404860741","error":""},"_links":{"self":[{"href":"https:\/\/www.europesays.com\/fr\/wp-json\/wp\/v2\/posts\/575817","targetHints":{"allow":["GET"]}}],"collection":[{"href":"https:\/\/www.europesays.com\/fr\/wp-json\/wp\/v2\/posts"}],"about":[{"href":"https:\/\/www.europesays.com\/fr\/wp-json\/wp\/v2\/types\/post"}],"author":[{"embeddable":true,"href":"https:\/\/www.europesays.com\/fr\/wp-json\/wp\/v2\/users\/2"}],"replies":[{"embeddable":true,"href":"https:\/\/www.europesays.com\/fr\/wp-json\/wp\/v2\/comments?post=575817"}],"version-history":[{"count":0,"href":"https:\/\/www.europesays.com\/fr\/wp-json\/wp\/v2\/posts\/575817\/revisions"}],"wp:featuredmedia":[{"embeddable":true,"href":"https:\/\/www.europesays.com\/fr\/wp-json\/wp\/v2\/media\/575818"}],"wp:attachment":[{"href":"https:\/\/www.europesays.com\/fr\/wp-json\/wp\/v2\/media?parent=575817"}],"wp:term":[{"taxonomy":"category","embeddable":true,"href":"https:\/\/www.europesays.com\/fr\/wp-json\/wp\/v2\/categories?post=575817"},{"taxonomy":"post_tag","embeddable":true,"href":"https:\/\/www.europesays.com\/fr\/wp-json\/wp\/v2\/tags?post=575817"}],"curies":[{"name":"wp","href":"https:\/\/api.w.org\/{rel}","templated":true}]}}