{"id":575821,"date":"2025-12-03T17:39:16","date_gmt":"2025-12-03T17:39:16","guid":{"rendered":"https:\/\/www.europesays.com\/fr\/575821\/"},"modified":"2025-12-03T17:39:16","modified_gmt":"2025-12-03T17:39:16","slug":"un-acte-inedit-dans-un-tram-de-montpellier-provoque-une-reaction-immediate","status":"publish","type":"post","link":"https:\/\/www.europesays.com\/fr\/575821\/","title":{"rendered":"Un acte in\u00e9dit dans un tram de Montpellier provoque une r\u00e9action imm\u00e9diate"},"content":{"rendered":"<p>                    Par<br \/>\n        <strong><br \/>\n            <a href=\"https:\/\/actu.fr\/auteur\/metropoop\" title=\"Consulter tous les articles de R\u00e9daction M\u00e9tropolitain\" target=\"_blank\" rel=\"noopener\">R\u00e9daction M\u00e9tropolitain<\/a><br \/>\n                    <\/strong><\/p>\n<p>        Publi\u00e9 le<\/p>\n<p>            3 d\u00e9c. 2025 \u00e0 18h32        <\/p>\n<p>Une premi\u00e8re qui vaut d\u00e9j\u00e0 test grandeur nature, avec une intervention rapide apr\u00e8s l\u2019alerte.\u00a0<strong>Ce mardi 2 d\u00e9cembre 2025<\/strong>, \u00e0 19h35, une passag\u00e8re de la ligne 2 du tramway de Montpellier a lanc\u00e9 l\u2019alerte via le <strong>bouton SOS int\u00e9gr\u00e9 \u00e0 l\u2019application M\u2019Ticket.<\/strong> La jeune femme a subi des propos sexiste au niveau de la station Rondelet, et a alors appuy\u00e9 sur l\u2019ic\u00f4ne d\u00e9di\u00e9e sans h\u00e9siter. L\u2019alerte g\u00e9olocalis\u00e9e est arriv\u00e9e aussit\u00f4t au poste de commandement de la TaM. Les op\u00e9rateurs ont identifi\u00e9 la rame, le lieu exact et la situation.<\/p>\n<p>    <a href=\"https:\/\/www.google.com\/maps\/embed?pb=!1m18!1m12!1m3!1d23114.090373704526!2d3.840409599999999!3d43.6011008!2m3!1f0!2f0!3f0!3m2!1i1024!2i768!4f13.1!3m3!1m2!1s0x12b6afa578d24b7f%3A0xd5f655839be9486e!2sRondelet!5e0!3m2!1sfr!2sfr!4v1764782675610!5m2!1sfr!2sfr\" title=\"Ouvrie le lien\" target=\"_blank\" rel=\"noopener\">Cliquez ici pour visualiser le contenu<\/a><\/p>\n<p class=\" wall-content\">Quelques minutes plus tard, les agents de la police m\u00e9tropolitaine des transports (PMT) ont stopp\u00e9 le tram et ma\u00eetris\u00e9 l\u2019auteur des propos. L\u2019homme a pr\u00e9sent\u00e9 des excuses imm\u00e9diates. La victime, encore sous le choc mais entour\u00e9e, n\u2019a pas souhait\u00e9 porter plainte. Elle a jug\u00e9 la d\u00e9marche suffisante pour clore l\u2019incident.<\/p>\n<p class=\" wall-content\">\n<p>Premi\u00e8re utilisation concr\u00e8te du dispositif<\/p>\n<p class=\" wall-content\">Cet \u00e9pisode marque<strong> le premier d\u00e9clenchement<\/strong> <a href=\"https:\/\/actu.fr\/occitanie\/montpellier_34172\/un-nouveau-dispositif-pour-la-securite-dans-les-transports-en-commun-de-montpellier_63479785.html\" target=\"_blank\" rel=\"noopener\">du SOS depuis son lancement \u00e0 la fin novembre<\/a>. La fonctionnalit\u00e9 vise \u00e0 renforcer la s\u00e9curit\u00e9 dans les transports montpelli\u00e9rains. Depuis le 25 novembre dernier, les voyageurs peuvent alerter en un geste le poste de s\u00e9curit\u00e9 de la TAM. Le bouton active un appel ou un message transmis en direct aux \u00e9quipes. Un agent prend ensuite le relais pour guider l\u2019usager et \u00e9valuer la gravit\u00e9 des faits. Avec 420 000 utilisateurs de l\u2019application M\u2019Ticket, ce SOS compl\u00e8te <a href=\"https:\/\/actu.fr\/occitanie\/montpellier_34172\/video-montpellier-la-descente-a-la-demande-desormais-possible-dans-les-bus_62852711.html#:~:text=Il%20sera%20d%C3%A9sormais%20possible%20de,de%20la%20M%C3%A9tropole%20de%20Montpellier.&amp;text=Apr%C3%A8s%20la%20gratuit%C3%A9%20des%20transports,de%20la%20m%C3%A9tropole%20de%20Montpellier.\" target=\"_blank\" rel=\"noopener\">le dispositif de descente \u00e0 la demande, en service depuis le 1er juillet 2025<\/a>. Ce dernier permet \u00e0 une personne de descendre entre deux arr\u00eats apr\u00e8s 21 h afin de se rapprocher de son domicile.<\/p>\n<p class=\" wall-content\">La s\u00e9curit\u00e9 reste un d\u00e9fi majeur pour Montpellier. En 2022, la ville occupait la 4\u1d49 place des r\u00e9seaux de transports les plus touch\u00e9s par l\u2019ins\u00e9curit\u00e9 en France, selon le minist\u00e8re de l\u2019Int\u00e9rieur. Pour inverser la tendance, TaM et la M\u00e9tropole ont cr\u00e9\u00e9 en septembre 2023 <a href=\"https:\/\/actu.fr\/occitanie\/montpellier_34172\/montpellier-la-police-metropolitaine-des-transports-est-operationnelle_60095641.html\" target=\"_blank\" rel=\"noopener\">la police m\u00e9tropolitaine des transports<\/a>. Elle compte 42 policiers et assure une pr\u00e9sence quotidienne. Le dispositif s\u2019ajoute aux cam\u00e9ras d\u00e9ploy\u00e9es dans les rames et aux actions de pr\u00e9vention.<\/p>\n<p class=\" wall-content\">Personnalisez votre actualit\u00e9 en ajoutant vos villes et m\u00e9dias en favori avec <a href=\"https:\/\/moncompte.actu.fr\" title=\"D\u00e9couvez Mon Actu\" rel=\"nofollow noopener\" data-trk=\"{&quot;cta&quot;:{&quot;action&quot;:&quot;https:\\\/\\\/moncompte.actu.fr&quot;,&quot;category&quot;:&quot;mon compte&quot;,&quot;from&quot;:&quot;article footer&quot;,&quot;name&quot;:&quot;Mon actu&quot;,&quot;type&quot;:&quot;cta&quot;}}\" target=\"_blank\">Mon Actu<\/a>.<\/p>\n","protected":false},"excerpt":{"rendered":"Par R\u00e9daction M\u00e9tropolitain Publi\u00e9 le 3 d\u00e9c. 2025 \u00e0 18h32 Une premi\u00e8re qui vaut d\u00e9j\u00e0 test grandeur nature,&hellip;\n","protected":false},"author":2,"featured_media":575822,"comment_status":"","ping_status":"","sticky":false,"template":"","format":"standard","meta":{"footnotes":""},"categories":[9599],"tags":[1111,11,1777,674,118,1011,27,2208,12,2680,1072,25,59623,2803],"class_list":{"0":"post-575821","1":"post","2":"type-post","3":"status-publish","4":"format-standard","5":"has-post-thumbnail","7":"category-montpellier","8":"tag-actu","9":"tag-actualites","10":"tag-eu","11":"tag-europe","12":"tag-faits-divers","13":"tag-fr","14":"tag-france","15":"tag-montpellier","16":"tag-news","17":"tag-occitanie","18":"tag-police","19":"tag-republique-francaise","20":"tag-tam","21":"tag-transport"},"share_on_mastodon":{"url":"https:\/\/pubeurope.com\/@fr\/115656862249325952","error":""},"_links":{"self":[{"href":"https:\/\/www.europesays.com\/fr\/wp-json\/wp\/v2\/posts\/575821","targetHints":{"allow":["GET"]}}],"collection":[{"href":"https:\/\/www.europesays.com\/fr\/wp-json\/wp\/v2\/posts"}],"about":[{"href":"https:\/\/www.europesays.com\/fr\/wp-json\/wp\/v2\/types\/post"}],"author":[{"embeddable":true,"href":"https:\/\/www.europesays.com\/fr\/wp-json\/wp\/v2\/users\/2"}],"replies":[{"embeddable":true,"href":"https:\/\/www.europesays.com\/fr\/wp-json\/wp\/v2\/comments?post=575821"}],"version-history":[{"count":0,"href":"https:\/\/www.europesays.com\/fr\/wp-json\/wp\/v2\/posts\/575821\/revisions"}],"wp:featuredmedia":[{"embeddable":true,"href":"https:\/\/www.europesays.com\/fr\/wp-json\/wp\/v2\/media\/575822"}],"wp:attachment":[{"href":"https:\/\/www.europesays.com\/fr\/wp-json\/wp\/v2\/media?parent=575821"}],"wp:term":[{"taxonomy":"category","embeddable":true,"href":"https:\/\/www.europesays.com\/fr\/wp-json\/wp\/v2\/categories?post=575821"},{"taxonomy":"post_tag","embeddable":true,"href":"https:\/\/www.europesays.com\/fr\/wp-json\/wp\/v2\/tags?post=575821"}],"curies":[{"name":"wp","href":"https:\/\/api.w.org\/{rel}","templated":true}]}}