{"id":575823,"date":"2025-12-03T17:40:17","date_gmt":"2025-12-03T17:40:17","guid":{"rendered":"https:\/\/www.europesays.com\/fr\/575823\/"},"modified":"2025-12-03T17:40:17","modified_gmt":"2025-12-03T17:40:17","slug":"football-coupe-de-france-decale-en-prime-time-ou-et-quand-se-jouera-le-32e-de-finale-entre-le-canet-rfc-et-montpellier","status":"publish","type":"post","link":"https:\/\/www.europesays.com\/fr\/575823\/","title":{"rendered":"Football \u2013 Coupe de France\u00a0: d\u00e9cal\u00e9, en prime time\u2026 O\u00f9 et quand se jouera le 32e de finale entre le Canet RFC et Montpellier"},"content":{"rendered":"<p>\n                                                                La date et l\u2019heure du 32e de finale de Coupe de France entre Canet et Montpellier ont \u00e9t\u00e9 d\u00e9voil\u00e9es.\n                            <\/p>\n<p>Samedi dernier, le Canet RFC a r\u00e9alis\u00e9 l\u2019exploit de sortir Rodez, 13e de Ligue 2, sur le score de 1-0 en 64es de finale.<\/p>\n<p>C\u2019est donc contre une autre \u00e9quipe de Ligue 2, plus prestigieuse, que les Lions vont disputer les 32es. C\u2019est le\u00a0Montpellier HSC qui va d\u00e9barquer dans les Pyr\u00e9n\u00e9es-Orientales, comme en 2021 o\u00f9 les deux \u00e9quipes s\u2019\u00e9taient affront\u00e9es en quart de finale.<\/p>\n<p>Ce mercredi, la F\u00e9d\u00e9ration fran\u00e7aise de football, accord\u00e9e avec le diffuseur officiel beIN Sports, a annonc\u00e9 que la rencontre entre le CRFC et le MHSC se disputera le <strong>vendredi 19\u00a0d\u00e9cembre \u00e0 20\u00a0h\u00a045<\/strong>. Et, selon nos informations, le match se jouera bien\u00a0au stade de Gilbert-Brutus de Perpignan, l&rsquo;antre des Dragons Catalans.<\/p>\n","protected":false},"excerpt":{"rendered":"La date et l\u2019heure du 32e de finale de Coupe de France entre Canet et Montpellier ont \u00e9t\u00e9&hellip;\n","protected":false},"author":2,"featured_media":575824,"comment_status":"","ping_status":"","sticky":false,"template":"","format":"standard","meta":{"footnotes":""},"categories":[9599],"tags":[1111,11,69012,1777,674,63,1011,27,2208,12,2680,11548,25,517],"class_list":{"0":"post-575823","1":"post","2":"type-post","3":"status-publish","4":"format-standard","5":"has-post-thumbnail","7":"category-montpellier","8":"tag-actu","9":"tag-actualites","10":"tag-canetenroussillon","11":"tag-eu","12":"tag-europe","13":"tag-football","14":"tag-fr","15":"tag-france","16":"tag-montpellier","17":"tag-news","18":"tag-occitanie","19":"tag-pyrenees-orientales","20":"tag-republique-francaise","21":"tag-sport"},"share_on_mastodon":{"url":"https:\/\/pubeurope.com\/@fr\/115656866281193587","error":""},"_links":{"self":[{"href":"https:\/\/www.europesays.com\/fr\/wp-json\/wp\/v2\/posts\/575823","targetHints":{"allow":["GET"]}}],"collection":[{"href":"https:\/\/www.europesays.com\/fr\/wp-json\/wp\/v2\/posts"}],"about":[{"href":"https:\/\/www.europesays.com\/fr\/wp-json\/wp\/v2\/types\/post"}],"author":[{"embeddable":true,"href":"https:\/\/www.europesays.com\/fr\/wp-json\/wp\/v2\/users\/2"}],"replies":[{"embeddable":true,"href":"https:\/\/www.europesays.com\/fr\/wp-json\/wp\/v2\/comments?post=575823"}],"version-history":[{"count":0,"href":"https:\/\/www.europesays.com\/fr\/wp-json\/wp\/v2\/posts\/575823\/revisions"}],"wp:featuredmedia":[{"embeddable":true,"href":"https:\/\/www.europesays.com\/fr\/wp-json\/wp\/v2\/media\/575824"}],"wp:attachment":[{"href":"https:\/\/www.europesays.com\/fr\/wp-json\/wp\/v2\/media?parent=575823"}],"wp:term":[{"taxonomy":"category","embeddable":true,"href":"https:\/\/www.europesays.com\/fr\/wp-json\/wp\/v2\/categories?post=575823"},{"taxonomy":"post_tag","embeddable":true,"href":"https:\/\/www.europesays.com\/fr\/wp-json\/wp\/v2\/tags?post=575823"}],"curies":[{"name":"wp","href":"https:\/\/api.w.org\/{rel}","templated":true}]}}