{"id":575836,"date":"2025-12-03T17:47:19","date_gmt":"2025-12-03T17:47:19","guid":{"rendered":"https:\/\/www.europesays.com\/fr\/575836\/"},"modified":"2025-12-03T17:47:19","modified_gmt":"2025-12-03T17:47:19","slug":"strasbourg-lentreprise-sounduct-laureate-du-trophee-inpi-france-2030-pour-son-appareil-auditif-ossiclear","status":"publish","type":"post","link":"https:\/\/www.europesays.com\/fr\/575836\/","title":{"rendered":"Strasbourg. L\u2019entreprise Sounduct, laur\u00e9ate du troph\u00e9e Inpi-France 2030 pour son appareil auditif Ossiclear"},"content":{"rendered":"<p>L\u2019Institut national de la propri\u00e9t\u00e9 industrielle (Inpi), qui d\u00e9livre les titres de propri\u00e9t\u00e9 industrielle (brevets, marques, dessins et mod\u00e8les) et assure l\u2019homologation des indications g\u00e9ographiques artisanales et industrielles, a remis, le 26\u00a0novembre \u00e0 Paris, les troph\u00e9es Inpi 2025 qui r\u00e9compensent \u00ab\u00a0des entreprises qui illustrent le r\u00f4le essentiel de l\u2019utilisation de la propri\u00e9t\u00e9 industrielle dans leur strat\u00e9gie de d\u00e9veloppement\u00a0\u00bb.<\/p>\n<p>Parmi les cinq laur\u00e9ats dans cinq cat\u00e9gories, le troph\u00e9e Inpi-France 2030 a \u00e9t\u00e9 d\u00e9cern\u00e9 \u00e0 <a href=\"https:\/\/www.dna.fr\/economie\/2025\/06\/03\/sounduct-leve-3-millions-d-euros-pour-industrialiser-ses-aides-auditives-innovantes\" target=\"_blank\" rel=\"noopener\">l\u2019entreprise strasbourgeoise Sounduct<\/a>. Cr\u00e9\u00e9e en 2021, cette start-up a repens\u00e9 l\u2019audiologie gr\u00e2ce \u00e0 une technologie innovante de correction auditive par double conduction osseuse pour d\u00e9velopper Ossiclear.<\/p>\n<p>Cet appareil auditif permet d\u2019entendre sans passer par l\u2019oreille et offre des solutions in\u00e9dites aux personnes non appareillables par les dispositifs classiques. Sounduct, qui consacre 530\u00a0000\u00a0\u20ac \u00e0 la recherche et au d\u00e9veloppement (R &amp; D) et 71\u00a0500\u00a0\u20ac \u00e0 ses projets d\u2019investissement (PI), s\u2019est d\u00e9j\u00e0 vu d\u00e9livrer huit titres de propri\u00e9t\u00e9 industrielle (trois brevets, trois marques et deux dessins et mod\u00e8les). Le jury de l\u2019Inpi a distingu\u00e9 \u00ab\u00a0l\u2019exemplarit\u00e9 de sa strat\u00e9gie de propri\u00e9t\u00e9 industrielle\u00a0\u00bb.<\/p>\n","protected":false},"excerpt":{"rendered":"L\u2019Institut national de la propri\u00e9t\u00e9 industrielle (Inpi), qui d\u00e9livre les titres de propri\u00e9t\u00e9 industrielle (brevets, marques, dessins et&hellip;\n","protected":false},"author":2,"featured_media":575837,"comment_status":"","ping_status":"","sticky":false,"template":"","format":"standard","meta":{"footnotes":""},"categories":[2820],"tags":[1111,11,2389,2649,33,2880,1777,674,107,1011,27,775,5015,12,25,640,2879],"class_list":{"0":"post-575836","1":"post","2":"type-post","3":"status-publish","4":"format-standard","5":"has-post-thumbnail","7":"category-strasbourg","8":"tag-actu","9":"tag-actualites","10":"tag-alsace","11":"tag-bas-rhin","12":"tag-economie","13":"tag-edition-strasbourg","14":"tag-eu","15":"tag-europe","16":"tag-fil-info","17":"tag-fr","18":"tag-france","19":"tag-grand-est","20":"tag-innovation-et-start-up","21":"tag-news","22":"tag-republique-francaise","23":"tag-strasbourg","24":"tag-strasbourg-ville"},"share_on_mastodon":{"url":"https:\/\/pubeurope.com\/@fr\/115656893589243113","error":""},"_links":{"self":[{"href":"https:\/\/www.europesays.com\/fr\/wp-json\/wp\/v2\/posts\/575836","targetHints":{"allow":["GET"]}}],"collection":[{"href":"https:\/\/www.europesays.com\/fr\/wp-json\/wp\/v2\/posts"}],"about":[{"href":"https:\/\/www.europesays.com\/fr\/wp-json\/wp\/v2\/types\/post"}],"author":[{"embeddable":true,"href":"https:\/\/www.europesays.com\/fr\/wp-json\/wp\/v2\/users\/2"}],"replies":[{"embeddable":true,"href":"https:\/\/www.europesays.com\/fr\/wp-json\/wp\/v2\/comments?post=575836"}],"version-history":[{"count":0,"href":"https:\/\/www.europesays.com\/fr\/wp-json\/wp\/v2\/posts\/575836\/revisions"}],"wp:featuredmedia":[{"embeddable":true,"href":"https:\/\/www.europesays.com\/fr\/wp-json\/wp\/v2\/media\/575837"}],"wp:attachment":[{"href":"https:\/\/www.europesays.com\/fr\/wp-json\/wp\/v2\/media?parent=575836"}],"wp:term":[{"taxonomy":"category","embeddable":true,"href":"https:\/\/www.europesays.com\/fr\/wp-json\/wp\/v2\/categories?post=575836"},{"taxonomy":"post_tag","embeddable":true,"href":"https:\/\/www.europesays.com\/fr\/wp-json\/wp\/v2\/tags?post=575836"}],"curies":[{"name":"wp","href":"https:\/\/api.w.org\/{rel}","templated":true}]}}