{"id":575838,"date":"2025-12-03T17:48:54","date_gmt":"2025-12-03T17:48:54","guid":{"rendered":"https:\/\/www.europesays.com\/fr\/575838\/"},"modified":"2025-12-03T17:48:54","modified_gmt":"2025-12-03T17:48:54","slug":"jaccepte-et-je-comprends-emegha-sort-du-silence-apres-sa-suspension-par-strasbourg","status":"publish","type":"post","link":"https:\/\/www.europesays.com\/fr\/575838\/","title":{"rendered":"\u00abJ\u2019accepte et je comprends\u00bb, Emegha sort du silence apr\u00e8s sa suspension par Strasbourg"},"content":{"rendered":"<p>\n    Alors que Strasbourg a suspendu son capitaine pour le prochain match \u00e0 cause de d\u00e9clarations malheureuses, Emmanuel Emegha a r\u00e9pondu ce mercredi soir.<\/p>\n<p class=\"fig-paragraph\">\u00abJ\u2019accepte et je comprends la d\u00e9cision du club\u00bb a r\u00e9agi\u00a0<a href=\"http:\/\/www.lefigaro.fr\/sports\/football\/ligue-1\/non-respect-recent-des-valeurs-strasbourg-sanctionne-et-suspend-emegha-20251203\" target=\"_blank\" data-fig-type=\"NewsFlash\" rel=\"noopener\" data-gtm-custom-categorie=\"navigation\" data-gtm-custom-action=\"crossclick\" data-gtm-custom-label=\"Contextuel\" data-gtm-event=\"customEventSPE\" data-fig-domain=\"LEFIGARO\">Emmanuel Emegha<\/a>\u00a0dans un long message post\u00e9 mercredi sur ses r\u00e9seaux sociaux, qui explique n\u2019avoir \u00abjamais voulu blesser personne\u00bb. \u00abJ\u2019ai 22 ans, j\u2019ai fait des erreurs et je sais que j\u2019ai encore beaucoup \u00e0 apprendre\u00bb.<\/p>\n<p class=\"fig-paragraph\">D\u00e9clarant avoir eu \u00abune conversation\u00bb avec le pr\u00e9sident strasbourgeois\u00a0<a href=\"http:\/\/www.lefigaro.fr\/sports\/ambitions-europeennes-jeu-seduisant-multipropriete-decriee-marc-keller-president-du-rc-strasbourg-se-confie-au-figaro-20251028\" target=\"_blank\" data-fig-type=\"Article\" rel=\"noopener\" data-gtm-custom-categorie=\"navigation\" data-gtm-custom-action=\"crossclick\" data-gtm-custom-label=\"Contextuel\" data-gtm-event=\"customEventSPE\" data-fig-domain=\"LEFIGARO\">Marc Keller<\/a>, Emegha assure avoir \u00abun respect maximum pour Strasbourg, pour l\u2019Alsace, pour la Meinau, pour nos supporters, pour mes co\u00e9quipiers et pour tout le club. Samedi, je serai derri\u00e8re l\u2019\u00e9quipe comme un supporter \u00e0 200%\u00bb.<\/p>\n<p>                                            <a class=\"fig-a11y-skip\" href=\"#fig-a11y-skip-main-inarticle\" data-module=\"a11y-skip\" data-context=\"was @visible\"><br \/>\n    Passer la publicit\u00e9<br \/>\n<\/a>            <\/p>\n<p class=\"fig-paragraph\">Pour rappel, Strasbourg a annonc\u00e9 plus t\u00f4t dans la journ\u00e9e suspendre son capitaine Emmanuel Emegha pour le match de Ligue 1 samedi \u00e0 Toulouse (19h00) \u00absuite au non-respect r\u00e9cent par le joueur des valeurs, des attentes et des r\u00e8gles du club\u00bb, une sanction \u00abaccept\u00e9e et comprise\u00bb par le joueur.<\/p>\n<p class=\"fig-paragraph\">Emmanuel Emegha est sanctionn\u00e9 pour une s\u00e9rie de d\u00e9clarations malheureuses, a r\u00e9v\u00e9l\u00e9 une source proche du club \u00e0 l&rsquo;AFP. Dans la foul\u00e9e de la victoire contre Lille (2-0), d\u00e9but novembre, le buteur avait sugg\u00e9r\u00e9 que Strasbourg aurait gagn\u00e9 face \u00e0 Monaco et au Paris Saint-Germain s&rsquo;il avait \u00e9t\u00e9 pr\u00e9sent: \u00abContre Monaco je n&rsquo;\u00e9tais pas l\u00e0, contre le PSG, je n&rsquo;\u00e9tais pas l\u00e0.\u00bb<\/p>\n<p class=\"fig-paragraph\">Dans la foul\u00e9e, il avait expliqu\u00e9 dans un entretien au m\u00e9dia n\u00e9erlandais AD ne pas pouvoir placer Strasbourg sur une carte avant son arriv\u00e9e en 2023: \u00abPour \u00eatre honn\u00eate, je ne savais m\u00eame pas o\u00f9 c&rsquo;\u00e9tait. Je pensais que c&rsquo;\u00e9tait en Allemagne, mais c&rsquo;est en France.\u00bb<\/p>\n<p class=\"fig-paragraph\">\u00abIl a un devoir d&rsquo;exemplarit\u00e9, poursuit cette m\u00eame source. Il a \u00e9t\u00e9 nomm\u00e9 capitaine parce qu&rsquo;il est charismatique et qu&rsquo;il a une grande influence dans le vestiaire. \u00c7a a heurt\u00e9 les sensibilit\u00e9s en Alsace. Le fait que Strasbourg ait \u00e9t\u00e9 une ville allemande pendant la guerre, c&rsquo;est un trauma. En tant que capitaine, il repr\u00e9sente l&rsquo;institution et incarne le club, ses valeurs, son histoire, son identit\u00e9.\u00bb<\/p>\n","protected":false},"excerpt":{"rendered":"Alors que Strasbourg a suspendu son capitaine pour le prochain match \u00e0 cause de d\u00e9clarations malheureuses, Emmanuel Emegha&hellip;\n","protected":false},"author":2,"featured_media":575839,"comment_status":"","ping_status":"","sticky":false,"template":"","format":"standard","meta":{"footnotes":""},"categories":[2820],"tags":[1111,11,1777,674,1011,27,775,12,4448,25,640],"class_list":{"0":"post-575838","1":"post","2":"type-post","3":"status-publish","4":"format-standard","5":"has-post-thumbnail","7":"category-strasbourg","8":"tag-actu","9":"tag-actualites","10":"tag-eu","11":"tag-europe","12":"tag-fr","13":"tag-france","14":"tag-grand-est","15":"tag-news","16":"tag-rc-strasbourg","17":"tag-republique-francaise","18":"tag-strasbourg"},"share_on_mastodon":{"url":"https:\/\/pubeurope.com\/@fr\/115656901489937947","error":""},"_links":{"self":[{"href":"https:\/\/www.europesays.com\/fr\/wp-json\/wp\/v2\/posts\/575838","targetHints":{"allow":["GET"]}}],"collection":[{"href":"https:\/\/www.europesays.com\/fr\/wp-json\/wp\/v2\/posts"}],"about":[{"href":"https:\/\/www.europesays.com\/fr\/wp-json\/wp\/v2\/types\/post"}],"author":[{"embeddable":true,"href":"https:\/\/www.europesays.com\/fr\/wp-json\/wp\/v2\/users\/2"}],"replies":[{"embeddable":true,"href":"https:\/\/www.europesays.com\/fr\/wp-json\/wp\/v2\/comments?post=575838"}],"version-history":[{"count":0,"href":"https:\/\/www.europesays.com\/fr\/wp-json\/wp\/v2\/posts\/575838\/revisions"}],"wp:featuredmedia":[{"embeddable":true,"href":"https:\/\/www.europesays.com\/fr\/wp-json\/wp\/v2\/media\/575839"}],"wp:attachment":[{"href":"https:\/\/www.europesays.com\/fr\/wp-json\/wp\/v2\/media?parent=575838"}],"wp:term":[{"taxonomy":"category","embeddable":true,"href":"https:\/\/www.europesays.com\/fr\/wp-json\/wp\/v2\/categories?post=575838"},{"taxonomy":"post_tag","embeddable":true,"href":"https:\/\/www.europesays.com\/fr\/wp-json\/wp\/v2\/tags?post=575838"}],"curies":[{"name":"wp","href":"https:\/\/api.w.org\/{rel}","templated":true}]}}