{"id":575842,"date":"2025-12-03T17:51:20","date_gmt":"2025-12-03T17:51:20","guid":{"rendered":"https:\/\/www.europesays.com\/fr\/575842\/"},"modified":"2025-12-03T17:51:20","modified_gmt":"2025-12-03T17:51:20","slug":"des-detenus-declenchent-quatre-departs-de-feu-en-une-soiree-a-la-prison-de-nice","status":"publish","type":"post","link":"https:\/\/www.europesays.com\/fr\/575842\/","title":{"rendered":"Des d\u00e9tenus d\u00e9clenchent quatre d\u00e9parts de feu en une soir\u00e9e \u00e0 la prison de Nice"},"content":{"rendered":"<p>\n    Mardi, deux incendies ont \u00e9t\u00e9 d\u00e9clench\u00e9s par des d\u00e9tenus au cours de la journ\u00e9e, puis quatre dans la soir\u00e9e. Un d\u00e9tenu a \u00e9t\u00e9 hospitalis\u00e9 apr\u00e8s avoir inhal\u00e9 des fum\u00e9es toxiques.<\/p>\n<p class=\"fig-paragraph\">Mardi, aux alentours de 19 heures 50, quatre d\u00e9tenus ont mis le feu \u00e0 leur matelas, provoquant autant de d\u00e9parts de feu, tous depuis les cellules du quartier d\u2019isolement de la\u00a0<a href=\"http:\/\/www.lefigaro.fr\/actualite-france\/cafards-surpopulation-et-tensions-a-nice-la-prison-la-plus-pourrie-de-france-20250414\" data-fig-type=\"Article\" data-gtm-custom-categorie=\"navigation\" data-gtm-custom-action=\"crossclick\" data-gtm-custom-label=\"Contextuel\" data-gtm-event=\"customEventSPE\" data-fig-domain=\"LEFIGARO\" target=\"_blank\" rel=\"noopener\">maison d\u2019arr\u00eat de Nice<\/a>\u00a0(Alpes-Maritimes), indique une source polici\u00e8re au Figaro.<\/p>\n<p class=\"fig-paragraph\">D\u2019apr\u00e8s les informations de nos confr\u00e8res de Nice-Matin, ces quatre feux s\u2019ajoutent \u00e0 deux autres, d\u00e9clench\u00e9s le midi et en fin d\u2019apr\u00e8s-midi.<\/p>\n<p>                                            <a class=\"fig-a11y-skip\" href=\"#fig-a11y-skip-main-inarticle\" data-module=\"a11y-skip\" data-context=\"was @visible\"><br \/>\n    Passer la publicit\u00e9<br \/>\n<\/a>            <\/p>\n<p>                                            Quatre gardes \u00e0 vue<\/p>\n<p class=\"fig-paragraph\">Trois des mis en cause ont \u00e9t\u00e9 interpell\u00e9s et plac\u00e9s en garde \u00e0 vue. Le quatri\u00e8me d\u00e9tenu, intoxiqu\u00e9 par les fum\u00e9es, a d\u2019abord \u00e9t\u00e9 transport\u00e9 \u00e0 l\u2019h\u00f4pital Pasteur pour des soins, mais sans enjeu vital. Les pompiers sont intervenus au centre p\u00e9nitentiaire afin d\u2019\u00e9teindre les flammes.<\/p>\n<p class=\"fig-paragraph\">Le\u00a0<a href=\"http:\/\/www.lefigaro.fr\/nice\/attentat-de-nice-le-rappeur-freeze-corleone-sera-juge-en-fevrier-pour-apologie-du-terrorisme-20251125\" data-fig-type=\"NewsFlash\" data-gtm-custom-categorie=\"navigation\" data-gtm-custom-action=\"crossclick\" data-gtm-custom-label=\"Contextuel\" data-gtm-event=\"customEventSPE\" data-fig-domain=\"LEFIGARO\" target=\"_blank\" rel=\"noopener\">parquet de Nice<\/a>\u00a0confirme l\u2019ouverture d\u2019une enqu\u00eate pour d\u00e9gradations par incendie, confi\u00e9e au service local de police judiciaire. Le quatri\u00e8me d\u00e9tenu a aussi \u00e9t\u00e9 interpell\u00e9 et plac\u00e9 en garde en vue.<\/p>\n<p class=\"fig-paragraph\">Le d\u00e9put\u00e9 \u00c9ric Ciotti a r\u00e9agi dans la foul\u00e9e sur le r\u00e9seau social X, remerciant \u00abl\u2019intervention rapide des agents\u00bb avant d\u2019en appeler au Garde des Sceaux,\u00a0<a href=\"http:\/\/www.lefigaro.fr\/actualite-france\/le-garde-des-sceaux-gerald-darmanin-recoit-les-directeurs-de-prison-20251203\" data-fig-type=\"NewsFlash\" data-gtm-custom-categorie=\"navigation\" data-gtm-custom-action=\"crossclick\" data-gtm-custom-label=\"Contextuel\" data-gtm-event=\"customEventSPE\" data-fig-domain=\"LEFIGARO\" target=\"_blank\" rel=\"noopener\">G\u00e9rald Darmanin<\/a>. \u00abLes visites \u00e9lectorales ind\u00e9centes sont inutiles, l\u2019\u00e9tablissement est en situation de crise\u00bb, a fustig\u00e9 le candidat \u00e0 l\u2019h\u00f4tel de ville en r\u00e9f\u00e9rence \u00e0 la venue du ministre jeudi soir dernier \u00e0 la prison de Nice, en compagnie du maire\u00a0<a href=\"http:\/\/www.lefigaro.fr\/nice\/municipales-2026-a-nice-christian-estrosi-lance-officiellement-sa-campagne-lors-d-une-grande-reunion-publique-20251122\" data-fig-type=\"NewsFlash\" data-gtm-custom-categorie=\"navigation\" data-gtm-custom-action=\"crossclick\" data-gtm-custom-label=\"Contextuel\" data-gtm-event=\"customEventSPE\" data-fig-domain=\"LEFIGARO\" target=\"_blank\" rel=\"noopener\">Christian Estrosi<\/a>, pour participer \u00e0 des fouilles de cellules.<\/p>\n","protected":false},"excerpt":{"rendered":"Mardi, deux incendies ont \u00e9t\u00e9 d\u00e9clench\u00e9s par des d\u00e9tenus au cours de la journ\u00e9e, puis quatre dans la&hellip;\n","protected":false},"author":2,"featured_media":575843,"comment_status":"","ping_status":"","sticky":false,"template":"","format":"standard","meta":{"footnotes":""},"categories":[2819],"tags":[1111,11,17316,1777,674,1011,27,1310,12,2401,806,882,25],"class_list":{"0":"post-575842","1":"post","2":"type-post","3":"status-publish","4":"format-standard","5":"has-post-thumbnail","7":"category-nice","8":"tag-actu","9":"tag-actualites","10":"tag-detenus","11":"tag-eu","12":"tag-europe","13":"tag-fr","14":"tag-france","15":"tag-incendie","16":"tag-news","17":"tag-nice","18":"tag-prison","19":"tag-provence-alpes-cote-dazur","20":"tag-republique-francaise"},"share_on_mastodon":{"url":"https:\/\/pubeurope.com\/@fr\/115656909542656154","error":""},"_links":{"self":[{"href":"https:\/\/www.europesays.com\/fr\/wp-json\/wp\/v2\/posts\/575842","targetHints":{"allow":["GET"]}}],"collection":[{"href":"https:\/\/www.europesays.com\/fr\/wp-json\/wp\/v2\/posts"}],"about":[{"href":"https:\/\/www.europesays.com\/fr\/wp-json\/wp\/v2\/types\/post"}],"author":[{"embeddable":true,"href":"https:\/\/www.europesays.com\/fr\/wp-json\/wp\/v2\/users\/2"}],"replies":[{"embeddable":true,"href":"https:\/\/www.europesays.com\/fr\/wp-json\/wp\/v2\/comments?post=575842"}],"version-history":[{"count":0,"href":"https:\/\/www.europesays.com\/fr\/wp-json\/wp\/v2\/posts\/575842\/revisions"}],"wp:featuredmedia":[{"embeddable":true,"href":"https:\/\/www.europesays.com\/fr\/wp-json\/wp\/v2\/media\/575843"}],"wp:attachment":[{"href":"https:\/\/www.europesays.com\/fr\/wp-json\/wp\/v2\/media?parent=575842"}],"wp:term":[{"taxonomy":"category","embeddable":true,"href":"https:\/\/www.europesays.com\/fr\/wp-json\/wp\/v2\/categories?post=575842"},{"taxonomy":"post_tag","embeddable":true,"href":"https:\/\/www.europesays.com\/fr\/wp-json\/wp\/v2\/tags?post=575842"}],"curies":[{"name":"wp","href":"https:\/\/api.w.org\/{rel}","templated":true}]}}