{"id":575852,"date":"2025-12-03T17:58:22","date_gmt":"2025-12-03T17:58:22","guid":{"rendered":"https:\/\/www.europesays.com\/fr\/575852\/"},"modified":"2025-12-03T17:58:22","modified_gmt":"2025-12-03T17:58:22","slug":"le-cjd-organise-une-soiree-autour-de-lia-et-du-monde-du-travail","status":"publish","type":"post","link":"https:\/\/www.europesays.com\/fr\/575852\/","title":{"rendered":"Le CJD organise une soir\u00e9e autour de l&rsquo;IA et du monde du travail"},"content":{"rendered":"<p>Le Centre des Jeunes Dirigeants (CJD) de Toulouse organise, ce jeudi 4\u00a0d\u00e9cembre, une soir\u00e9e sur le th\u00e8me de l\u2019intelligence artificielle. Alors que les \u00e9v\u00e9nements sur l\u2019intelligence artificielle se multiplient, le CJD promet une soir\u00e9e participative, centr\u00e9e sur les impacts r\u00e9els dans les entreprises, avec un angle volontairement provocateur\u00a0: \u00ab\u00a0Guide pratique pour ne pas devenir l\u2019assistant\u00b7e de mon assistant IA\u00a0\u00bb.<\/p>\n<p>Cinq enjeux cl\u00e9s seront pass\u00e9s au crible (ressources humaines, \u00e9thique, souverainet\u00e9, \u00e9cologie, d\u00e9clin cognitif, etc.). Au programme \u00e9galement, une synth\u00e8se graphique en direct transform\u00e9e ensuite en guide pratique illustr\u00e9 et des t\u00e9moignages de dirigeants locaux, concrets et applicables. Deux experts d\u2019envergure interviendront\u00a0: <a href=\"https:\/\/www.touleco.fr\/Yann-Ferguson-est-sociologue-a-l-Icam-de,39761\" class=\"spip_in\" target=\"_blank\" rel=\"noopener\">Yann Ferguson<\/a> de l\u2019Inria, qui travaille sur impacts de l\u2019IA sur le travail, et Corinne Joffre <a href=\"https:\/\/www.touleco.tv\/Focus-sur-Aniti-l-Institut-interdisciplinaire-d-intelligence,28105\" class=\"spip_out\" rel=\"external noopener\" target=\"_blank\">d\u2019Aniti<\/a>. Plus d\u2019informations et inscriptions <a href=\"https:\/\/www.helloasso.com\/associations\/cjd-toulouse\/evenements\/pleniere-guide-pratique-pour-ne-pas-devenir-l-assistant-e-de-mon-ia\" class=\"spip_out\" rel=\"external noopener\" target=\"_blank\">en ligne<\/a>.<br class=\"autobr\"\/><br \/>\n\u2002\u2002\u2002\u2002\u2002<br class=\"autobr\"\/><br \/>\nPl\u00e9ni\u00e8re du CJD Toulouse\u00a0: \u00ab\u00a0Guide pratique pour ne pas devenir l\u2019assistant.e de mon assistant IA\u00a0\u00bb. Jeudi 4\u00a0d\u00e9cembre, de 19 \u00e0 23 heures, \u00e0 Diagora Lab\u00e8ge, 150 rue Pierre-Gilles de Gennes, Lab\u00e8ge.<\/p>\n","protected":false},"excerpt":{"rendered":"Le Centre des Jeunes Dirigeants (CJD) de Toulouse organise, ce jeudi 4\u00a0d\u00e9cembre, une soir\u00e9e sur le th\u00e8me de&hellip;\n","protected":false},"author":2,"featured_media":373637,"comment_status":"","ping_status":"","sticky":false,"template":"","format":"standard","meta":{"footnotes":""},"categories":[2816],"tags":[1111,11,69013,1777,674,1011,27,223,12,2680,25,2312],"class_list":{"0":"post-575852","1":"post","2":"type-post","3":"status-publish","4":"format-standard","5":"has-post-thumbnail","7":"category-toulouse","8":"tag-actu","9":"tag-actualites","10":"tag-centre-des-jeunes-dirigeants-cjd","11":"tag-eu","12":"tag-europe","13":"tag-fr","14":"tag-france","15":"tag-intelligence-artificielle","16":"tag-news","17":"tag-occitanie","18":"tag-republique-francaise","19":"tag-toulouse"},"share_on_mastodon":{"url":"https:\/\/pubeurope.com\/@fr\/115656936847038980","error":""},"_links":{"self":[{"href":"https:\/\/www.europesays.com\/fr\/wp-json\/wp\/v2\/posts\/575852","targetHints":{"allow":["GET"]}}],"collection":[{"href":"https:\/\/www.europesays.com\/fr\/wp-json\/wp\/v2\/posts"}],"about":[{"href":"https:\/\/www.europesays.com\/fr\/wp-json\/wp\/v2\/types\/post"}],"author":[{"embeddable":true,"href":"https:\/\/www.europesays.com\/fr\/wp-json\/wp\/v2\/users\/2"}],"replies":[{"embeddable":true,"href":"https:\/\/www.europesays.com\/fr\/wp-json\/wp\/v2\/comments?post=575852"}],"version-history":[{"count":0,"href":"https:\/\/www.europesays.com\/fr\/wp-json\/wp\/v2\/posts\/575852\/revisions"}],"wp:featuredmedia":[{"embeddable":true,"href":"https:\/\/www.europesays.com\/fr\/wp-json\/wp\/v2\/media\/373637"}],"wp:attachment":[{"href":"https:\/\/www.europesays.com\/fr\/wp-json\/wp\/v2\/media?parent=575852"}],"wp:term":[{"taxonomy":"category","embeddable":true,"href":"https:\/\/www.europesays.com\/fr\/wp-json\/wp\/v2\/categories?post=575852"},{"taxonomy":"post_tag","embeddable":true,"href":"https:\/\/www.europesays.com\/fr\/wp-json\/wp\/v2\/tags?post=575852"}],"curies":[{"name":"wp","href":"https:\/\/api.w.org\/{rel}","templated":true}]}}