{"id":575853,"date":"2025-12-03T17:59:10","date_gmt":"2025-12-03T17:59:10","guid":{"rendered":"https:\/\/www.europesays.com\/fr\/575853\/"},"modified":"2025-12-03T17:59:10","modified_gmt":"2025-12-03T17:59:10","slug":"voici-8-evenements-a-ne-pas-manquer-ce-week-end","status":"publish","type":"post","link":"https:\/\/www.europesays.com\/fr\/575853\/","title":{"rendered":"voici 8 \u00e9v\u00e9nements \u00e0 ne pas manquer, ce week-end"},"content":{"rendered":"<p>                    Par<br \/>\n        <strong><br \/>\n            <a href=\"https:\/\/actu.fr\/auteur\/gabriel-kenedi\" title=\"Consulter tous les articles de Gabriel Kenedi\" target=\"_blank\" rel=\"noopener\">Gabriel Kenedi<\/a><br \/>\n                    <\/strong><\/p>\n<p>        Publi\u00e9 le<\/p>\n<p>            3 d\u00e9c. 2025 \u00e0 18h46        <\/p>\n<p>Des mus\u00e9es gratuits, un Super Loto, un march\u00e9 de cr\u00e9ateurs\u2026 Comme chaque mercredi, <a href=\"https:\/\/actu.fr\/toulouse\/loisirs-culture\" target=\"_blank\" rel=\"noopener\">Actu Toulouse<\/a> vous propose plusieurs id\u00e9es pour pimenter votre week-end\u2009! Voici notre s\u00e9lection d\u2019\u00e9v\u00e9nements et de spectacles \u00e0 ne pas manquer \u00e0 <strong>Toulouse<\/strong>, du vendredi\u00a05 au dimanche 7\u00a0d\u00e9cembre 2025. Suivez le guide\u2009!<\/p>\n<p>#1. Un Super Loto au Bikini<\/p>\n<p class=\" wall-content\">Le collectif toulousain Wyld est de retour au Bikini pour organiser une \u00e9dition sp\u00e9ciale No\u00ebl de son Super Loto\u2009! Un loto g\u00e9ant, d\u00e9cal\u00e9 et festif, avec de gros, moyens et petits lots, une tombola, des shows et djsets, et une \u00e9quipe d\u2019animateurs qu\u2019on adore. \u00ab\u2009Apr\u00e8s le dernier carton plein, on bascule direct en DJ set Wyld All Stars pour finir ce dimanche en beaut\u00e9\u2009\u00bb, pr\u00e9vient le collectif.<\/p>\n<p>Dimanche 7\u00a0d\u00e9cembre, de 17\u00a0heures \u00e0 minuit, au Bikini (Ramonville-Saint-Agne). Gratuit (Places assises limit\u00e9es, non r\u00e9servables\u2026 il est conseill\u00e9 d\u2019arriver t\u00f4t\u2009!)<\/p>\n<p>#2. Une expo Dal\u00ed<\/p>\n<p class=\" wall-content\">Une exposition in\u00e9dite, d\u00e9di\u00e9e au g\u00e9nial artiste catalan (1904-1989), est \u00e0 d\u00e9couvrir du 5\u00a0d\u00e9cembre 2025 au 8\u00a0f\u00e9vrier 2026, en plein centre-ville de Toulouse. Organis\u00e9e par la soci\u00e9t\u00e9 MIX\u2019S ART, cette exposition in\u00e9dite se d\u00e9roulera au sein de l\u2019H\u00f4tel Albert 1er, situ\u00e9 non loin de la place du Capitole. \u00ab\u2009Plus d\u2019une centaine d\u2019\u0153uvres et d\u2019objets permettent de d\u00e9couvrir l\u2019\u0153uvre magistrale de Dal\u00ed, dans toute sa richesse, sa diversit\u00e9 et sa modernit\u00e9\u2009\u00bb, annoncent les organisateurs. Attention, la r\u00e9servation pr\u00e9alable est obligatoire\u2009!<\/p>\n<p>Dali s\u2019invite \u00e0 Toulouse\u2009\u00bb, du 5\u00a0d\u00e9cembre au 8\u00a0f\u00e9vrier 2026. H\u00f4tel Albert 1er, 5 Rue J F Kennedy, 31000, Toulouse. Plus d\u2019infos\u00a0sur le site de <a href=\"https:\/\/www.mixsart.com\/\" target=\"_blank\" rel=\"noopener\">Mixsart<\/a>.<\/p>\n<p>Votre r\u00e9gion, votre actu !<\/p>\n<p>Recevez chaque jour les infos qui comptent pour vous.<\/p>\n<p>\t<a href=\"https:\/\/actu.fr\/newsletter\" class=\"ac-btn ac-btn--corner ac-btn--medium ac-btn--blue800\" target=\"_blank\" rel=\"noopener\">S&rsquo;incrire<\/a><br \/>\n#3. No\u00ebl au Couvent des Jacobins<\/p>\n<p class=\" wall-content\">L\u2019esprit de No\u00ebl s\u2019invite une nouvelle fois au Couvent des Jacobins de Toulouse pour un week-end \u00ab\u2009musical et f\u00e9\u00e9rique\u2009\u00bb. Petits et grands sont convi\u00e9s \u00e0 c\u00e9l\u00e9brer la magie des f\u00eates au rythme des ch\u0153urs, des concerts et des animations. Au programme\u2009: ch\u0153urs du Conservatoire, quatuor de saxophones, visites guid\u00e9es dans un cadre patrimonial d\u2019exception.<\/p>\n<p>Les 6 et 7\u00a0d\u00e9cembre, de 11h \u00e0 18h. Animations &amp; concerts sont comprises dans le billet d\u2019entr\u00e9e (gratuit le dimanche). Infos\u2009: jacobins.toulouse.fr<\/p>\n<p>#4. Un march\u00e9 de cr\u00e9ateurs au Bijou<\/p>\n<p class=\" wall-content\">C\u2019est le retour tant attendu march\u00e9 des cr\u00e9ateurs au Bijou\u2009! C\u00e9ramiques, Bijoux, linogravures, peintures, cr\u00e9ations textiles et m\u00eame tatouages\u2009! \u00ab\u2009Des stands vari\u00e9s seront dispos\u00e9s dans votre bistro, pour vous permettre de faire votre petit march\u00e9 de No\u00ebl en circuit court\u2009\u00bb, assure l\u2019\u00e9quipe du Bijou.<\/p>\n<p>Le 6\u00a0d\u00e9cembre, de 14h \u00e0 20h. Entr\u00e9e libre.<\/p>\n<p>#5. D\u2019jal au Z\u00e9nith<\/p>\n<p class=\" wall-content\">Au Z\u00e9nith\u00a0Apr\u00e8s deux shows \u00e0 guichets ferm\u00e9s, plus de 200\u00a0repr\u00e9sentations et des milliers de spectateurs, D\u2019jal est de retour avec un nouveau spectacle m\u00ealant personnages toujours plus dingues et situations encore plus folles\u2009! L\u2019occasion de s\u2019amuser tout en prenant votre dose d\u2019humour et d\u2019amour.<\/p>\n<p>Le 5\u00a0d\u00e9cembre \u00e0 20h30. Tarifs\u2009: 35 \u00e0 41\u20ac<\/p>\n<p>#6. Girls Don\u2019t Cry Fest<\/p>\n<p class=\" wall-content\">Le Girls Don\u2019t Cry Festival, un festival de musiques \u00e9lectroniques et exp\u00e9rimentales, queer et f\u00e9ministe est de retour pour sa 5\u00e8me \u00e9dition\u2009! Organis\u00e9 par l\u2019association La Petite qui agit pour l\u2019\u00e9galit\u00e9 des genres dans les arts et la culture et qui promeut la cr\u00e9ation artistique des personnes minoris\u00e9es de genre. Au programme\u2009? Concerts, DJ sets, rencontres, performances, expos, stands\u2026 Il y a de quoi faire\u2009!<\/p>\n<p>Les 5 et 6\u00a0d\u00e9cembre \u00e0 La Cabane et le 7\u00a0d\u00e9cembre au centre-culturel Bonnefoy. Infos et tarifs sur le site Internet de <a href=\"https:\/\/www.lapetite.fr\/girls-dont-cry-festival-2025\/\" target=\"_blank\" rel=\"noopener\">La Petite<\/a>.#7. \u00c9chos d\u2019Hyrule<\/p>\n<p class=\" wall-content\">Avis aux amateurs\u2009! Ce concert hommage est d\u00e9di\u00e9 \u00e0 l\u2019univers de la saga vid\u00e9oludique \u00ab\u2009The Legend of Zelda\u2009\u00bb. Retrouvez en live les musiques embl\u00e9matiques de la s\u00e9rie. Du tout premier Zelda \u00e0 \u00ab\u2009Breath of the Wild\u2009\u00bb, en passant par \u00ab\u2009Ocarina of Time\u2009\u00bb, venez d\u00e9couvrir ou red\u00e9couvrir les plus grands th\u00e8mes musicaux de la saga, r\u00e9interpr\u00e9t\u00e9s par le collectif toulousain Neko Light Orchestra.<\/p>\n<p>Le 6\u00a0d\u00e9cembre \u00e0 19h30. Tarif\u2009: 42\u20ac Plus d\u2019infos <a href=\"https:\/\/interference-toulouse.fr\/\" target=\"_blank\" rel=\"noopener\">sur le site d\u2019Interference<\/a>.#8. Des mus\u00e9es gratuits<\/p>\n<p class=\" wall-content\">Les premiers dimanches du mois, certains mus\u00e9es et monuments se visitent gratuitement. Attention, seules les expos permanentes sont concern\u00e9es par la gratuit\u00e9. Les mus\u00e9es et monuments concern\u00e9s et ouverts au public sont\u2009: le Clo\u00eetre des Jacobins, le mus\u00e9e des Abattoirs, le Mus\u00e9um d\u2019Histoire Naturelle, le Quai des Savoirs, le mus\u00e9e Paul Dupuy et le Ch\u00e2teau d\u2019Eau.<\/p>\n<p>Le 7\u00a0d\u00e9cembre, Plus d\u2019infos <a href=\"https:\/\/metropole.toulouse.fr\/\" target=\"_blank\" rel=\"noopener\">sur le site de la mairie de Toulouse<\/a>.<\/p>\n<p class=\" wall-content\">Personnalisez votre actualit\u00e9 en ajoutant vos villes et m\u00e9dias en favori avec <a href=\"https:\/\/moncompte.actu.fr\" title=\"D\u00e9couvez Mon Actu\" rel=\"nofollow noopener\" data-trk=\"{&quot;cta&quot;:{&quot;action&quot;:&quot;https:\\\/\\\/moncompte.actu.fr&quot;,&quot;category&quot;:&quot;mon compte&quot;,&quot;from&quot;:&quot;article footer&quot;,&quot;name&quot;:&quot;Mon actu&quot;,&quot;type&quot;:&quot;cta&quot;}}\" target=\"_blank\">Mon Actu<\/a>.<\/p>\n","protected":false},"excerpt":{"rendered":"Par Gabriel Kenedi Publi\u00e9 le 3 d\u00e9c. 2025 \u00e0 18h46 Des mus\u00e9es gratuits, un Super Loto, un march\u00e9&hellip;\n","protected":false},"author":2,"featured_media":575854,"comment_status":"","ping_status":"","sticky":false,"template":"","format":"standard","meta":{"footnotes":""},"categories":[2816],"tags":[1111,11,1777,674,1011,27,1652,12,2680,25,1341,2312],"class_list":{"0":"post-575853","1":"post","2":"type-post","3":"status-publish","4":"format-standard","5":"has-post-thumbnail","7":"category-toulouse","8":"tag-actu","9":"tag-actualites","10":"tag-eu","11":"tag-europe","12":"tag-fr","13":"tag-france","14":"tag-loisirs-culture","15":"tag-news","16":"tag-occitanie","17":"tag-republique-francaise","18":"tag-sortir-a-toulouse","19":"tag-toulouse"},"share_on_mastodon":{"url":"","error":""},"_links":{"self":[{"href":"https:\/\/www.europesays.com\/fr\/wp-json\/wp\/v2\/posts\/575853","targetHints":{"allow":["GET"]}}],"collection":[{"href":"https:\/\/www.europesays.com\/fr\/wp-json\/wp\/v2\/posts"}],"about":[{"href":"https:\/\/www.europesays.com\/fr\/wp-json\/wp\/v2\/types\/post"}],"author":[{"embeddable":true,"href":"https:\/\/www.europesays.com\/fr\/wp-json\/wp\/v2\/users\/2"}],"replies":[{"embeddable":true,"href":"https:\/\/www.europesays.com\/fr\/wp-json\/wp\/v2\/comments?post=575853"}],"version-history":[{"count":0,"href":"https:\/\/www.europesays.com\/fr\/wp-json\/wp\/v2\/posts\/575853\/revisions"}],"wp:featuredmedia":[{"embeddable":true,"href":"https:\/\/www.europesays.com\/fr\/wp-json\/wp\/v2\/media\/575854"}],"wp:attachment":[{"href":"https:\/\/www.europesays.com\/fr\/wp-json\/wp\/v2\/media?parent=575853"}],"wp:term":[{"taxonomy":"category","embeddable":true,"href":"https:\/\/www.europesays.com\/fr\/wp-json\/wp\/v2\/categories?post=575853"},{"taxonomy":"post_tag","embeddable":true,"href":"https:\/\/www.europesays.com\/fr\/wp-json\/wp\/v2\/tags?post=575853"}],"curies":[{"name":"wp","href":"https:\/\/api.w.org\/{rel}","templated":true}]}}