{"id":575860,"date":"2025-12-03T18:03:20","date_gmt":"2025-12-03T18:03:20","guid":{"rendered":"https:\/\/www.europesays.com\/fr\/575860\/"},"modified":"2025-12-03T18:03:20","modified_gmt":"2025-12-03T18:03:20","slug":"enquete-ouverte-pour-provocation-a-la-haine-apres-des-tags-sur-une-eglise","status":"publish","type":"post","link":"https:\/\/www.europesays.com\/fr\/575860\/","title":{"rendered":"enqu\u00eate ouverte pour \u00ab\u00a0provocation \u00e0 la haine\u00a0\u00bb apr\u00e8s des tags sur une \u00e9glise"},"content":{"rendered":"<p>Une enqu\u00eate a \u00e9t\u00e9 ouverte pour \u00ab\u00a0provocation publique \u00e0 la haine en raison de la religion\u00a0\u00bb et \u00ab\u00a0d\u00e9gradations\u00a0\u00bb apr\u00e8s la d\u00e9couverte de tags insultants et incitant \u00e0 la violence sur l\u2019\u00e9glise Sainte Marie-Madeleine, dans le quartier des Chartreux, \u00e0 Marseille, a indiqu\u00e9 mercredi 3\u00a0d\u00e9cembre le parquet de la ville.<\/p>\n<p>\u00ab\u00a0La seule \u00e9glise qui illumine est celle qui br\u00fble\u00a0\u00bb, \u00ab\u00a0si Dieu existe, il faut le butter\u00a0! (sic)\u00a0\u00bb, pouvait-on lire sur ces tags \u00e9crits sur une paroi de l\u2019\u00e9glise, et effac\u00e9s depuis, selon des photos diffus\u00e9es notamment par <a href=\"https:\/\/www.la-croix.com\/france\/Benoit-Payan-venue-pape-Francois-evenement-comme-Marseille-nen-jamais-connu-2023-09-22-1201283804\" data-tracking=\"inpage_click\" data-tracking-action=\"lire un article\" data-tracking-category=\"recirculation\" target=\"_blank\" rel=\"noopener\">le maire de\u00a0Marseille<\/a>.<\/p>\n<p>L\u2019ouverture de l\u2019enqu\u00eate a \u00e9t\u00e9 d\u00e9cid\u00e9e \u00e0 la suite de plaintes du dioc\u00e8se de\u00a0Marseille\u00a0ainsi que du maire divers gauche, Beno\u00eet Payan, qui a expliqu\u00e9 sur X que \u00ab\u00a0les menaces et la stigmatisation des croyants n\u2019ont pas leur place dans notre ville, quelle que soit leur religion\u00a0\u00bb.<\/p>\n<p>Le dioc\u00e8se de Marseille a, lui, exprim\u00e9 sa grande tristesse\u00a0face \u00e0 de tels actes\u00a0: \u00ab\u00a0s\u2019en prendre \u00e0 une \u00e9glise, c\u2019est toucher en plein c\u0153ur la communaut\u00e9 catholique, en particulier les fid\u00e8les qui se r\u00e9unissent en ce lieu pour prier et c\u00e9l\u00e9brer la messe, mais plus largement, tous les habitants du quartier, qu\u2019ils soient chr\u00e9tiens ou non\u00a0\u00bb.<\/p>\n<p>Ce mercredi 3\u00a0d\u00e9cembre \u00e0 18\u00a0h\u00a030, une messe sera c\u00e9l\u00e9br\u00e9e dans l\u2019\u00e9glise pour r\u00e9unir et consoler la <a href=\"https:\/\/www.la-croix.com\/Religion\/Guerre-Ukraine-paroisse-orthodoxe-Marseille-veille-unite-2022-03-28-1201207410\" data-tracking=\"inpage_click\" data-tracking-action=\"lire un article\" data-tracking-category=\"recirculation\" target=\"_blank\" rel=\"noopener\">communaut\u00e9 paroissiale<\/a> et les habitants du quartier affect\u00e9s par ces actes.<\/p>\n","protected":false},"excerpt":{"rendered":"Une enqu\u00eate a \u00e9t\u00e9 ouverte pour \u00ab\u00a0provocation publique \u00e0 la haine en raison de la religion\u00a0\u00bb et \u00ab\u00a0d\u00e9gradations\u00a0\u00bb&hellip;\n","protected":false},"author":2,"featured_media":575861,"comment_status":"","ping_status":"","sticky":false,"template":"","format":"standard","meta":{"footnotes":""},"categories":[2814],"tags":[1111,11,1777,674,1011,27,884,12,882,25],"class_list":{"0":"post-575860","1":"post","2":"type-post","3":"status-publish","4":"format-standard","5":"has-post-thumbnail","7":"category-marseille","8":"tag-actu","9":"tag-actualites","10":"tag-eu","11":"tag-europe","12":"tag-fr","13":"tag-france","14":"tag-marseille","15":"tag-news","16":"tag-provence-alpes-cote-dazur","17":"tag-republique-francaise"},"share_on_mastodon":{"url":"https:\/\/pubeurope.com\/@fr\/115656956588857536","error":""},"_links":{"self":[{"href":"https:\/\/www.europesays.com\/fr\/wp-json\/wp\/v2\/posts\/575860","targetHints":{"allow":["GET"]}}],"collection":[{"href":"https:\/\/www.europesays.com\/fr\/wp-json\/wp\/v2\/posts"}],"about":[{"href":"https:\/\/www.europesays.com\/fr\/wp-json\/wp\/v2\/types\/post"}],"author":[{"embeddable":true,"href":"https:\/\/www.europesays.com\/fr\/wp-json\/wp\/v2\/users\/2"}],"replies":[{"embeddable":true,"href":"https:\/\/www.europesays.com\/fr\/wp-json\/wp\/v2\/comments?post=575860"}],"version-history":[{"count":0,"href":"https:\/\/www.europesays.com\/fr\/wp-json\/wp\/v2\/posts\/575860\/revisions"}],"wp:featuredmedia":[{"embeddable":true,"href":"https:\/\/www.europesays.com\/fr\/wp-json\/wp\/v2\/media\/575861"}],"wp:attachment":[{"href":"https:\/\/www.europesays.com\/fr\/wp-json\/wp\/v2\/media?parent=575860"}],"wp:term":[{"taxonomy":"category","embeddable":true,"href":"https:\/\/www.europesays.com\/fr\/wp-json\/wp\/v2\/categories?post=575860"},{"taxonomy":"post_tag","embeddable":true,"href":"https:\/\/www.europesays.com\/fr\/wp-json\/wp\/v2\/tags?post=575860"}],"curies":[{"name":"wp","href":"https:\/\/api.w.org\/{rel}","templated":true}]}}