{"id":575868,"date":"2025-12-03T18:08:15","date_gmt":"2025-12-03T18:08:15","guid":{"rendered":"https:\/\/www.europesays.com\/fr\/575868\/"},"modified":"2025-12-03T18:08:15","modified_gmt":"2025-12-03T18:08:15","slug":"un-audit-demande-apres-des-accusations-de-violences-sexuelles","status":"publish","type":"post","link":"https:\/\/www.europesays.com\/fr\/575868\/","title":{"rendered":"un audit demand\u00e9 apr\u00e8s des accusations de violences sexuelles"},"content":{"rendered":"<p>                     <img loading=\"lazy\" decoding=\"async\" src=\"https:\/\/www.europesays.com\/fr\/wp-content\/uploads\/2025\/12\/fad8ee6_upload-1-9kf5azhrwku8-csharrock-ariane-mnouchkine-3.jpg\" alt=\"Les coulisses de la cr\u00e9ation de la pi\u00e8ce \u00ab\u00a0Ici sont les dragons\u00a0\u00bb, d\u2019Ariane Mnouchkine, au Th\u00e9\u00e2tre du Soleil, \u00e0 Paris, en\u00a0octobre 2024.\"   width=\"664\" height=\"443\"\/>    Les coulisses de la cr\u00e9ation de la pi\u00e8ce \u00ab\u00a0Ici sont les dragons\u00a0\u00bb, d\u2019Ariane Mnouchkine, au Th\u00e9\u00e2tre du Soleil, \u00e0 Paris, en\u00a0octobre 2024.  CHLOE SHARROCK\/MYOP POUR \u00ab\u00a0LE MONDE\u00a0\u00bb                 <\/p>\n<p class=\"article__paragraph  \">Huit mois apr\u00e8s la crise qui l\u2019avait secou\u00e9 en mars, le Th\u00e9\u00e2tre du Soleil est de nouveau dans la tourmente. Selon les informations du Monde, le minist\u00e8re de la culture vient de demander qu\u2019un audit ind\u00e9pendant soit r\u00e9alis\u00e9 au sein de la c\u00e9l\u00e8bre troupe install\u00e9e \u00e0 la Cartoucherie du bois de Vincennes, \u00e0 Paris. Cela fait suite \u00e0 <a href=\"https:\/\/www.mediapart.fr\/journal\/france\/301125\/theatre-du-soleil-la-faillite-d-une-utopie\" target=\"_blank\" rel=\"noopener\" title=\"Nouvelle fen\u00eatre\">l\u2019enqu\u00eate de Mediapart<\/a> publi\u00e9e dimanche 30\u00a0novembre, faisant \u00e9tat de plusieurs t\u00e9moignages d\u2019ex-salari\u00e9es ou b\u00e9n\u00e9voles du Th\u00e9\u00e2tre du Soleil d\u00e9non\u00e7ant des violences sexuelles allant du harc\u00e8lement au viol. Ariane Mnouchkine, \u00e0 la t\u00eate de la compagnie depuis plus de soixante ans, a tout de suite accept\u00e9 cette nouvelle instruction qui devrait commencer au plus tard mi-d\u00e9cembre.<\/p>\n<p>   Lire plus tard  <\/p>\n<p class=\"article__paragraph  \">La metteuse en sc\u00e8ne avait lanc\u00e9, d\u00e8s avril, une enqu\u00eate interne apr\u00e8s l\u2019audition le 24\u00a0mars, devant la commission de l\u2019Assembl\u00e9e nationale sur les violences commises dans les secteurs artistiques, d\u2019Agathe Pujol. Audition au cours de laquelle la com\u00e9dienne\u00a0avait d\u00e9taill\u00e9 les \u00ab\u00a0d\u00e9rives sexuelles\u00a0\u00bb dont elle aurait \u00e9t\u00e9 t\u00e9moin au Th\u00e9\u00e2tre du Soleil lorsqu\u2019elle \u00e9tait b\u00e9n\u00e9vole et affirm\u00e9 y avoir \u00e9t\u00e9 elle-m\u00eame victime d\u2019une \u00ab\u00a0tentative de viol\u00a0\u00bb en\u00a02010.<\/p>\n<p class=\"reading-mode-only \"><strong>Il vous reste 82.33% de cet article \u00e0 lire. La suite est r\u00e9serv\u00e9e aux abonn\u00e9s.<\/strong><\/p>\n","protected":false},"excerpt":{"rendered":"Les coulisses de la cr\u00e9ation de la pi\u00e8ce \u00ab\u00a0Ici sont les dragons\u00a0\u00bb, d\u2019Ariane Mnouchkine, au Th\u00e9\u00e2tre du Soleil,&hellip;\n","protected":false},"author":2,"featured_media":575869,"comment_status":"","ping_status":"","sticky":false,"template":"","format":"standard","meta":{"footnotes":""},"categories":[1888],"tags":[1111,1928,11,1927,1777,674,1011,27,12,1926,626,1925,25],"class_list":{"0":"post-575868","1":"post","2":"type-post","3":"status-publish","4":"format-standard","5":"has-post-thumbnail","7":"category-paris","8":"tag-actu","9":"tag-actu-paris","10":"tag-actualites","11":"tag-actualites-paris","12":"tag-eu","13":"tag-europe","14":"tag-fr","15":"tag-france","16":"tag-news","17":"tag-news-paris","18":"tag-paris","19":"tag-paris-news","20":"tag-republique-francaise"},"share_on_mastodon":{"url":"https:\/\/pubeurope.com\/@fr\/115656977406971658","error":""},"_links":{"self":[{"href":"https:\/\/www.europesays.com\/fr\/wp-json\/wp\/v2\/posts\/575868","targetHints":{"allow":["GET"]}}],"collection":[{"href":"https:\/\/www.europesays.com\/fr\/wp-json\/wp\/v2\/posts"}],"about":[{"href":"https:\/\/www.europesays.com\/fr\/wp-json\/wp\/v2\/types\/post"}],"author":[{"embeddable":true,"href":"https:\/\/www.europesays.com\/fr\/wp-json\/wp\/v2\/users\/2"}],"replies":[{"embeddable":true,"href":"https:\/\/www.europesays.com\/fr\/wp-json\/wp\/v2\/comments?post=575868"}],"version-history":[{"count":0,"href":"https:\/\/www.europesays.com\/fr\/wp-json\/wp\/v2\/posts\/575868\/revisions"}],"wp:featuredmedia":[{"embeddable":true,"href":"https:\/\/www.europesays.com\/fr\/wp-json\/wp\/v2\/media\/575869"}],"wp:attachment":[{"href":"https:\/\/www.europesays.com\/fr\/wp-json\/wp\/v2\/media?parent=575868"}],"wp:term":[{"taxonomy":"category","embeddable":true,"href":"https:\/\/www.europesays.com\/fr\/wp-json\/wp\/v2\/categories?post=575868"},{"taxonomy":"post_tag","embeddable":true,"href":"https:\/\/www.europesays.com\/fr\/wp-json\/wp\/v2\/tags?post=575868"}],"curies":[{"name":"wp","href":"https:\/\/api.w.org\/{rel}","templated":true}]}}