{"id":575870,"date":"2025-12-03T18:09:12","date_gmt":"2025-12-03T18:09:12","guid":{"rendered":"https:\/\/www.europesays.com\/fr\/575870\/"},"modified":"2025-12-03T18:09:12","modified_gmt":"2025-12-03T18:09:12","slug":"apres-son-concert-au-zenith-de-paris-ed-sheeran-a-dine-dans-cette-fameuse-brasserie-parisienne","status":"publish","type":"post","link":"https:\/\/www.europesays.com\/fr\/575870\/","title":{"rendered":"Apr\u00e8s son concert au Z\u00e9nith de Paris, Ed Sheeran a d\u00een\u00e9 dans cette fameuse brasserie parisienne"},"content":{"rendered":"<p class=\"mb-4 text-lg md:leading-8 break-words\"><strong>gastronomie &#8211; Le chanteur britannique venait de donner un concert au Z\u00e9nith de Paris<\/strong><\/p>\n<p class=\"mb-4 text-lg md:leading-8 break-words\">Ed Sheeran n\u2019a pas oubli\u00e9 son carnet d\u2019adresses lors de sa derni\u00e8re visite \u00e0 Paris. L\u2019interpr\u00e8te d\u2019Azizam venait de donner <a href=\"https:\/\/www.20minutes.fr\/arts-stars\/culture\/4189226-20251202-star-academy-2025-candidate-belge-anouk-rejoint-ed-sheeran-scene-zenith-paris?at_medium=RSS%20feed&amp;at_campaign=ynews&amp;utm_source=yahoo&amp;utm_medium=rss&amp;utm_campaign=news_feed&amp;utm_content=in_article_link\" rel=\"nofollow noopener\" target=\"_blank\" data-ylk=\"slk:un concert au Z\u00e9nith de Paris;elm:context_link;itc:0;sec:content-canvas\" class=\"link \">un concert au Z\u00e9nith de Paris<\/a> et il a visiblement eu un petit creux.<\/p>\n<p class=\"mb-4 text-lg md:leading-8 break-words\">Fin gastronome, le chanteur britannique n\u2019a pas choisi un restaurant au hasard. Ed Sheeran a \u00e9t\u00e9 aper\u00e7u \u00e0 la sortie d\u2019une v\u00e9ritable institution, la brasserie parisienne Au Pied de Cochon, situ\u00e9e dans le quartier des Halles. Un instant qui a \u00e9t\u00e9 captur\u00e9 par Purepeople dans une vid\u00e9o partag\u00e9e sur TikTok.<\/p>\n<p class=\"mb-4 text-lg md:leading-8 break-words\">On y voit l\u2019artiste souriant quitter les lieux en compagnie de son \u00e9quipe de s\u00e9curit\u00e9, avant de se glisser dans un SUV.<\/p>\n<p class=\"mb-4 text-lg md:leading-8 break-words\">Si l\u2019on ignore ce qu\u2019il a consomm\u00e9 sur place, le parrain de la Star Academy a certainement eu l\u2019embarras du choix parmi les formules et sp\u00e9cialit\u00e9s de la maison \u00e0 base de porcs, dont le fameux pied de cochon grill\u00e9, duquel le bistrot tient son nom, pour 25,50 euros. \u00c0 moins qu\u2019il ait pr\u00e9f\u00e9r\u00e9 go\u00fbter aux plateaux de fruits de mer ou autres plats \u00e0 base de viandes diverses, comme le b\u0153uf, le canard ou la volaille.<\/p>\n<p>Une client\u00e8le c\u00e9l\u00e8bre<\/p>\n<p class=\"mb-4 text-lg md:leading-8 break-words\">Ed Sheeran, qui se produira prochainement en Allemagne, au Royaume-Uni et en Irlande avant de s\u2019envoler pour l\u2019Oc\u00e9anie dans le cadre <a href=\"https:\/\/www.20minutes.fr\/arts-stars\/people\/4172017-20250909-ed-sheeran-emmenage-etats-unis-agathe-auproux-confie-premieres-semaines-fils?at_medium=RSS%20feed&amp;at_campaign=ynews&amp;utm_source=yahoo&amp;utm_medium=rss&amp;utm_campaign=news_feed&amp;utm_content=in_article_link\" rel=\"nofollow noopener\" target=\"_blank\" data-ylk=\"slk:d\u2019une tourn\u00e9e;elm:context_link;itc:0;sec:content-canvas\" class=\"link \">d\u2019une tourn\u00e9e<\/a> soutenant son dernier album Play, sorti en septembre, n\u2019est pas le seul artiste \u00e0 avoir fr\u00e9quent\u00e9 l\u2019\u00e9tablissement. Au Pied de Cochon, ouvert 7j\/7 et quasiment 24H\/24, a vu quelques noms c\u00e9l\u00e8bres se d\u00e9lecter de ses plats depuis sa cr\u00e9ation en\u00a01947.<\/p>\n<p class=\"mb-4 text-lg md:leading-8 break-words\">L\u2019ancien pr\u00e9sident de la R\u00e9publique Fran\u00e7ois Mitte(&#8230;)<\/p>\n<p class=\"mb-4 text-lg md:leading-8 break-words\"><a href=\"https:\/\/www.20minutes.fr\/arts-stars\/people\/4189509-20251203-apres-concert-zenith-paris-ed-sheeran-dine-fameuse-brasserie-parisienne?at_medium=RSS%20feed&amp;at_campaign=ynews&amp;utm_source=yahoo&amp;utm_medium=rss&amp;utm_campaign=news_feed&amp;utm_content=read_more_link&quot;\" rel=\"nofollow noopener\" target=\"_blank\" data-ylk=\"slk:Lire la suite sur 20minutes;elm:context_link;itc:0;sec:content-canvas\" class=\"link \">Lire la suite sur 20minutes<\/a><\/p>\n<p>\u00c0 lire aussi :<br \/><a href=\"https:\/\/www.20minutes.fr\/arts-stars\/people\/4177438-20251006-ed-sheeran-va-chanter-mariage-taylor-swift-britney-spears-blessee-genou-apres-chute?at_medium=RSS%20feed&amp;at_campaign=ynews&amp;utm_source=yahoo&amp;utm_medium=rss&amp;utm_campaign=news_feed&amp;utm_content=related_content_link\" rel=\"nofollow noopener\" target=\"_blank\" data-ylk=\"slk:Ed Sheeran va-t-il chanter au mariage de Taylor Swift\u00a0? Britney Spears bless\u00e9e au genou apr\u00e8s une chute\u2026;elm:context_link;itc:0;sec:content-canvas\" class=\"link \">Ed Sheeran va-t-il chanter au mariage de Taylor Swift\u00a0? Britney Spears bless\u00e9e au genou apr\u00e8s une chute\u2026<\/a><\/p>\n","protected":false},"excerpt":{"rendered":"gastronomie &#8211; Le chanteur britannique venait de donner un concert au Z\u00e9nith de Paris Ed Sheeran n\u2019a pas&hellip;\n","protected":false},"author":2,"featured_media":575871,"comment_status":"","ping_status":"","sticky":false,"template":"","format":"standard","meta":{"footnotes":""},"categories":[1888],"tags":[1111,1928,11,1927,1697,9472,1777,674,1011,27,12,1926,626,1925,69015,69014,25,28506],"class_list":{"0":"post-575870","1":"post","2":"type-post","3":"status-publish","4":"format-standard","5":"has-post-thumbnail","7":"category-paris","8":"tag-actu","9":"tag-actu-paris","10":"tag-actualites","11":"tag-actualites-paris","12":"tag-concert","13":"tag-ed-sheeran","14":"tag-eu","15":"tag-europe","16":"tag-fr","17":"tag-france","18":"tag-news","19":"tag-news-paris","20":"tag-paris","21":"tag-paris-news","22":"tag-pied-de-cochon","23":"tag-plateaux-de-fruits-de-mer","24":"tag-republique-francaise","25":"tag-zenith-de-paris"},"share_on_mastodon":{"url":"https:\/\/pubeurope.com\/@fr\/115656980385491756","error":""},"_links":{"self":[{"href":"https:\/\/www.europesays.com\/fr\/wp-json\/wp\/v2\/posts\/575870","targetHints":{"allow":["GET"]}}],"collection":[{"href":"https:\/\/www.europesays.com\/fr\/wp-json\/wp\/v2\/posts"}],"about":[{"href":"https:\/\/www.europesays.com\/fr\/wp-json\/wp\/v2\/types\/post"}],"author":[{"embeddable":true,"href":"https:\/\/www.europesays.com\/fr\/wp-json\/wp\/v2\/users\/2"}],"replies":[{"embeddable":true,"href":"https:\/\/www.europesays.com\/fr\/wp-json\/wp\/v2\/comments?post=575870"}],"version-history":[{"count":0,"href":"https:\/\/www.europesays.com\/fr\/wp-json\/wp\/v2\/posts\/575870\/revisions"}],"wp:featuredmedia":[{"embeddable":true,"href":"https:\/\/www.europesays.com\/fr\/wp-json\/wp\/v2\/media\/575871"}],"wp:attachment":[{"href":"https:\/\/www.europesays.com\/fr\/wp-json\/wp\/v2\/media?parent=575870"}],"wp:term":[{"taxonomy":"category","embeddable":true,"href":"https:\/\/www.europesays.com\/fr\/wp-json\/wp\/v2\/categories?post=575870"},{"taxonomy":"post_tag","embeddable":true,"href":"https:\/\/www.europesays.com\/fr\/wp-json\/wp\/v2\/tags?post=575870"}],"curies":[{"name":"wp","href":"https:\/\/api.w.org\/{rel}","templated":true}]}}