{"id":575876,"date":"2025-12-03T18:12:14","date_gmt":"2025-12-03T18:12:14","guid":{"rendered":"https:\/\/www.europesays.com\/fr\/575876\/"},"modified":"2025-12-03T18:12:14","modified_gmt":"2025-12-03T18:12:14","slug":"la-russie-prete-pour-une-guerre-contre-leurope-vraiment","status":"publish","type":"post","link":"https:\/\/www.europesays.com\/fr\/575876\/","title":{"rendered":"La Russie \u00ab\u00a0pr\u00eate\u00a0\u00bb pour une guerre contre l\u2019Europe\u2026 vraiment\u00a0?"},"content":{"rendered":"<p class=\"paragraph text_align_left lp-f-body-02\">Des propos qui font suite \u00e0 une sortie du chef du comit\u00e9 militaire de l\u2019Otan <a href=\"https:\/\/www.leparisien.fr\/international\/ukraine\/direct-guerre-en-ukraine-volodymyr-zelensky-recu-par-emmanuel-macron-a-paris-en-quete-de-soutiens-pendant-les-negociations-de-paix-01-12-2025-ARG66DZG3JD2ZMMV6DVALNSJSE.php\" target=\"_self\" rel=\"noopener\">Giuseppe Cavo Dragone<\/a> le week-end dernier, dans les colonnes du <a href=\"https:\/\/www.ft.com\/content\/dbd93caa-3c62-48bb-9eba-08c25f31ab02\" target=\"_self\" rel=\"noopener\">Financial Times<\/a>. \u00ab Se montrer plus agressif que notre homologue pourrait \u00eatre une option \u00bb, avait expliqu\u00e9 l\u2019amiral italien, avant d\u2019\u00e9voquer la possibilit\u00e9 d\u2019une \u00ab frappe pr\u00e9ventive \u00bb qui pourrait \u00eatre vue comme une action de d\u00e9fense. \u00ab C\u2019est plus \u00e9loign\u00e9 de notre fa\u00e7on habituelle de penser et d\u2019agir \u00bb, avait-il tout de m\u00eame nuanc\u00e9. Des propos qui selon plusieurs sp\u00e9cialistes ont conduit \u00e0 la r\u00e9ponse mardi du chef du Kremlin.<\/p>\n","protected":false},"excerpt":{"rendered":"Des propos qui font suite \u00e0 une sortie du chef du comit\u00e9 militaire de l\u2019Otan Giuseppe Cavo Dragone&hellip;\n","protected":false},"author":2,"featured_media":575877,"comment_status":"","ping_status":"","sticky":false,"template":"","format":"standard","meta":{"footnotes":""},"categories":[1591],"tags":[11,1887,14,12,1885,1886,132,220],"class_list":{"0":"post-575876","1":"post","2":"type-post","3":"status-publish","4":"format-standard","5":"has-post-thumbnail","7":"category-russie","8":"tag-actualites","9":"tag-federation-de-russie","10":"tag-international","11":"tag-news","12":"tag-russia","13":"tag-russian-federation","14":"tag-russie","15":"tag-ukraine"},"share_on_mastodon":{"url":"https:\/\/pubeurope.com\/@fr\/115656992027713466","error":""},"_links":{"self":[{"href":"https:\/\/www.europesays.com\/fr\/wp-json\/wp\/v2\/posts\/575876","targetHints":{"allow":["GET"]}}],"collection":[{"href":"https:\/\/www.europesays.com\/fr\/wp-json\/wp\/v2\/posts"}],"about":[{"href":"https:\/\/www.europesays.com\/fr\/wp-json\/wp\/v2\/types\/post"}],"author":[{"embeddable":true,"href":"https:\/\/www.europesays.com\/fr\/wp-json\/wp\/v2\/users\/2"}],"replies":[{"embeddable":true,"href":"https:\/\/www.europesays.com\/fr\/wp-json\/wp\/v2\/comments?post=575876"}],"version-history":[{"count":0,"href":"https:\/\/www.europesays.com\/fr\/wp-json\/wp\/v2\/posts\/575876\/revisions"}],"wp:featuredmedia":[{"embeddable":true,"href":"https:\/\/www.europesays.com\/fr\/wp-json\/wp\/v2\/media\/575877"}],"wp:attachment":[{"href":"https:\/\/www.europesays.com\/fr\/wp-json\/wp\/v2\/media?parent=575876"}],"wp:term":[{"taxonomy":"category","embeddable":true,"href":"https:\/\/www.europesays.com\/fr\/wp-json\/wp\/v2\/categories?post=575876"},{"taxonomy":"post_tag","embeddable":true,"href":"https:\/\/www.europesays.com\/fr\/wp-json\/wp\/v2\/tags?post=575876"}],"curies":[{"name":"wp","href":"https:\/\/api.w.org\/{rel}","templated":true}]}}