{"id":575878,"date":"2025-12-03T18:13:22","date_gmt":"2025-12-03T18:13:22","guid":{"rendered":"https:\/\/www.europesays.com\/fr\/575878\/"},"modified":"2025-12-03T18:13:22","modified_gmt":"2025-12-03T18:13:22","slug":"le-projet-dursula-von-der-leyen-pour-utiliser-les-avoirs-russes-au-profit-de-kiev","status":"publish","type":"post","link":"https:\/\/www.europesays.com\/fr\/575878\/","title":{"rendered":"le projet d\u2019Ursula von der Leyen pour utiliser les avoirs russes au profit de Kiev"},"content":{"rendered":"<p>\n    <strong>D\u00c9CRYPTAGE &#8211;<\/strong> Deux options sont aujourd\u2019hui sur la table pour renflouer les caisses.<\/p>\n<p class=\"fig-paragraph\">Il y a une semaine, l\u2019UE s\u2019est retrouv\u00e9e prise de court en d\u00e9couvrant que l\u2019entourage de Trump souhaitait mettre la main sur\u00a0<a href=\"http:\/\/www.lefigaro.fr\/international\/la-belgique-refuse-de-lacher-au-profit-de-l-ukraine-les-avoirs-russes-geles-20251128\" target=\"_blank\" data-fig-type=\"Article\" rel=\"noopener\" data-gtm-custom-categorie=\"navigation\" data-gtm-custom-action=\"crossclick\" data-gtm-custom-label=\"Contextuel\" data-gtm-event=\"customEventSPE\" data-fig-domain=\"LEFIGARO\">les avoirs russes gel\u00e9s en Europe<\/a>, en \u00e9change d\u2019une paix en Ukraine. Ce \u00ab\u00a0magot\u00a0\u00bb, estim\u00e9 \u00e0 plus de 210\u00a0milliards d\u2019euros, est vu par les Europ\u00e9ens comme une ressource inesp\u00e9r\u00e9e pour continuer de financer le soutien \u00e0\u00a0<a href=\"http:\/\/www.lefigaro.fr\/international\/guerre-en-ukraine-la-russie-revendique-la-prise-de-la-ville-cle-de-pokrovsk-20251202\" target=\"_blank\" data-fig-type=\"NewsFlash\" rel=\"noopener\" data-gtm-custom-categorie=\"navigation\" data-gtm-custom-action=\"crossclick\" data-gtm-custom-label=\"Contextuel\" data-gtm-event=\"customEventSPE\" data-fig-domain=\"LEFIGARO\">l\u2019Ukraine<\/a>\u00a0et \u00e0 sa reconstruction, qu\u2019ils assument d\u00e9sormais seuls depuis le retrait des \u00c9tats-Unis. L\u2019urgence est double, les caisses ukrainiennes se vidant, et Washington convoitant ces milliards pour r\u00e9aliser ses propres investissements en Ukraine.<\/p>\n<p class=\"fig-paragraph\">Les Europ\u00e9ens buttent depuis plusieurs mois sur la fa\u00e7on d\u2019utiliser ces revenus g\u00e9n\u00e9r\u00e9s par les actifs russes gel\u00e9s en Europe. L\u2019Ukraine, elle, risque de se retrouver \u00e0 court de liquidit\u00e9s d\u00e8s f\u00e9vrier. Selon des calculs du\u00a0<a href=\"http:\/\/www.lefigaro.fr\/conjoncture\/allemagne-le-fmi-presse-friedrich-merz-a-reformer-pour-reveiller-la-croissance-20251127\" target=\"_blank\" data-fig-type=\"Article\" rel=\"noopener\" data-gtm-custom-categorie=\"navigation\" data-gtm-custom-action=\"crossclick\" data-gtm-custom-label=\"Contextuel\" data-gtm-event=\"customEventSPE\" data-fig-domain=\"LEFIGARO\">FMI<\/a>, Kiev aurait besoin de 135,7\u00a0milliards d\u2019euros pour les deux ann\u00e9es \u00e0 venir, \u00e0 la fois pour assurer son budget civil et ses d\u00e9penses militaires.<\/p>\n<p>                                            \u00abFournir les moyens de se d\u00e9fendre\u00bb<\/p>\n<p class=\"fig-paragraph\">Deux options sont aujourd\u2019hui sur\u2026<\/p>\n<p class=\"fig-premium-paywall__infos\">\n        Cet article est r\u00e9serv\u00e9 aux abonn\u00e9s.        Il vous reste 80% \u00e0 d\u00e9couvrir.\n    <\/p>\n<p>                <img  data- alt=\"Le Figaro\" class=\"fig-img--complete fig-img\"\/><\/p>\n<p class=\"fig-premium-paywall__title\">Vous avez envie de lire la suite ?<\/p>\n<p class=\"fig-premium-paywall__subtitle\">D\u00e9bloquez tous les articles imm\u00e9diatement.<\/p>\n<p class=\"fig-premium-paywall__connect\">\n                D\u00e9j\u00e0 abonn\u00e9\u00a0?                <a class=\"fig-premium-paywall__connect-link\" href=\"https:\/\/connect.lefigaro.fr\/login?client=horizon_web&amp;type=main&amp;redirect_uri=https%3A%2F%2Fwww.lefigaro.fr%2Finternational%2Fguerre-en-ukraine-le-projet-d-ursula-von-der-leyen-pour-utiliser-les-avoirs-russes-au-profit-de-kiev-20251203\" data-js-gtm=\"{&quot;customCategorie&quot;: &quot;conversion&quot;, &quot;customAction&quot;: &quot;before_Landing_Connexion_paywall_auto&quot;, &quot;customLabel&quot;: &quot;bGVmaWdhcm8uZnJfXzFmMGQwNjFlLThjMzMtNjEyNi04MTNhLTBmYTM0YjRhZWFhNF9fQXJ0aWNsZQ==_Guerre en Ukraine\u00a0: le projet d\u2019Ursula von der Leyen pour utiliser les avoirs russes au profit de Kiev_31&quot;, &quot;customIDSPE&quot;: &quot;bGVmaWdhcm8uZnJfXzFmMGQwNjFlLThjMzMtNjEyNi04MTNhLTBmYTM0YjRhZWFhNF9fQXJ0aWNsZQ==&quot;, &quot;event&quot;: &quot;customEventSPE&quot;}\" target=\"_blank\" rel=\"noopener\"><br \/>\n                    Connectez-vous<br \/>\n                <\/a>\n            <\/p>\n","protected":false},"excerpt":{"rendered":"D\u00c9CRYPTAGE &#8211; Deux options sont aujourd\u2019hui sur la table pour renflouer les caisses. Il y a une semaine,&hellip;\n","protected":false},"author":2,"featured_media":575879,"comment_status":"","ping_status":"","sticky":false,"template":"","format":"standard","meta":{"footnotes":""},"categories":[1590],"tags":[11,2360,1777,674,131,12,220,2544],"class_list":{"0":"post-575878","1":"post","2":"type-post","3":"status-publish","4":"format-standard","5":"has-post-thumbnail","7":"category-ukraine","8":"tag-actualites","9":"tag-bruxelles","10":"tag-eu","11":"tag-europe","12":"tag-guerre-en-ukraine","13":"tag-news","14":"tag-ukraine","15":"tag-ursula-von-der-leyen"},"share_on_mastodon":{"url":"https:\/\/pubeurope.com\/@fr\/115656996206091850","error":""},"_links":{"self":[{"href":"https:\/\/www.europesays.com\/fr\/wp-json\/wp\/v2\/posts\/575878","targetHints":{"allow":["GET"]}}],"collection":[{"href":"https:\/\/www.europesays.com\/fr\/wp-json\/wp\/v2\/posts"}],"about":[{"href":"https:\/\/www.europesays.com\/fr\/wp-json\/wp\/v2\/types\/post"}],"author":[{"embeddable":true,"href":"https:\/\/www.europesays.com\/fr\/wp-json\/wp\/v2\/users\/2"}],"replies":[{"embeddable":true,"href":"https:\/\/www.europesays.com\/fr\/wp-json\/wp\/v2\/comments?post=575878"}],"version-history":[{"count":0,"href":"https:\/\/www.europesays.com\/fr\/wp-json\/wp\/v2\/posts\/575878\/revisions"}],"wp:featuredmedia":[{"embeddable":true,"href":"https:\/\/www.europesays.com\/fr\/wp-json\/wp\/v2\/media\/575879"}],"wp:attachment":[{"href":"https:\/\/www.europesays.com\/fr\/wp-json\/wp\/v2\/media?parent=575878"}],"wp:term":[{"taxonomy":"category","embeddable":true,"href":"https:\/\/www.europesays.com\/fr\/wp-json\/wp\/v2\/categories?post=575878"},{"taxonomy":"post_tag","embeddable":true,"href":"https:\/\/www.europesays.com\/fr\/wp-json\/wp\/v2\/tags?post=575878"}],"curies":[{"name":"wp","href":"https:\/\/api.w.org\/{rel}","templated":true}]}}