{"id":575890,"date":"2025-12-03T18:20:14","date_gmt":"2025-12-03T18:20:14","guid":{"rendered":"https:\/\/www.europesays.com\/fr\/575890\/"},"modified":"2025-12-03T18:20:14","modified_gmt":"2025-12-03T18:20:14","slug":"la-mere-de-famille-empoisonneuse-condamnee-a-30-ans-de-reclusion-criminelle","status":"publish","type":"post","link":"https:\/\/www.europesays.com\/fr\/575890\/","title":{"rendered":"la m\u00e8re de famille empoisonneuse condamn\u00e9e \u00e0 30 ans de r\u00e9clusion criminelle"},"content":{"rendered":"<p>\n    Cette peine est assortie d\u2019une p\u00e9riode de s\u00fbret\u00e9 de 20 ans pour la m\u00e8re de famille, que plusieurs psychologues estiment atteinte d\u2019un dangereux syndrome de M\u00fcncchausen par procuration.<\/p>\n<p class=\"fig-paragraph\"><a href=\"http:\/\/www.lefigaro.fr\/faits-divers\/au-proces-de-maylis-daubon-la-defense-ecrit-une-autre-histoire-de-la-mort-de-sa-fille-enea-celle-du-suicide-d-une-ado-qui-n-allait-pas-bien-20251203\" target=\"_blank\" data-fig-type=\"NewsFlash\" rel=\"noopener\" data-gtm-custom-categorie=\"navigation\" data-gtm-custom-action=\"crossclick\" data-gtm-custom-label=\"Contextuel\" data-gtm-event=\"customEventSPE\" data-fig-domain=\"LEFIGARO\">Maylis Daubon\u00a0<\/a>a \u00e9t\u00e9 reconnue coupable d\u2019avoir empoisonn\u00e9 ses deux filles, dont l\u2019une mortellement, avec une dose massive de propranolol, et a \u00e9t\u00e9 condamn\u00e9e \u00e0 la peine de 30 ans de r\u00e9clusion criminelle, avec une p\u00e9riode de s\u00fbret\u00e9 de 20 ans, par les assises des Landes ce mercredi, assortie d\u2019une injonction de soins. Cette condamnation va au-del\u00e0 des r\u00e9quisitions du minist\u00e8re public, qui avait requis une peine de s\u00fbret\u00e9 moins importante &#8211; 15 ans &#8211; contre cette m\u00e8re de famille, dont la personnalit\u00e9 mythomane est rest\u00e9e un myst\u00e8re tout au long de ce proc\u00e8s. \u00c0 l\u2019\u00e9coute du verdict, Yannick Reverdy, l\u2019ex-mari de l\u2019accus\u00e9e, et les membres de sa famille, se sont enlac\u00e9s, en larmes.<\/p>\n<p class=\"fig-paragraph\">D\u2019apr\u00e8s plusieurs psychologues, interrog\u00e9s dans le cadre de la proc\u00e9dure, Maylis Daubon pourrait \u00eatre atteinte d\u2019un syndrome de M\u00fcncchausen par procuration, qui l\u2019aurait conduite \u00e0 surm\u00e9dicamenter Enea et Luan, en leur inventant des maladies, sans autre but que d\u2019endosser le r\u00f4le gratifiant de m\u00e8re d\u00e9vou\u00e9e, et susciter la compassion de son entourage.<\/p>\n<p>                                            <a class=\"fig-a11y-skip\" href=\"#fig-a11y-skip-main-inarticle\" data-module=\"a11y-skip\" data-context=\"was @visible\"><br \/>\n    Passer la publicit\u00e9<br \/>\n<\/a>            <\/p>\n<p class=\"fig-paragraph\">Jusqu\u2019au matin du 13 novembre 2019, jour o\u00f9 Enea, \u00e2g\u00e9e de 18 ans, est retrouv\u00e9e par sa s\u0153ur dans sa chambre, le corps secou\u00e9 de convulsions, apr\u00e8s avoir ing\u00e9r\u00e9 une dose massive de propanolol, un b\u00eatabloquant rarement prescrit aux jeunes personnes. Des analyses toxicologiques de Luan, la cadette, avaient ensuite montr\u00e9 que la deuxi\u00e8me fille de Maylis Daubon ing\u00e9rait elle aussi ce m\u00e9dicament \u00e0 son insu, bien apr\u00e8s la mort de sa s\u0153ur, sans qu\u2019il ne lui ait \u00e9t\u00e9 prescrit.<\/p>\n<p>                                            Personnalit\u00e9 \u00abloufoque\u00bb<\/p>\n<p class=\"fig-paragraph\">Pendant une semaine, la cour d\u2019assises des Landes a pass\u00e9 au crible l\u2019emploi du temps de Maylis Daubon, dans lequel plusieurs points sont rest\u00e9s en suspens, comme autant de preuves de sa culpabilit\u00e9 que de son innocence. Parmi ceux-ci, la m\u00e8re de famille ne se trouvait pas au domicile lorsque survient la crise d\u2019\u00e9pilepsie de sa fille a\u00een\u00e9e, qui entra\u00eenera un arr\u00eat cardiaque, puis sa mort. Le jour du drame, elle n\u2019avait regagn\u00e9 le domicile que dix minutes apr\u00e8s avoir \u00e9t\u00e9 alert\u00e9e par Luan, par t\u00e9l\u00e9phone. Lors de l\u2019intervention des pompiers, Maylis Daubon \u00e9tait ensuite rest\u00e9e \u00e0 proximit\u00e9 de la chambre de l\u2019adolescente, et avait entrepris de passer un coup de t\u00e9l\u00e9phone \u00e0 un parent d\u2019\u00e9l\u00e8ve de l\u2019\u00e9cole, sans mentionner \u00e0 son interlocuteur le sort tr\u00e8s inqui\u00e9tant d\u2019Enea. L\u2019appel avait dur\u00e9 quatre minutes.<\/p>\n<p class=\"fig-paragraph\">Ces minutes, trop longues aux yeux des avocats de la partie civile, ont \u00e9t\u00e9 point\u00e9es \u00e0 l\u2019audience comme une autre preuve de la froide pr\u00e9m\u00e9ditation de Maylis Daubon lors de l\u2019agonie d\u2019Enea. Le coup de t\u00e9l\u00e9phone, au contenu \u00abinsignifiant\u00bb, ne pouvant \u00eatre que la signature d\u2019une m\u00e8re \u00absadique\u00bb, qui a empoisonn\u00e9 le caf\u00e9 au lait de sa fille avec un b\u00eatabloquant, s\u2019est concoct\u00e9 un alibi, tarde \u00e0 pr\u00e9venir les secours, puis laisse ensuite \u00absouffrir son enfant\u00bb. Outre ce d\u00e9tachement de fa\u00e7ade, sa personnalit\u00e9 \u00abloufoque\u00bb avait ensuite choqu\u00e9 plusieurs t\u00e9moins de cette affaire, \u00e0 l\u2019h\u00f4pital de Dax o\u00f9 Enea est hospitalis\u00e9e en urgence, mais aussi lors des obs\u00e8ques de la jeune fille, durant lesquels Maylis Daubon, de nature extravertie et th\u00e9\u00e2trale, arborait une robe d\u00e9collet\u00e9e jug\u00e9e ind\u00e9cente, chantait \u00abcomme dans une chorale\u00bb, puis avait propos\u00e9 d\u2019aller \u00abboire des mojitos\u00bb \u00e0 la sant\u00e9 de sa fille a\u00een\u00e9e.<\/p>\n<p>                                            \u00abVerdict extr\u00eamement lourd\u00bb<\/p>\n<p class=\"fig-paragraph\">Mercredi, les avocats de Maylis Daubon,\u00a0<a href=\"http:\/\/www.lefigaro.fr\/faits-divers\/au-proces-de-maylis-daubon-la-defense-ecrit-une-autre-histoire-de-la-mort-de-sa-fille-enea-celle-du-suicide-d-une-ado-qui-n-allait-pas-bien-20251203\" target=\"_blank\" data-fig-type=\"NewsFlash\" rel=\"noopener\" data-gtm-custom-categorie=\"navigation\" data-gtm-custom-action=\"crossclick\" data-gtm-custom-label=\"Contextuel\" data-gtm-event=\"customEventSPE\" data-fig-domain=\"LEFIGARO\">Mes G\u00e9rard Danglade et Carine Monzat<\/a>, avaient plaid\u00e9 l\u2019acquittement en appuyant leur d\u00e9fense sur un \u00e9cueil de ce proc\u00e8s\u00a0: le manque de d\u00e9bats sur la personnalit\u00e9 d\u00e9pressive d\u2019Enea, dont les pens\u00e9es t\u00e9n\u00e9breuses l\u2019auraient conduite \u00e0 se suicider. Lors des plaidoiries, les deux conseils avaient relativis\u00e9 l\u2019obsession pour la sant\u00e9 que cultivait l\u2019accus\u00e9e, et l\u2019atmosph\u00e8re tr\u00e8s \u00e9trange de la maison des Daubon, o\u00f9 il suffit d\u2019ouvrir un tiroir pour tomber sur des anxiolytiques, neuroleptiques et somnif\u00e8res. \u00abOn se dit, c\u2019est invraisemblable cette femme qui passe son temps chez les m\u00e9decins, \u00e0 la pharmacie. Et alors\u00a0? Elle se pr\u00e9occupe de la sant\u00e9 de ses enfants. L\u2019empoisonnement, c\u2019est le propranolol. Le reste, ce sont des m\u00e9dicaments, des posologies qui peuvent para\u00eetre certes inadapt\u00e9es. Mais si on se place dans la peau de Maylis Daubon, c\u2019est un souci constant que des soins soient apport\u00e9s \u00e0 ses filles, qui se trouvaient dans une situation psychologique inqui\u00e9tante\u00bb, avait alors expliqu\u00e9 Me G\u00e9rard Danglade. \u00abCombien de m\u00e8res sont surprotectrices\u00a0? Cela n\u2019en fait pas pour autant des criminelles\u00a0!\u00bb\u00a0<\/p>\n<p class=\"fig-paragraph\">\u00abC\u2019est un verdict extr\u00eamement lourd et inqui\u00e9tant. Compte tenu de la sanction qui la frappe, Maylis Daubon va tr\u00e8s s\u00e9rieusement r\u00e9fl\u00e9chir \u00e0 faire appel. Elle accueille le verdict de fa\u00e7on douloureuse, elle est effondr\u00e9e\u00bb, a sobrement comment\u00e9 Me G\u00e9rard Danglade, \u00e0 l\u2019issue du verdict, ce mercredi. Maylis Daubon dispose de dix jours pour interjeter appel de sa condamnation.<\/p>\n","protected":false},"excerpt":{"rendered":"Cette peine est assortie d\u2019une p\u00e9riode de s\u00fbret\u00e9 de 20 ans pour la m\u00e8re de famille, que plusieurs&hellip;\n","protected":false},"author":2,"featured_media":575891,"comment_status":"","ping_status":"","sticky":false,"template":"","format":"standard","meta":{"footnotes":""},"categories":[2],"tags":[11,1011,27,9390,12,2694,25],"class_list":{"0":"post-575890","1":"post","2":"type-post","3":"status-publish","4":"format-standard","5":"has-post-thumbnail","7":"category-actualites","8":"tag-actualites","9":"tag-fr","10":"tag-france","11":"tag-mont-de-marsan","12":"tag-news","13":"tag-proces","14":"tag-republique-francaise"},"share_on_mastodon":{"url":"https:\/\/pubeurope.com\/@fr\/115657023434635364","error":""},"_links":{"self":[{"href":"https:\/\/www.europesays.com\/fr\/wp-json\/wp\/v2\/posts\/575890","targetHints":{"allow":["GET"]}}],"collection":[{"href":"https:\/\/www.europesays.com\/fr\/wp-json\/wp\/v2\/posts"}],"about":[{"href":"https:\/\/www.europesays.com\/fr\/wp-json\/wp\/v2\/types\/post"}],"author":[{"embeddable":true,"href":"https:\/\/www.europesays.com\/fr\/wp-json\/wp\/v2\/users\/2"}],"replies":[{"embeddable":true,"href":"https:\/\/www.europesays.com\/fr\/wp-json\/wp\/v2\/comments?post=575890"}],"version-history":[{"count":0,"href":"https:\/\/www.europesays.com\/fr\/wp-json\/wp\/v2\/posts\/575890\/revisions"}],"wp:featuredmedia":[{"embeddable":true,"href":"https:\/\/www.europesays.com\/fr\/wp-json\/wp\/v2\/media\/575891"}],"wp:attachment":[{"href":"https:\/\/www.europesays.com\/fr\/wp-json\/wp\/v2\/media?parent=575890"}],"wp:term":[{"taxonomy":"category","embeddable":true,"href":"https:\/\/www.europesays.com\/fr\/wp-json\/wp\/v2\/categories?post=575890"},{"taxonomy":"post_tag","embeddable":true,"href":"https:\/\/www.europesays.com\/fr\/wp-json\/wp\/v2\/tags?post=575890"}],"curies":[{"name":"wp","href":"https:\/\/api.w.org\/{rel}","templated":true}]}}