{"id":575893,"date":"2025-12-03T18:22:13","date_gmt":"2025-12-03T18:22:13","guid":{"rendered":"https:\/\/www.europesays.com\/fr\/575893\/"},"modified":"2025-12-03T18:22:13","modified_gmt":"2025-12-03T18:22:13","slug":"coupe-de-france-la-date-les-horaires-et-la-programmation-tv-de-tous-les-matchs-des-32es-de-finale","status":"publish","type":"post","link":"https:\/\/www.europesays.com\/fr\/575893\/","title":{"rendered":"Coupe de France\u00a0: la date, les horaires et la programmation TV de tous les matchs des 32es de finale"},"content":{"rendered":"<p class=\"paragraph text_align_left lp-f-body-02\">Le programme <a href=\"https:\/\/www.leparisien.fr\/sports\/football\/coupe-de-france-le-psg-et-le-paris-fc-epargnes-un-seul-choc-entre-ligue-1-toutes-les-affiches-des-32e-de-finale-01-12-2025-YNZXGIIGDZGSRA4XXAW3RNZCJY.php\" target=\"_blank\" rel=\"noreferrer noopener\">des 32es de finale de la Coupe de France<\/a> est connu. Deux jours apr\u00e8s le tirage au sort r\u00e9alis\u00e9 au Parc des Princes, les horaires et la programmation TV des affiches ont \u00e9t\u00e9 d\u00e9voil\u00e9s par la F\u00e9d\u00e9ration fran\u00e7aise de <a href=\"https:\/\/www.leparisien.fr\/sports\/football\/\" target=\"_blank\" rel=\"noreferrer noopener\">football<\/a>. <\/p>\n<p class=\"paragraph text_align_left lp-f-body-02\">Trois matchs ont \u00e9t\u00e9 pr\u00e9vus en prime time, avec RC Lens-Feignies Aulnoye, <a href=\"https:\/\/www.leparisien.fr\/sports\/football\/psg\/coupe-de-france-fontenay-psg-au-stade-de-la-beaujoire-a-nantes-le-20-decembre-03-12-2025-ITLV6MCL4RFHHNN54DDCJOPDUQ.php\" target=\"_blank\" rel=\"noreferrer noopener\">Vend\u00e9e Fontenay-PSG<\/a> et Saint-Cyr Mont D\u2019or-Lyon.<\/p>\n<p class=\"paragraph text_align_left lp-f-body-02\"><b>Vendredi 19 d\u00e9cembre :<\/b><\/p>\n<p class=\"paragraph text_align_left lp-f-body-02\">20h45, multiplex sur BeIN Sport 2 :<\/p>\n<ul class=\"margin_bottom_md fs_18_26 fs_20_28_ad blue-dot\">\n<li class=\"mb_150 pl_325\">Les Herbiers (N2) &#8211; Angers (L1)<\/li>\n<li class=\"mb_150 pl_325\">Avranches (N2) &#8211; Brest (L1)<\/li>\n<li class=\"mb_150 pl_325\">Olympique Marcq en Baroeul (R1) &#8211; Troyes (L2)<\/li>\n<li class=\"mb_150 pl_325\">P\u00e9rigny (R1) &#8211; Le\u00a0Mans (L2)<\/li>\n<li class=\"mb_150 pl_325\">Guingamp (L2) &#8211; Laval (L2)<\/li>\n<li class=\"mb_150 pl_325\">Canet (N3) &#8211; Montpellier (L2)<\/li>\n<\/ul>\n<p class=\"paragraph text_align_left lp-f-body-02\">21 heures sur BeIN Sports 1 :<\/p>\n<ul class=\"margin_bottom_md fs_18_26 fs_20_28_ad blue-dot\">\n<li class=\"mb_150 pl_325\">Lens (L1) &#8211; Entente Feignies Aulnoye (N2)<\/li>\n<\/ul>\n<p class=\"paragraph text_align_left lp-f-body-02\"><b>Samedi 20 d\u00e9cembre :<\/b><\/p>\n<p class=\"paragraph text_align_left lp-f-body-02\">15h30, multiplex sur BeIN Sports 1 :<\/p>\n<ul class=\"margin_bottom_md fs_18_26 fs_20_28_ad blue-dot\">\n<li class=\"mb_150 pl_325\">Freyming (R2) &#8211; Chantilly (N2)<\/li>\n<li class=\"mb_150 pl_325\">Saint-Maur Lusitanos (N2) &#8211; Lille (L1)<\/li>\n<li class=\"mb_150 pl_325\">Le Gosier (R1) &#8211; Lorient (L1)<\/li>\n<li class=\"mb_150 pl_325\">Biesheim (N2) &#8211; Metz (L1)<\/li>\n<li class=\"mb_150 pl_325\">Croix (N3) &#8211; Reims (L2)<\/li>\n<li class=\"mb_150 pl_325\">Bayeux (R1) &#8211; Blois (N2)<\/li>\n<\/ul>\n<p class=\"paragraph text_align_left lp-f-body-02\">18 heures, multiplex sur BeIN Sports 1 :<\/p>\n<ul class=\"margin_bottom_md fs_18_26 fs_20_28_ad blue-dot\">\n<li class=\"mb_150 pl_325\">Grenoble (L2) &#8211; Nancy (L2)<\/li>\n<li class=\"mb_150 pl_325\">Raon-l\u2019\u00c9tape (R1) &#8211; <a href=\"https:\/\/www.leparisien.fr\/sports\/football\/paris-fc\/\" target=\"_blank\" rel=\"noreferrer noopener\">Paris FC<\/a> (L1)<\/li>\n<li class=\"mb_150 pl_325\">M\u00e9rignac (R1) &#8211; Istres (N2)<\/li>\n<li class=\"mb_150 pl_325\">Lyon La-Duch\u00e8re (N3) &#8211; Toulouse (L1)<\/li>\n<li class=\"mb_150 pl_325\">Pontivy (N3) &#8211; Bastia (L2)<\/li>\n<li class=\"mb_150 pl_325\">Stade B\u00e9thunois (R1) &#8211; Sochaux (N1)<\/li>\n<\/ul>\n<p class=\"paragraph text_align_left lp-f-body-02\">21 heures sur BeIN Sports 1 :<\/p>\n<ul class=\"margin_bottom_md fs_18_26 fs_20_28_ad blue-dot\">\n<li class=\"mb_150 pl_325\">Vend\u00e9e Fontenay (N3) &#8211; <a href=\"https:\/\/www.leparisien.fr\/sports\/football\/psg\/\" target=\"_blank\" rel=\"noreferrer noopener\">PSG <\/a>(L1)<\/li>\n<\/ul>\n<p class=\"paragraph text_align_left lp-f-body-02\"><b>Dimanche 21 d\u00e9cembre :<\/b><\/p>\n<p class=\"paragraph text_align_left lp-f-body-02\">14h45 sur BeIN Sports :<\/p>\n<ul class=\"margin_bottom_md fs_18_26 fs_20_28_ad blue-dot\">\n<li class=\"mb_150 pl_325\">BeIN 1\u00a0: Bourg-en-Bresse (N1) &#8211; Marseille (L1)<\/li>\n<li class=\"mb_150 pl_325\">BeIN 3\u00a0: Nice (L1) &#8211; Saint-\u00c9tienne (L2)<\/li>\n<li class=\"mb_150 pl_325\">BeIN Max 4\u00a0: Auxerre (L1) &#8211; Monaco (L1)<\/li>\n<li class=\"mb_150 pl_325\">BeIN Max 5\u00a0: Strasbourg (L1) &#8211; Dunkerque (L2)<\/li>\n<li class=\"mb_150 pl_325\">BeIN Max 6\u00a0: Concarneau (N1) &#8211; Nantes (L1)<\/li>\n<\/ul>\n<p class=\"paragraph text_align_left lp-f-body-02\">17h30, multiplex sur BeIN Sports 1 :<\/p>\n<ul class=\"margin_bottom_md fs_18_26 fs_20_28_ad blue-dot\">\n<li class=\"mb_150 pl_325\">Rennes (L1) &#8211; Les Sables (N3)<\/li>\n<li class=\"mb_150 pl_325\">Bassin d\u2019Arcachon (N3) &#8211; Hauts Lyonnais (N3)<\/li>\n<li class=\"mb_150 pl_325\">Le Puy (N1) &#8211; Bordeaux (N2)<\/li>\n<li class=\"mb_150 pl_325\">Le\u00a0Havre (L1) &#8211; Amiens (L2)<\/li>\n<li class=\"mb_150 pl_325\"><a href=\"https:\/\/www.leparisien.fr\/sports\/football\/coupe-de-france-un-dirigeant-de-montreuil-imite-courbis-et-di-meco-pour-feter-la-qualification-en-32es-et-devient-une-star-des-reseaux-03-12-2025-CJPQPBP3HBFOHJZ5JQLV3TUI6Y.php\" target=\"_blank\" rel=\"noreferrer noopener\">Montreuil<\/a> (R1) ou <a href=\"https:\/\/www.leparisien.fr\/sports\/football\/montreuil-granville-elimines-en-coupe-de-france-les-normands-deposent-reclamation-car-plusieurs-joueurs-auraient-du-etre-suspendus-01-12-2025-BLDQLWZPGNDL3HNE42HLUG4ZWM.php\" target=\"_blank\" rel=\"noreferrer noopener\">Granville <\/a>(N2) &#8211; Chauvigny (N3)<\/li>\n<li class=\"mb_150 pl_325\">Orl\u00e9ans (N1) &#8211; Dieppe (N2)<\/li>\n<\/ul>\n<p class=\"paragraph text_align_left lp-f-body-02\">21 heures sur BeIN Sports 1 :<\/p>\n<ul class=\"margin_bottom_md fs_18_26 fs_20_28_ad blue-dot\">\n<li class=\"mb_150 pl_325\">Saint-Cyr Collonges Mont d\u2019Or (R1) &#8211; Lyon (L1)<\/li>\n<\/ul>\n<p class=\"paragraph text_align_left lp-f-body-02\">BeIN Sports d\u00e9tient les droits de la comp\u00e9tition. Tous les matchs seront donc diffus\u00e9s sur leurs antennes, parfois via des Multiplex. Les rencontres sont pr\u00e9vus du vendredi 19 au dimanche 21 d\u00e9cembre.<\/p>\n<p class=\"paragraph text_align_left lp-f-body-02\">Le tirage au sort des 16es de finale se d\u00e9roulera le dimanche 21 d\u00e9cembre \u00e0 19h45.<\/p>\n","protected":false},"excerpt":{"rendered":"Le programme des 32es de finale de la Coupe de France est connu. Deux jours apr\u00e8s le tirage&hellip;\n","protected":false},"author":2,"featured_media":575894,"comment_status":"","ping_status":"","sticky":false,"template":"","format":"standard","meta":{"footnotes":""},"categories":[4],"tags":[11,63,1011,27,12,25,60],"class_list":{"0":"post-575893","1":"post","2":"type-post","3":"status-publish","4":"format-standard","5":"has-post-thumbnail","7":"category-france","8":"tag-actualites","9":"tag-football","10":"tag-fr","11":"tag-france","12":"tag-news","13":"tag-republique-francaise","14":"tag-sports"},"share_on_mastodon":{"url":"https:\/\/pubeurope.com\/@fr\/115657031397666997","error":""},"_links":{"self":[{"href":"https:\/\/www.europesays.com\/fr\/wp-json\/wp\/v2\/posts\/575893","targetHints":{"allow":["GET"]}}],"collection":[{"href":"https:\/\/www.europesays.com\/fr\/wp-json\/wp\/v2\/posts"}],"about":[{"href":"https:\/\/www.europesays.com\/fr\/wp-json\/wp\/v2\/types\/post"}],"author":[{"embeddable":true,"href":"https:\/\/www.europesays.com\/fr\/wp-json\/wp\/v2\/users\/2"}],"replies":[{"embeddable":true,"href":"https:\/\/www.europesays.com\/fr\/wp-json\/wp\/v2\/comments?post=575893"}],"version-history":[{"count":0,"href":"https:\/\/www.europesays.com\/fr\/wp-json\/wp\/v2\/posts\/575893\/revisions"}],"wp:featuredmedia":[{"embeddable":true,"href":"https:\/\/www.europesays.com\/fr\/wp-json\/wp\/v2\/media\/575894"}],"wp:attachment":[{"href":"https:\/\/www.europesays.com\/fr\/wp-json\/wp\/v2\/media?parent=575893"}],"wp:term":[{"taxonomy":"category","embeddable":true,"href":"https:\/\/www.europesays.com\/fr\/wp-json\/wp\/v2\/categories?post=575893"},{"taxonomy":"post_tag","embeddable":true,"href":"https:\/\/www.europesays.com\/fr\/wp-json\/wp\/v2\/tags?post=575893"}],"curies":[{"name":"wp","href":"https:\/\/api.w.org\/{rel}","templated":true}]}}