{"id":575902,"date":"2025-12-03T18:32:13","date_gmt":"2025-12-03T18:32:13","guid":{"rendered":"https:\/\/www.europesays.com\/fr\/575902\/"},"modified":"2025-12-03T18:32:13","modified_gmt":"2025-12-03T18:32:13","slug":"pep-guardiola-om-lenorme-coup-revele-par-benatia","status":"publish","type":"post","link":"https:\/\/www.europesays.com\/fr\/575902\/","title":{"rendered":"Pep Guardiola &#8211; OM : L\u2019\u00e9norme coup r\u00e9v\u00e9l\u00e9 par Benatia !"},"content":{"rendered":"<p>                    Guillaume de Saint Sauveur<br \/>\n                        &#8211;<\/p>\n<p>Journaliste<\/p>\n<p>Dipl\u00f4m\u00e9 d\u2019Ecole de Journalisme \u00e0 Paris. Sp\u00e9cialis\u00e9 football, et plus particuli\u00e8rement sur le mercato. Fan du PSG et du Stade Fran\u00e7ais.<\/p>\n<p class=\"heading\">D\u00e9sireux de faire venir Benjamin Pavard \u00e0 l&rsquo;OM l&rsquo;\u00e9t\u00e9 dernier, Medhi Benatia n&rsquo;avait initialement pas les moyens de s&rsquo;aligner sur les conditions financi\u00e8res de l&rsquo;Inter Milan. Mais Pep Guardiola, en acceptant de laisser filer Manuel Akanji en direction du club italien, a tout d\u00e9bloqu\u00e9 et permis \u00e0 l&rsquo;OM de finaliser le deal pour Pavard&#8230; Explications. <\/p>\n<p>L<strong>&lsquo;OM<\/strong> a surpris tout le monde en bouclant l&rsquo;arriv\u00e9e de <strong>Benjamin<\/strong> <strong>Pavard<\/strong> (29 ans) en toute fin de <strong>mercato<\/strong> estival, et le champion du Monde 2018 est arriv\u00e9e de l&rsquo;<strong>Inter Milan<\/strong> sous la forme d&rsquo;un pr\u00eat assorti d&rsquo;une option d&rsquo;achat. Un deal qui semblait pourtant impensable quelques semaines auparavant, et pour cause, <strong>Medhi<\/strong> <strong>Benatia<\/strong> n&rsquo;avait absolument pas les moyens de s&rsquo;aligner avec les demandes fix\u00e9es par l&rsquo;Inter sur le plan financier pour <strong>Pavard<\/strong>. Mais le directeur sportif de l&rsquo;<a href=\"https:\/\/le10sport.com\/football\/ligue1\/om\/\" target=\"_blank\" rel=\"noopener\">OM<\/a> a finalement \u00e9t\u00e9 bien aid\u00e9 par&#8230; <strong>Pep<\/strong> <strong>Guardiola<\/strong> ! <\/p>\n<p>                                            Pavard trop cher pour l&rsquo;OM&#8230; <\/p>\n<p>Invit\u00e9 de l&rsquo;<strong>After Foot<\/strong> sur RMC Sport mardi soir, <strong>Benatia<\/strong> livre les coulisses du feuilleton <strong>Pavard<\/strong> \u00e0 l&rsquo;<strong>OM <\/strong>: \u00ab Jusqu&rsquo;\u00e0 10 jours de la fin du mercato on me dit que Pavard c&rsquo;est qu&rsquo;un transfert sec et que \u00e7a sort \u00e0 20M\u20ac avec un salaire d\u00e9mesur\u00e9 \u00bb, indique le directeur sportif marseillais, qui a finalement attendu que <strong>Guardiola<\/strong> donne son accord pour l\u00e2cher <strong>Manuel<\/strong> <strong>Akanji<\/strong> \u00e0 l&rsquo;<strong>Inter Milan<\/strong>, ce qui a d\u00e9bloqu\u00e9 le dossier <strong>Benjamin<\/strong> <strong>Pavard<\/strong>. <\/p>\n<p>                                            &#8230; Guardiola d\u00e9bloque tout ! <\/p>\n<p>\u00ab En parall\u00e8le, j&rsquo;entends une ouverture de Manchester City pour Akanji, et je sais qu&rsquo;il parle avec l&rsquo;Inter, donc je me dis que \u00e7a poussera Pavard vers la sortie. Et je lance les choses avec Ausilio \u00bb, pr\u00e9cise <strong>Medhi<\/strong> <strong>Benatia<\/strong>, qui a donc finalement r\u00e9ussi le gros coup <strong>Benjamin<\/strong> <strong>Pavard<\/strong> dans les derni\u00e8res heures du <strong>mercato<\/strong>. <\/p>\n","protected":false},"excerpt":{"rendered":"Guillaume de Saint Sauveur &#8211; Journaliste Dipl\u00f4m\u00e9 d\u2019Ecole de Journalisme \u00e0 Paris. Sp\u00e9cialis\u00e9 football, et plus particuli\u00e8rement sur&hellip;\n","protected":false},"author":2,"featured_media":324050,"comment_status":"","ping_status":"","sticky":false,"template":"","format":"standard","meta":{"footnotes":""},"categories":[1410],"tags":[63,1011,27,60],"class_list":{"0":"post-575902","1":"post","2":"type-post","3":"status-publish","4":"format-standard","5":"has-post-thumbnail","7":"category-football","8":"tag-football","9":"tag-fr","10":"tag-france","11":"tag-sports"},"share_on_mastodon":{"url":"https:\/\/pubeurope.com\/@fr\/115657070675290505","error":""},"_links":{"self":[{"href":"https:\/\/www.europesays.com\/fr\/wp-json\/wp\/v2\/posts\/575902","targetHints":{"allow":["GET"]}}],"collection":[{"href":"https:\/\/www.europesays.com\/fr\/wp-json\/wp\/v2\/posts"}],"about":[{"href":"https:\/\/www.europesays.com\/fr\/wp-json\/wp\/v2\/types\/post"}],"author":[{"embeddable":true,"href":"https:\/\/www.europesays.com\/fr\/wp-json\/wp\/v2\/users\/2"}],"replies":[{"embeddable":true,"href":"https:\/\/www.europesays.com\/fr\/wp-json\/wp\/v2\/comments?post=575902"}],"version-history":[{"count":0,"href":"https:\/\/www.europesays.com\/fr\/wp-json\/wp\/v2\/posts\/575902\/revisions"}],"wp:featuredmedia":[{"embeddable":true,"href":"https:\/\/www.europesays.com\/fr\/wp-json\/wp\/v2\/media\/324050"}],"wp:attachment":[{"href":"https:\/\/www.europesays.com\/fr\/wp-json\/wp\/v2\/media?parent=575902"}],"wp:term":[{"taxonomy":"category","embeddable":true,"href":"https:\/\/www.europesays.com\/fr\/wp-json\/wp\/v2\/categories?post=575902"},{"taxonomy":"post_tag","embeddable":true,"href":"https:\/\/www.europesays.com\/fr\/wp-json\/wp\/v2\/tags?post=575902"}],"curies":[{"name":"wp","href":"https:\/\/api.w.org\/{rel}","templated":true}]}}