{"id":575905,"date":"2025-12-03T18:34:17","date_gmt":"2025-12-03T18:34:17","guid":{"rendered":"https:\/\/www.europesays.com\/fr\/575905\/"},"modified":"2025-12-03T18:34:17","modified_gmt":"2025-12-03T18:34:17","slug":"linformatique-abandonnee-la-photo-confirmee","status":"publish","type":"post","link":"https:\/\/www.europesays.com\/fr\/575905\/","title":{"rendered":"l\u2019informatique abandonn\u00e9e, la photo confirm\u00e9e"},"content":{"rendered":"<p>Ce lundi 1er\u00a0d\u00e9cembre 2025, avait lieu l\u2019assembl\u00e9e g\u00e9n\u00e9rale de l\u2019association Civray Informatique et photo. Une d\u00e9cision a \u00e9t\u00e9 prise\u00a0: l\u2019informatique arr\u00eate ses activit\u00e9s. Cr\u00e9\u00e9e en 2002, cette association a compt\u00e9 jusqu\u2019\u00e0 50 adh\u00e9rents et pendant plus de 20\u00a0ans a rendu bien des services \u00e0 tous ceux qui voulaient se familiariser avec l\u2019informatique. Au fil du temps, le public a chang\u00e9, l\u2019offre d\u2019aide s\u2019est multipli\u00e9e\u00a0: ainsi, les initiateurs de cette activit\u00e9 (Ir\u00e8ne et Jean-Paul Renoux, Roger Orvain) ont d\u00e9cid\u00e9 de mettre un terme \u00e0 cette branche de l\u2019association.<\/p>\n<p>D\u2019Clic Photo Civray poursuit sa route<\/p>\n<p>La branche photo est arriv\u00e9e plus tard. Elle va donc continuer seule le chemin avec de nouveaux statuts mais en conservant le conseil d\u2019administration actuel. D\u2019Clic Photo compte actuellement 17 photographes qui se retrouvent tous les lundis de 16\u00a0h \u00e0 18\u00a0h au 18 de la rue Salvador-Allende dans le local mis a disposition par la communaut\u00e9 de communes, la municipalit\u00e9 de Civray pr\u00eatant la salle de la Margelle pour les expositions. Les activit\u00e9s du club sont vari\u00e9es. Les s\u00e9ances du lundi sont consacr\u00e9es \u00e0 la pr\u00e9sentation et aux critiques de photos, \u00e0 l\u2019utilisation de logiciels, au visionnage de photos des autres clubs, au travail personnel sur des th\u00e8mes propos\u00e9s\u2026 Le club expose tous les ans, se d\u00e9place dans d\u2019autres expositions, organise des sorties et r\u00e9pond \u00e0 des demandes sp\u00e9cifiques.<\/p>\n<p>C\u2019est ainsi que 10 photographes ont r\u00e9alis\u00e9 \u00e0 Genouill\u00e9 une exposition grand format\u00a0: 44 photos de 120\u00a0cm X 80\u00a0cm afin de d\u00e9couvrir la commune sous des angles parfois insolites. Le club va r\u00e9cidiver en 2026 dans la m\u00eame commune, sur le th\u00e8me \u00ab\u00a0Agricultures et agriculteurs\u00a0\u00bb. Il participera \u00e9galement \u00e0 la f\u00eate de Maupr\u00e9voir en ao\u00fbt. Le club, qui ne sollicite aucune subvention, poss\u00e8de des finances saines et \u00e9quilibr\u00e9es. On peut retrouver les travaux de ses membres sur le site <a target=\"_blank\" href=\"https:\/\/declicphotocivray.jimdofree.com\/\" rel=\"noopener\">declicphotocivray.jimdofree.com<\/a><a target=\"_blank\" href=\"https:\/\/declicphotocivray.jimdofree.com\/\" rel=\"noopener\"><\/p>\n","protected":false},"excerpt":{"rendered":"Ce lundi 1er\u00a0d\u00e9cembre 2025, avait lieu l\u2019assembl\u00e9e g\u00e9n\u00e9rale de l\u2019association Civray Informatique et photo. Une d\u00e9cision a \u00e9t\u00e9&hellip;\n","protected":false},"author":2,"featured_media":575906,"comment_status":"","ping_status":"","sticky":false,"template":"","format":"standard","meta":{"footnotes":""},"categories":[1358],"tags":[1392,1348,1384,1385,9332,69020,1674,1386,58,59,1011,27,1393,1584],"class_list":{"0":"post-575905","1":"post","2":"type-post","3":"status-publish","4":"format-standard","5":"has-post-thumbnail","7":"category-arts-et-design","8":"tag-a-la-une-local","9":"tag-arts","10":"tag-arts-and-design","11":"tag-arts-et-design","12":"tag-centrepresse","13":"tag-civray","14":"tag-communes","15":"tag-design","16":"tag-divertissement","17":"tag-entertainment","18":"tag-fr","19":"tag-france","20":"tag-loisirs","21":"tag-vienne"},"share_on_mastodon":{"url":"https:\/\/pubeurope.com\/@fr\/115657078415603899","error":""},"_links":{"self":[{"href":"https:\/\/www.europesays.com\/fr\/wp-json\/wp\/v2\/posts\/575905","targetHints":{"allow":["GET"]}}],"collection":[{"href":"https:\/\/www.europesays.com\/fr\/wp-json\/wp\/v2\/posts"}],"about":[{"href":"https:\/\/www.europesays.com\/fr\/wp-json\/wp\/v2\/types\/post"}],"author":[{"embeddable":true,"href":"https:\/\/www.europesays.com\/fr\/wp-json\/wp\/v2\/users\/2"}],"replies":[{"embeddable":true,"href":"https:\/\/www.europesays.com\/fr\/wp-json\/wp\/v2\/comments?post=575905"}],"version-history":[{"count":0,"href":"https:\/\/www.europesays.com\/fr\/wp-json\/wp\/v2\/posts\/575905\/revisions"}],"wp:featuredmedia":[{"embeddable":true,"href":"https:\/\/www.europesays.com\/fr\/wp-json\/wp\/v2\/media\/575906"}],"wp:attachment":[{"href":"https:\/\/www.europesays.com\/fr\/wp-json\/wp\/v2\/media?parent=575905"}],"wp:term":[{"taxonomy":"category","embeddable":true,"href":"https:\/\/www.europesays.com\/fr\/wp-json\/wp\/v2\/categories?post=575905"},{"taxonomy":"post_tag","embeddable":true,"href":"https:\/\/www.europesays.com\/fr\/wp-json\/wp\/v2\/tags?post=575905"}],"curies":[{"name":"wp","href":"https:\/\/api.w.org\/{rel}","templated":true}]}}