{"id":575907,"date":"2025-12-03T18:36:23","date_gmt":"2025-12-03T18:36:23","guid":{"rendered":"https:\/\/www.europesays.com\/fr\/575907\/"},"modified":"2025-12-03T18:36:23","modified_gmt":"2025-12-03T18:36:23","slug":"star-academy-2025-une-nouvelle-regle-va-bouleverser-la-donne-pour-les-nommes-des-vendredi","status":"publish","type":"post","link":"https:\/\/www.europesays.com\/fr\/575907\/","title":{"rendered":"\u00ab\u00a0Star Academy\u00a0\u00bb 2025 : Une nouvelle r\u00e8gle va bouleverser la donne pour les nomm\u00e9s&#8230;d\u00e8s vendredi"},"content":{"rendered":"<p>                <img loading=\"lazy\" decoding=\"async\" src=\"https:\/\/www.europesays.com\/fr\/wp-content\/uploads\/2025\/04\/91f0667af8d5f95d-35x35-1.png\" class=\"author-article-picture\" width=\"35\" height=\"35\"\/><\/p>\n<p>                    Par<\/p>\n<p>                                            <a class=\"author-article-bio-link\" href=\"https:\/\/www.ozap.com\/auteur\/raphael-gioia_a93\" target=\"_blank\" rel=\"noopener\">Rapha\u00ebl Gioia<\/a><\/p>\n<p>                    |<\/p>\n<p>                                            Journaliste<\/p>\n<p>\n                Des go\u00fbters devant le Club Doroth\u00e9e aux soir\u00e9es pizza\/\u00a0\u00bbKoh-Lanta\u00a0\u00bb, il y a quelques pas de c\u00f4t\u00e9 que cet enfant du bitume a effectu\u00e9 pour transformer un rituel sacr\u00e9 en piges passionn\u00e9es.\n            <\/p>\n<p>\n    Lily, Jeanne et Melissa, toutes les trois nomin\u00e9es cette semaine, vont inaugurer cette nouvelle mesure instaur\u00e9e par la production.\n<\/p>\n<p>                            <img loading=\"lazy\" decoding=\"async\" class=\"player-thumbnail\" src=\"https:\/\/www.europesays.com\/fr\/wp-content\/uploads\/2025\/12\/5ffc3697df18f705-580x326-1.jpg\" width=\"580\" height=\"326\"\/><\/p>\n<p>                            Le nouveau g\u00e9n\u00e9rique de la \u00ab\u00a0Star Academy\u00a0\u00bb 2025. \u00a9 TF1<\/p>\n<p>La suite apr\u00e8s la publicit\u00e9<\/p>\n<p>Avis de temp\u00eate sur le ch\u00e2teau de la \u00ab\u00a0Star Academy\u00a0\u00bb ! Pour<a href=\"https:\/\/www.ozap.com\/actu\/semaine-de-la-comedie-musicale-et-lot-de-surprises-michael-goldman-fait-des-revelations-sur-le-programme-des-eleves-de-la-star-academy-2025\/652681\" target=\"_blank\" rel=\"noopener\"> la semaine d\u00e9di\u00e9e aux com\u00e9dies musicales<\/a>, les filles de cette promotion 2025 sont en train de d\u00e9chanter. Jug\u00e9es moins convaincantes que leurs camarades lors des \u00e9valuations, <a href=\"https:\/\/www.ozap.com\/actu\/star-academy-2025-jeanne-lily-et-melissa-nommees-qui-doit-rester-votez-dans-notre-sondage\/652720\" target=\"_blank\" rel=\"noopener\">Lily, Jeanne et Melissa se retrouvent sur le banc des nomin\u00e9s<\/a> et donc en danger lors du prime exceptionnellement diffus\u00e9 vendredi. Toutes les trois devront donc d\u00e9fendre leurs chances sur sc\u00e8ne et convaincre le public de leur l\u00e9gitimit\u00e9 \u00e0 poursuivre leur formation \u00e0 Dammarie-les Lys. Le public, et non pas leurs coll\u00e8gues de classe. Car, pour la premi\u00e8re fois et jusqu&rsquo;\u00e0 la fin de l&rsquo;aventure, les \u00e9l\u00e8ves ne pourront plus sauver le candidat de leur choix. Seuls, les t\u00e9l\u00e9spectateurs auront en effet le sort des acad\u00e9miciens entre leurs doigts et pourront rep\u00eacher deux d&rsquo;entre eux.<\/p>\n<p>Un syst\u00e8me plus \u00ab\u00a0juste\u00a0\u00bb ?<\/p>\n<p>\u00c0 l&rsquo;issue de la quotidienne du mardi 2 d\u00e9cembre, <a href=\"https:\/\/www.ozap.com\/personnalite\/karima-charni_e271131\" target=\"_blank\" rel=\"noopener\">Karima Charni<\/a> a annonc\u00e9 ce changement de r\u00e8gles qui vient bouleverser une m\u00e9canique jusque-l\u00e0 bien huil\u00e9e. \u00ab\u00a0A partir de cette semaine, vos votes permettront de sauver deux des trois nomm\u00e9es\u00a0\u00bb, a-t-elle fait savoir aux t\u00e9l\u00e9spectateurs. Entre soulagement et agacement, cette redistribution des cartes a enflamm\u00e9 les r\u00e9seaux sociaux. Certains y voient un syst\u00e8me plus \u00ab\u00a0juste\u00a0\u00bb, o\u00f9 le \u00ab\u00a0copinage\u00a0\u00bb entre \u00e9l\u00e8ves n&rsquo;existe plus, et le m\u00e9rite artistique r\u00e9compens\u00e9. D&rsquo;autres, en revanche, d\u00e9noncent une manipulation de la production, visant \u00e0 prot\u00e9ger les apprentis artistes les plus populaires.\u00a0<\/p>\n<blockquote class=\"twitter-tweet\">\n<p lang=\"fr\" dir=\"ltr\">\ud83d\udd34 INFORMATION<\/p>\n<p>\u27a1\ufe0f CHANGEMENT DE R\u00c8GLES<\/p>\n<p>\u00c0 partir de cette semaine, les votes du public pourront sauver 2 personnes sur les 3 nomm\u00e9es.<\/p>\n<p>Cette semaine, les 3 nomm\u00e9es sont :<\/p>\n<p>1\ufe0f\u20e3 Jeanne,<br \/>2\ufe0f\u20e3 Lily,<br \/>3\ufe0f\u20e3 Melissa<\/p>\n<p><a href=\"https:\/\/twitter.com\/hashtag\/StarAcademy?src=hash&amp;ref_src=twsrc%5Etfw\" target=\"_blank\" rel=\"noopener\">#StarAcademy<\/a> <a href=\"https:\/\/t.co\/rcjRrSHU7w\">pic.twitter.com\/rcjRrSHU7w<\/a><\/p>\n<p>\u2014 TF1_programmes_evenements (@TF1PROEvenement) <a href=\"https:\/\/twitter.com\/TF1PROEvenement\/status\/1995934814164451355?ref_src=twsrc%5Etfw\" target=\"_blank\" rel=\"noopener\">December 2, 2025<\/a><\/p><\/blockquote>\n<p>Comment vont r\u00e9agir les premi\u00e8res \u00e0 inaugurer ce nouveau processus de votes ? Si elles ont accus\u00e9 le coup \u00e0 l&rsquo;annonce du verdict d\u00e9livr\u00e9 par Michael Goldman, Lily, Jeanne et Melissa savent qu&rsquo;elles n&rsquo;ont d&rsquo;autres choix que de se montrer sous leur meilleur jour, vendredi en plateau. Vous pouvez d\u00e9j\u00e0 donner votre avis sur celle qui doit encore prouver ses qualit\u00e9s dans notre sondage ci-dessous.<\/p>\n<p>A lire aussi : <a href=\"https:\/\/www.ozap.com\/actu\/star-academy-2025-on-sait-enfin-quand-aura-lieu-le-prime-de-la-tournee\/652716\" target=\"_blank\" rel=\"noopener\"><strong>\u00ab\u00a0Star Academy\u00a0\u00bb 2025 : On sait (enfin) quand aura lieu le prime de la tourn\u00e9e<\/strong><\/a><\/p>\n<p>Quand aura lieu le prime de la tourn\u00e9e ?<\/p>\n<p>La r\u00e9v\u00e9lation des noms des nomm\u00e9s n&rsquo;est pas la seule grande annonce faite par Michael Goldman cette semaine. Lundi, le directeur a d\u00e9voil\u00e9 la date du fameux prime de la tourn\u00e9e, tr\u00e8s attendu par les fans lors de chaque \u00e9dition. Cette ann\u00e9e, cette soir\u00e9e \u00e0 grands enjeux aura lieu le samedi 13 d\u00e9cembre. Les acad\u00e9miciens encore en lice voudront se battre pour int\u00e9grer ce rendez-vous incontournable, qui d\u00e9butera avec une date \u00e0 l\u2019Arena de Reims le 27 f\u00e9vrier. Ce show se terminera le 7 juin \u00e0 Nice par un ultime concert.<\/p>\n<p>        <script async src=\"https:\/\/platform.twitter.com\/widgets.js\" charset=\"utf-8\"><\/script><\/p>\n","protected":false},"excerpt":{"rendered":"Par Rapha\u00ebl Gioia | Journaliste Des go\u00fbters devant le Club Doroth\u00e9e aux soir\u00e9es pizza\/\u00a0\u00bbKoh-Lanta\u00a0\u00bb, il y a quelques&hellip;\n","protected":false},"author":2,"featured_media":575908,"comment_status":"","ping_status":"","sticky":false,"template":"","format":"standard","meta":{"footnotes":""},"categories":[1356],"tags":[58,59,1011,27,252,1364],"class_list":{"0":"post-575907","1":"post","2":"type-post","3":"status-publish","4":"format-standard","5":"has-post-thumbnail","7":"category-television","8":"tag-divertissement","9":"tag-entertainment","10":"tag-fr","11":"tag-france","12":"tag-television","13":"tag-tv"},"share_on_mastodon":{"url":"https:\/\/pubeurope.com\/@fr\/115657087340902556","error":""},"_links":{"self":[{"href":"https:\/\/www.europesays.com\/fr\/wp-json\/wp\/v2\/posts\/575907","targetHints":{"allow":["GET"]}}],"collection":[{"href":"https:\/\/www.europesays.com\/fr\/wp-json\/wp\/v2\/posts"}],"about":[{"href":"https:\/\/www.europesays.com\/fr\/wp-json\/wp\/v2\/types\/post"}],"author":[{"embeddable":true,"href":"https:\/\/www.europesays.com\/fr\/wp-json\/wp\/v2\/users\/2"}],"replies":[{"embeddable":true,"href":"https:\/\/www.europesays.com\/fr\/wp-json\/wp\/v2\/comments?post=575907"}],"version-history":[{"count":0,"href":"https:\/\/www.europesays.com\/fr\/wp-json\/wp\/v2\/posts\/575907\/revisions"}],"wp:featuredmedia":[{"embeddable":true,"href":"https:\/\/www.europesays.com\/fr\/wp-json\/wp\/v2\/media\/575908"}],"wp:attachment":[{"href":"https:\/\/www.europesays.com\/fr\/wp-json\/wp\/v2\/media?parent=575907"}],"wp:term":[{"taxonomy":"category","embeddable":true,"href":"https:\/\/www.europesays.com\/fr\/wp-json\/wp\/v2\/categories?post=575907"},{"taxonomy":"post_tag","embeddable":true,"href":"https:\/\/www.europesays.com\/fr\/wp-json\/wp\/v2\/tags?post=575907"}],"curies":[{"name":"wp","href":"https:\/\/api.w.org\/{rel}","templated":true}]}}