{"id":575911,"date":"2025-12-03T18:38:12","date_gmt":"2025-12-03T18:38:12","guid":{"rendered":"https:\/\/www.europesays.com\/fr\/575911\/"},"modified":"2025-12-03T18:38:12","modified_gmt":"2025-12-03T18:38:12","slug":"langlais-callum-turner-tient-la-corde-aupres-des-bookmakers-pour-succeder-a-daniel-craig","status":"publish","type":"post","link":"https:\/\/www.europesays.com\/fr\/575911\/","title":{"rendered":"L\u2019anglais Callum Turner tient la corde aupr\u00e8s des bookmakers pour succ\u00e9der \u00e0 Daniel Craig"},"content":{"rendered":"<p>Et un candidat de plus, un\u00a0! Apr\u00e8s Cillian Murphy, Taron Egerton, <a href=\"https:\/\/www.20minutes.fr\/dossier\/idris_elba\" class=\"c-link c-link--is-underlined\" target=\"_blank\" rel=\"noopener\">Idris Elba<\/a>, <a href=\"https:\/\/www.20minutes.fr\/dossier\/tom_hardy\" class=\"c-link c-link--is-underlined\" target=\"_blank\" rel=\"noopener\">Tom Hardy<\/a>, <a href=\"https:\/\/www.20minutes.fr\/dossier\/michael_fassbender\" class=\"c-link c-link--is-underlined\" target=\"_blank\" rel=\"noopener\">Michael Fassbender<\/a> et bien d\u2019autres, le dernier en date, l\u2019acteur britannique Callum Turner, aurait la faveur des bookmakers anglais pour reprendre le r\u00f4le de <a href=\"https:\/\/www.20minutes.fr\/dossier\/james_bond\" class=\"c-link c-link--is-underlined\" target=\"_blank\" rel=\"noopener\">James Bond<\/a>, rapporte <a href=\"https:\/\/www.lefigaro.fr\/cinema\/james-bond-les-bookmakers-misent-sur-callum-turner-20251202\" target=\"_blank\" class=\"c-link c-link--is-underlined\" rel=\"noopener\">Le Figaro<\/a>.<\/p>\n<\/p>\n<p>Celui qui a fait forte impression en interpr\u00e9tant Theseus Scamander dans <a href=\"https:\/\/www.20minutes.fr\/cinema\/1725291-20151106-harry-potter-histoire-spin-off-animaux-fantastiques-revelee\" class=\"c-link c-link--is-underlined\" target=\"_blank\" rel=\"noopener\">Les Animaux fantastiques<\/a> (2016), de David Yales, coche en tout cas toutes les cases impos\u00e9es par les producteurs des films James Bond\u00a0: il est britannique \u2013 une condition sine qua non\u00a0! \u2013, grand, et il n\u2019a \u00ab\u00a0que\u00a0\u00bb 35 ans\u2026 donc susceptible de jouer dans plusieurs opus.<\/p>\n<p>Callum ET Dua\u00a0?<\/p>\n<p>Last but not least, Callum Turner est fianc\u00e9, depuis d\u00e9cembre\u00a02024, \u00e0 <a href=\"https:\/\/www.20minutes.fr\/arts-stars\/dua-lipa\/\" class=\"c-link c-link--is-underlined\" target=\"_blank\" rel=\"noopener\">la chanteuse Dua Lipa<\/a>\u00a0! Et il se trouve que la <a href=\"https:\/\/www.20minutes.fr\/dossier\/stars\" class=\"c-link c-link--is-underlined\" target=\"_blank\" rel=\"noopener\">star <\/a>ferait aussi l\u2019objet de paris\u2026 comme potentielle interpr\u00e8te de la <a href=\"https:\/\/www.20minutes.fr\/dossier\/chanson\" class=\"c-link c-link--is-underlined\" target=\"_blank\" rel=\"noopener\">chanson<\/a> du prochain film, remarque <a href=\"https:\/\/metro.co.uk\/2025\/11\/27\/british-actor-now-red-hot-favourite-to-play-james-bond-24885260\/\" target=\"_blank\" class=\"c-link c-link--is-underlined\" rel=\"noopener\">Metro UK<\/a>. Pour le coup, employer le couple ajouterait un c\u00f4t\u00e9 glamour au projet.<\/p>\n<p><a href=\"https:\/\/www.20minutes.fr\/dossier\/james_bond\" class=\"c-link c-btn c-btn--primary\" target=\"_blank\" rel=\"noopener\">Notre dossier \u00ab James Bond \u00bb<\/a><\/p>\n<p>La tendance lanc\u00e9e par les bookmakers ne sera en tout cas pas confirm\u00e9e par le cin\u00e9aste <a href=\"https:\/\/www.20minutes.fr\/arts-stars\/cinema\/denis-villeneuve\/\" class=\"c-link c-link--is-underlined\" target=\"_blank\" rel=\"noopener\">Denis Villeneuve<\/a> (Dune), qui r\u00e9alisera les prochains \u00e9pisodes de la saga 007\u00a0: le Qu\u00e9b\u00e9cois a en effet pr\u00e9venu qu\u2019il ne se pencherait sur la question <a href=\"https:\/\/www.20minutes.fr\/arts-stars\/cinema\/4175282-20250925-james-bond-denis-villeneuve-choisira-prochain-interprete-007-lorsqu-termine-dune-3\" class=\"c-link c-link--is-underlined\" target=\"_blank\" rel=\"noopener\">qu\u2019une fois ses projets en cours achev\u00e9s<\/a>\u2026 Or il met actuellement la derni\u00e8re main \u00e0 <a href=\"https:\/\/www.20minutes.fr\/arts-stars\/cinema\/4162862-20250709-dune-connait-enfin-titre-troisieme-episode-saga-date-sortie\" class=\"c-link c-link--is-underlined\" target=\"_blank\" rel=\"noopener\">Dune\u00a0: troisi\u00e8me partie<\/a>\u00a0!<\/p>\n","protected":false},"excerpt":{"rendered":"Et un candidat de plus, un\u00a0! Apr\u00e8s Cillian Murphy, Taron Egerton, Idris Elba, Tom Hardy, Michael Fassbender et&hellip;\n","protected":false},"author":2,"featured_media":575912,"comment_status":"","ping_status":"","sticky":false,"template":"","format":"standard","meta":{"footnotes":""},"categories":[1354],"tags":[253,650,6064,33217,58,21687,59,1346,1011,27,35929,1677,69021,1360,15427],"class_list":{"0":"post-575911","1":"post","2":"type-post","3":"status-publish","4":"format-standard","5":"has-post-thumbnail","7":"category-films","8":"tag-acteur","9":"tag-cinema","10":"tag-daniel-craig","11":"tag-denis-villeneuve","12":"tag-divertissement","13":"tag-dua-lipa","14":"tag-entertainment","15":"tag-films","16":"tag-fr","17":"tag-france","18":"tag-idris-elba","19":"tag-james-bond","20":"tag-michael-fassbender","21":"tag-movies","22":"tag-tom-hardy"},"share_on_mastodon":{"url":"https:\/\/pubeurope.com\/@fr\/115657094259127686","error":""},"_links":{"self":[{"href":"https:\/\/www.europesays.com\/fr\/wp-json\/wp\/v2\/posts\/575911","targetHints":{"allow":["GET"]}}],"collection":[{"href":"https:\/\/www.europesays.com\/fr\/wp-json\/wp\/v2\/posts"}],"about":[{"href":"https:\/\/www.europesays.com\/fr\/wp-json\/wp\/v2\/types\/post"}],"author":[{"embeddable":true,"href":"https:\/\/www.europesays.com\/fr\/wp-json\/wp\/v2\/users\/2"}],"replies":[{"embeddable":true,"href":"https:\/\/www.europesays.com\/fr\/wp-json\/wp\/v2\/comments?post=575911"}],"version-history":[{"count":0,"href":"https:\/\/www.europesays.com\/fr\/wp-json\/wp\/v2\/posts\/575911\/revisions"}],"wp:featuredmedia":[{"embeddable":true,"href":"https:\/\/www.europesays.com\/fr\/wp-json\/wp\/v2\/media\/575912"}],"wp:attachment":[{"href":"https:\/\/www.europesays.com\/fr\/wp-json\/wp\/v2\/media?parent=575911"}],"wp:term":[{"taxonomy":"category","embeddable":true,"href":"https:\/\/www.europesays.com\/fr\/wp-json\/wp\/v2\/categories?post=575911"},{"taxonomy":"post_tag","embeddable":true,"href":"https:\/\/www.europesays.com\/fr\/wp-json\/wp\/v2\/tags?post=575911"}],"curies":[{"name":"wp","href":"https:\/\/api.w.org\/{rel}","templated":true}]}}