{"id":575923,"date":"2025-12-03T18:44:18","date_gmt":"2025-12-03T18:44:18","guid":{"rendered":"https:\/\/www.europesays.com\/fr\/575923\/"},"modified":"2025-12-03T18:44:18","modified_gmt":"2025-12-03T18:44:18","slug":"quand-donald-trump-lutte-pour-ne-pas-sendormir-en-pleine-reunion-de-son-cabinet","status":"publish","type":"post","link":"https:\/\/www.europesays.com\/fr\/575923\/","title":{"rendered":"Quand Donald Trump lutte pour ne pas s\u2019endormir en pleine r\u00e9union de son cabinet"},"content":{"rendered":"<p>\n    Alors qu\u2019il venait d\u2019assurer \u00eatre \u00abplus en forme qu\u2019il y a 25 ans\u00bb, le pr\u00e9sident am\u00e9ricain a sembl\u00e9 somnoler pendant plus d\u2019une heure mardi 2 d\u00e9cembre au milieu de ses collaborateurs.<\/p>\n<p class=\"fig-paragraph\">\u00abSleepy Joe\u00bb\u00a0: c\u2019est le surnom que donne volontiers Donald Trump \u00e0\u00a0<a href=\"http:\/\/www.lefigaro.fr\/international\/etats-unis-donald-trump-veut-annuler-tous-les-documents-supposement-signes-avec-un-stylo-automatique-par-joe-biden-20251203\" data-fig-type=\"NewsFlash\" data-gtm-custom-categorie=\"navigation\" data-gtm-custom-action=\"crossclick\" data-gtm-custom-label=\"Contextuel\" data-gtm-event=\"customEventSPE\" data-fig-domain=\"LEFIGARO\" target=\"_blank\" rel=\"noopener\">Joe Biden<\/a>, son pr\u00e9d\u00e9cesseur \u00e0 la Maison-Blanche, en r\u00e9f\u00e9rence \u00e0 l\u2019\u00e9tat l\u00e9thargique dans lequel le d\u00e9mocrate apparaissait parfois en public. Au moment de d\u00e9marrer une r\u00e9union de son cabinet mardi 2 d\u00e9cembre \u00e0 la mi-journ\u00e9e, il y a une nouvelle fois fait r\u00e9f\u00e9rence, avant d\u2019\u00eatre pris \u00e0 son propre jeu. Pendant une heure et demie, les yeux mi-clos, l\u00e9g\u00e8rement enfonc\u00e9 dans son si\u00e8ge de cuir, le pr\u00e9sident am\u00e9ricain a sembl\u00e9 lutter contre le sommeil, rapportent plusieurs m\u00e9dias am\u00e9ricains, dont CNN, le New York Times et le Washington Post.<\/p>\n<p class=\"fig-paragraph\">Ironie du sort, Donald Trump venait pourtant d\u2019assurer aux membres de son cabinet qu\u2019il \u00e9tait \u00abplus vif qu\u2019il y a 25 ans\u00bb, en r\u00e9ponse \u00e0 un article du New York Times du 25 novembre dernier sugg\u00e9rant que le r\u00e9publicain montrait des \u00absignes de fatigue\u00bb. \u00abTrump est vif, mais eux (les journalistes, NDLR) ne le sont pas\u00bb, lan\u00e7ait-il \u00e0 l\u2019assembl\u00e9e, compos\u00e9e entre autres du secr\u00e9taire au Tr\u00e9sor Scott Bessent, du secr\u00e9taire au Commerce Howard Lutnick et du secr\u00e9taire d\u2019\u00c9tat\u00a0<a href=\"http:\/\/www.lefigaro.fr\/international\/rubio-et-witkoff-rencontreront-dimanche-une-delegation-ukrainienne-en-floride-20251129\" data-fig-type=\"NewsFlash\" data-gtm-custom-categorie=\"navigation\" data-gtm-custom-action=\"crossclick\" data-gtm-custom-label=\"Contextuel\" data-gtm-event=\"customEventSPE\" data-fig-domain=\"LEFIGARO\" target=\"_blank\" rel=\"noopener\">Marco Rubio<\/a>. Interrog\u00e9e au sujet de cet incident, la porte-parole de la Maison-Blanche, Karoline Leavitt, a assur\u00e9 mardi que le pr\u00e9sident avait \u00ab\u00e9cout\u00e9 attentivement et dirig\u00e9 l\u2019int\u00e9gralit\u00e9 de cette r\u00e9union-marathon du cabinet, qui a dur\u00e9 trois heures\u00bb.<\/p>\n<p>                                            <a class=\"fig-a11y-skip\" href=\"#fig-a11y-skip-main-inarticle\" data-module=\"a11y-skip\" data-context=\"was @visible\"><br \/>\n    Passer la publicit\u00e9<br \/>\n<\/a>            <\/p>\n<p>                                            Son \u00e9tat de sant\u00e9 r\u00e9guli\u00e8rement discut\u00e9 dans les m\u00e9dias<\/p>\n<p class=\"fig-paragraph\">Certes, Donald Trump \u00absemble s\u2019\u00eatre couch\u00e9 tard et lev\u00e9 t\u00f4t avant la r\u00e9union du cabinet, puisqu\u2019il a post\u00e9 sur Truth Social (son r\u00e9seau social, NDLR) un peu avant 5h30 du matin alors qu\u2019il avait post\u00e9 des messages sur l\u2019immigration, le Venezuela et d\u2019autres sujets vers minuit\u00bb, rapporte CNN. Mais ce n\u2019est pas la premi\u00e8re fois que le locataire de la Maison-Blanche somnole lors d\u2019un \u00e9v\u00e9nement officiel. Le 6 novembre dernier, dans le Bureau ovale, il avait lutt\u00e9 pendant pr\u00e8s de 20 minutes pour garder les yeux ouverts, selon un calcul du Washington Post.<\/p>\n<p>    Donald Trump entour\u00e9 du secr\u00e9taire d\u2019\u00c9tat Marco Rubio et du secr\u00e9taire \u00e0 la D\u00e9fense Pete Hegseth lors de la r\u00e9union de son cabinet le 2 d\u00e9cembre 2025.<br \/>\n                Brian Snyder \/ REUTERS<\/p>\n<p class=\"fig-paragraph\">Donald Trump, 79 ans, plus vieux pr\u00e9sident \u00e9lu de l\u2019histoire des \u00c9tats-Unis, reproche r\u00e9guli\u00e8rement aux journalistes de sp\u00e9culer sur son \u00e9tat de sant\u00e9. Lundi, son administration\u00a0<a href=\"http:\/\/www.lefigaro.fr\/international\/une-sante-cardiovasculaire-excellente-l-irm-de-donald-trump-ne-revele-aucune-anomalie-selon-son-medecin-20251202\" data-fig-type=\"NewsFlash\" data-gtm-custom-categorie=\"navigation\" data-gtm-custom-action=\"crossclick\" data-gtm-custom-label=\"Contextuel\" data-gtm-event=\"customEventSPE\" data-fig-domain=\"LEFIGARO\" target=\"_blank\" rel=\"noopener\">a rendu public une IRM<\/a>\u00a0montrant que le pr\u00e9sident am\u00e9ricain est en \u00abexcellente\u00bb sant\u00e9 cardiovasculaire. L\u2019examen \u00e9tait purement \u00abpr\u00e9ventif\u00bb selon le m\u00e9decin de la pr\u00e9sidence, Sean Barbabella. Le 24 f\u00e9vrier dernier, le milliardaire \u00e9tait apparu avec de larges ecchymoses sur la main droite lors de la venue d\u2019Emmanuel Macron \u00e0 Washington. L\u00e0 encore, son entourage avait balay\u00e9 les inqui\u00e9tudes en avan\u00e7ant que le pr\u00e9sident am\u00e9ricain a des bleus parce qu\u2019il \u00abserre des mains toute la journ\u00e9e, tous les jours\u00bb.<\/p>\n","protected":false},"excerpt":{"rendered":"Alors qu\u2019il venait d\u2019assurer \u00eatre \u00abplus en forme qu\u2019il y a 25 ans\u00bb, le pr\u00e9sident am\u00e9ricain a sembl\u00e9&hellip;\n","protected":false},"author":2,"featured_media":575924,"comment_status":"","ping_status":"","sticky":false,"template":"","format":"standard","meta":{"footnotes":""},"categories":[5],"tags":[11,75,1011,27,14,12,28],"class_list":{"0":"post-575923","1":"post","2":"type-post","3":"status-publish","4":"format-standard","5":"has-post-thumbnail","7":"category-international","8":"tag-actualites","9":"tag-donald-trump","10":"tag-fr","11":"tag-france","12":"tag-international","13":"tag-news","14":"tag-world"},"share_on_mastodon":{"url":"https:\/\/pubeurope.com\/@fr\/115657117858198330","error":""},"_links":{"self":[{"href":"https:\/\/www.europesays.com\/fr\/wp-json\/wp\/v2\/posts\/575923","targetHints":{"allow":["GET"]}}],"collection":[{"href":"https:\/\/www.europesays.com\/fr\/wp-json\/wp\/v2\/posts"}],"about":[{"href":"https:\/\/www.europesays.com\/fr\/wp-json\/wp\/v2\/types\/post"}],"author":[{"embeddable":true,"href":"https:\/\/www.europesays.com\/fr\/wp-json\/wp\/v2\/users\/2"}],"replies":[{"embeddable":true,"href":"https:\/\/www.europesays.com\/fr\/wp-json\/wp\/v2\/comments?post=575923"}],"version-history":[{"count":0,"href":"https:\/\/www.europesays.com\/fr\/wp-json\/wp\/v2\/posts\/575923\/revisions"}],"wp:featuredmedia":[{"embeddable":true,"href":"https:\/\/www.europesays.com\/fr\/wp-json\/wp\/v2\/media\/575924"}],"wp:attachment":[{"href":"https:\/\/www.europesays.com\/fr\/wp-json\/wp\/v2\/media?parent=575923"}],"wp:term":[{"taxonomy":"category","embeddable":true,"href":"https:\/\/www.europesays.com\/fr\/wp-json\/wp\/v2\/categories?post=575923"},{"taxonomy":"post_tag","embeddable":true,"href":"https:\/\/www.europesays.com\/fr\/wp-json\/wp\/v2\/tags?post=575923"}],"curies":[{"name":"wp","href":"https:\/\/api.w.org\/{rel}","templated":true}]}}