{"id":575932,"date":"2025-12-03T18:51:26","date_gmt":"2025-12-03T18:51:26","guid":{"rendered":"https:\/\/www.europesays.com\/fr\/575932\/"},"modified":"2025-12-03T18:51:26","modified_gmt":"2025-12-03T18:51:26","slug":"ce-restaurant-pas-cher-vient-douvrir-pres-de-la-gare-de-nancy","status":"publish","type":"post","link":"https:\/\/www.europesays.com\/fr\/575932\/","title":{"rendered":"ce restaurant pas cher vient d&rsquo;ouvrir pr\u00e8s de la gare de Nancy"},"content":{"rendered":"<p>                    Par<br \/>\n        <strong><br \/>\n            <a href=\"https:\/\/actu.fr\/auteur\/pierre-emile-bouchy-actu-fr\" title=\"Consulter tous les articles de Paul-Emile Bouchy\" target=\"_blank\" rel=\"noopener\">Paul-Emile Bouchy<\/a><br \/>\n                    <\/strong><\/p>\n<p>        Publi\u00e9 le<\/p>\n<p>            3 d\u00e9c. 2025 \u00e0 16h05        <\/p>\n<p>Apr\u00e8s l\u2019ouverture du <strong>restaurant \u00ab\u2009Butter\u2009\u00bb<\/strong> qui voulait devenir <a href=\"https:\/\/actu.fr\/grand-est\/nancy_54395\/15-pour-entree-plat-verre-de-vin-et-cafe-ce-resto-a-nancy-veut-devenir-le-meilleur-rapport-qualite-prix_63063185.html\" target=\"_blank\" rel=\"noopener\">le meilleur rapport qualit\u00e9-prix de Nancy<\/a> en ao\u00fbt dernier, c\u2019est au tour de <strong>\u00ab\u2009Butter Station\u2009\u00bb<\/strong> de s\u2019installer pr\u00e8s de la <a href=\"https:\/\/actu.fr\/tag\/gare-de-nancy\" target=\"_blank\" rel=\"noopener\">gare de Nancy<\/a>. Ce nouveau restaurant vient remplacer la Brasserie de l\u2019Irlandais, situ\u00e9e <a href=\"https:\/\/actu.fr\/grand-est\/nancy_54395\/video-place-simone-veil-a-nancy-c-est-quoi-cette-grosse-structure-apparue-pres-de-la-gare_63498613.html\" target=\"_blank\" rel=\"noopener\">place Simone Veil<\/a> \u00e0 Nancy.<\/p>\n<p class=\" wall-content\">Son g\u00e9rant Marius Bonnet nous pr\u00e9sente<strong> le concept et les formules qu\u2019ils proposent midi et soir \u00e0 petits prix<\/strong>.<\/p>\n<p>Des menus complets et qualitatifs pour moins de 20\u00a0euros<\/p>\n<p class=\" wall-content\">Comme pour le premier restaurant qui est install\u00e9 en Vieille-Ville, la promesse de Butter Station est de proposer <strong>des menus tr\u00e8s abordables avec une cuisine semi-gastronomique<\/strong>. \u00ab\u2009Tout est fait maison et cuisin\u00e9 avec des produits frais. Cela nous permet de pratiquer ces prix\u2009\u00bb, explique le g\u00e9rant.<\/p>\n<p class=\" wall-content\">Midi et soir, le restaurant propose notamment <strong>trois formules (entr\u00e9e-plat, plat-dessert et entr\u00e9e-plat-dessert) \u00e0 15\u00a0\u20ac, 16\u00a0\u20ac et 19\u00a0\u20ac<\/strong> comprenant chacune une boisson et un caf\u00e9.<\/p>\n<blockquote class=\"ac-article-quote wall-content\">\n<p>La carte change tous les jours. Les clients peuvent ainsi d\u00e9couvrir de nouveaux plats. Chez Butter, le premier restaurant, nous avons d\u00e9sormais une client\u00e8le fid\u00e8le et r\u00e9guli\u00e8re. Pour les desserts, on dispose d&rsquo;un buffet o\u00f9 les clients viennent choisir ce qu&rsquo;ils souhaitent.<\/p>\n<p>    <strong>Marius Bonnet<\/strong><br \/>\n        G\u00e9rant du restaurant Butter Station    <\/p><\/blockquote>\n<p>Bient\u00f4t une formule pour les gourmands et de la bi\u00e8re \u00e0 prix mini<\/p>\n<p class=\" wall-content\">Le g\u00e9rant ne manque pas d\u2019id\u00e9es pour d\u00e9velopper son \u00e9tablissement\u2009: \u00ab\u2009On va aussi proposer <strong>une formule nomm\u00e9e\u2009\u00bb l\u2019affam\u00e9 \u00ab<\/strong>\u2009pour le soir et le week-end. <strong>Pour 24\u00a0\u20ac, il y aura deux entr\u00e9es, deux plats, le buffet des desserts, une boisson et un caf\u00e9.<\/strong>\u2009\u00bb<\/p>\n<p>Votre r\u00e9gion, votre actu !<\/p>\n<p>Recevez chaque jour les infos qui comptent pour vous.<\/p>\n<p>\t<a href=\"https:\/\/actu.fr\/newsletter\" class=\"ac-btn ac-btn--corner ac-btn--medium ac-btn--blue800\" target=\"_blank\" rel=\"noopener\">S&rsquo;incrire<\/a><\/p>\n<p class=\" wall-content\">Le restaurant \u00e9tant ouvert de 9h30 \u00e0 22h, il souhaite aussi attirer une client\u00e8le en dehors des services. \u00ab\u2009L\u2019id\u00e9e est aussi d\u2019\u00eatre <strong>un coffee shop<\/strong> en proposant du bon caf\u00e9, du matcha, de l\u2019ube latte, etc\u2026 De 16h \u00e0 18h, on proposera aussi <strong>la pinte de bi\u00e8re \u00e0 seulement 3\u00a0\u20ac<\/strong>\u00bb, conclut Marius Bonnet.<\/p>\n<p>Butter Station<br \/>Place Simone Veil \u00e0 Nancy<br \/>Ouvert du lundi au dimanche (9h30 \u2013 22h)<\/p>\n<p class=\" wall-content\">Personnalisez votre actualit\u00e9 en ajoutant vos villes et m\u00e9dias en favori avec <a href=\"https:\/\/moncompte.actu.fr\" title=\"D\u00e9couvez Mon Actu\" rel=\"nofollow noopener\" data-trk=\"{&quot;cta&quot;:{&quot;action&quot;:&quot;https:\\\/\\\/moncompte.actu.fr&quot;,&quot;category&quot;:&quot;mon compte&quot;,&quot;from&quot;:&quot;article footer&quot;,&quot;name&quot;:&quot;Mon actu&quot;,&quot;type&quot;:&quot;cta&quot;}}\" target=\"_blank\">Mon Actu<\/a>.<\/p>\n","protected":false},"excerpt":{"rendered":"Par Paul-Emile Bouchy Publi\u00e9 le 3 d\u00e9c. 2025 \u00e0 16h05 Apr\u00e8s l\u2019ouverture du restaurant \u00ab\u2009Butter\u2009\u00bb qui voulait devenir&hellip;\n","protected":false},"author":2,"featured_media":575933,"comment_status":"","ping_status":"","sticky":false,"template":"","format":"standard","meta":{"footnotes":""},"categories":[9635],"tags":[1111,11,1777,674,1011,27,13621,775,1702,12,3147,25,1340,104],"class_list":{"0":"post-575932","1":"post","2":"type-post","3":"status-publish","4":"format-standard","5":"has-post-thumbnail","7":"category-nancy","8":"tag-actu","9":"tag-actualites","10":"tag-eu","11":"tag-europe","12":"tag-fr","13":"tag-france","14":"tag-gare-de-nancy","15":"tag-grand-est","16":"tag-nancy","17":"tag-news","18":"tag-nouveaux-commerces","19":"tag-republique-francaise","20":"tag-restaurant","21":"tag-societe"},"share_on_mastodon":{"url":"https:\/\/pubeurope.com\/@fr\/115657145217655642","error":""},"_links":{"self":[{"href":"https:\/\/www.europesays.com\/fr\/wp-json\/wp\/v2\/posts\/575932","targetHints":{"allow":["GET"]}}],"collection":[{"href":"https:\/\/www.europesays.com\/fr\/wp-json\/wp\/v2\/posts"}],"about":[{"href":"https:\/\/www.europesays.com\/fr\/wp-json\/wp\/v2\/types\/post"}],"author":[{"embeddable":true,"href":"https:\/\/www.europesays.com\/fr\/wp-json\/wp\/v2\/users\/2"}],"replies":[{"embeddable":true,"href":"https:\/\/www.europesays.com\/fr\/wp-json\/wp\/v2\/comments?post=575932"}],"version-history":[{"count":0,"href":"https:\/\/www.europesays.com\/fr\/wp-json\/wp\/v2\/posts\/575932\/revisions"}],"wp:featuredmedia":[{"embeddable":true,"href":"https:\/\/www.europesays.com\/fr\/wp-json\/wp\/v2\/media\/575933"}],"wp:attachment":[{"href":"https:\/\/www.europesays.com\/fr\/wp-json\/wp\/v2\/media?parent=575932"}],"wp:term":[{"taxonomy":"category","embeddable":true,"href":"https:\/\/www.europesays.com\/fr\/wp-json\/wp\/v2\/categories?post=575932"},{"taxonomy":"post_tag","embeddable":true,"href":"https:\/\/www.europesays.com\/fr\/wp-json\/wp\/v2\/tags?post=575932"}],"curies":[{"name":"wp","href":"https:\/\/api.w.org\/{rel}","templated":true}]}}