{"id":575936,"date":"2025-12-03T18:55:12","date_gmt":"2025-12-03T18:55:12","guid":{"rendered":"https:\/\/www.europesays.com\/fr\/575936\/"},"modified":"2025-12-03T18:55:12","modified_gmt":"2025-12-03T18:55:12","slug":"les-organisations-patronales-varoises-appellent-a-la-mobilisation-pour-alerter-les-parlementaires","status":"publish","type":"post","link":"https:\/\/www.europesays.com\/fr\/575936\/","title":{"rendered":"les organisations patronales varoises appellent \u00e0 la mobilisation pour alerter les parlementaires"},"content":{"rendered":"<p class=\"fs-5 \">H\u00f4tellerie-restauration, automobile, industrie, immobilier&#8230; Tous les secteurs \u00e9conomiques \u00e9taient repr\u00e9sent\u00e9s ce mercredi matin \u00e0 l\u2019Union patronale du Var \u00e0 travers les syndicats patronaux du territoire, pour annoncer une grande mobilisation, le 9 d\u00e9cembre \u00e0 partir de 18 heures devant les locaux de l\u2019UPV \u00e0 Toulon.<\/p>\n<p class=\"fs-5 \">Le slogan \u00ab Stop au matraquage fiscal \u00bb d\u00e9j\u00e0 largement affich\u00e9 sur les portes du b\u00e2timent devrait jalonner ce jour-l\u00e0 les rangs des entrepreneurs du d\u00e9partement, r\u00e9unis \u00e0 l\u2019occasion de la traditionnelle soir\u00e9e du \u00ab Top 500 \u00bb. Car le malaise va bien au-del\u00e0 de la d\u00e9nonciation des taxes qui p\u00e8sent sur la comp\u00e9titivit\u00e9 des entreprises. \u00ab Ce n\u2019est pas d\u2019un d\u00e9bat budg\u00e9taire dont il s\u2019agit mais de mod\u00e8le \u00e9conomique \u00bb, souligne V\u00e9ronique Maurel, la pr\u00e9sidente de l\u2019UPV dont les \u00e9quipes ont questionn\u00e9 l\u2019ensemble des parlementaires du d\u00e9partement. <\/p>\n<p class=\"fs-5 \">\u00ab On est \u00e9cout\u00e9s \u00bb, r\u00e9sume la cheffe d\u2019entreprise, m\u00eame si aucun engagement concret ne semble avoir \u00e9t\u00e9 pris vis-\u00e0-vis du monde \u00e9conomique, bien conscient que l\u2019absence de majorit\u00e9 parlementaire risque de maintenir le flou pendant des mois sur ce qui attend les entreprises. \u00ab Dans le Var, l\u2019industrie se porte plut\u00f4t bien, et pourtant l\u2019incertitude \u00e9conomique g\u00e9n\u00e9r\u00e9e par les discussions sans fin des parlementaires commence \u00e0 ralentir toute la cha\u00eene de TPE et PME locale, on voit arriver des demandes de ch\u00f4mage partiel et cela fait longtemps que l\u2019on n\u2019avait pas vu \u00e7a dans le Var \u00bb, t\u00e9moigne S\u00e9bastien Ricci, d\u00e9l\u00e9gu\u00e9 g\u00e9n\u00e9ral de l\u2019UIMM Alpes-M\u00e9diterran\u00e9e qui regroupe une centaine d\u2019adh\u00e9rents sur le territoire.<\/p>\n<p>                                                                                Lib\u00e9rer les TPE-PME<\/p>\n<p class=\"fs-5 \">M\u00eame discours du c\u00f4t\u00e9 des professionnels de l\u2019immobilier, repr\u00e9sent\u00e9s par Jean-Marc Stefanini, vice-pr\u00e9sident de la Fnaim du Var, qui f\u00e9d\u00e8re 400 adh\u00e9rents pour quelque 2700 emplois et 130 millions d\u2019euros de chiffre d\u2019affaires. \u00ab Le logement est au coeur du d\u00e9veloppement \u00e9conomique, les entreprises ne peuvent pas loger leurs salari\u00e9s alors qu\u2019il suffirait de d\u00e9bloquer les dossiers dans les services urbanisme des communes. La logique fran\u00e7aise consiste, pour faire face au d\u00e9ficit, \u00e0 r\u00e9duire les d\u00e9penses et augmenter les imp\u00f4ts alors qu\u2019il faut lib\u00e9rer les TPE et PME pour favoriser la croissance \u00bb, r\u00e9sume le professionnel.<\/p>\n<p class=\"fs-5 \">A ses c\u00f4t\u00e9s, Adam Aberbache, pr\u00e9sident de Mobilians pour le Var, soit 4500 emplois dans les m\u00e9tiers de l\u2019automobile, enfonce le clou : \u00ab Nous sommes la 5e branche \u00e9conomique du pays, nous g\u00e9n\u00e9rons 33 milliards d\u2019euros de taxes revers\u00e9es \u00e0 l\u2019Etat par an, mais depuis 2020 ce sont 500.000 ventes de voitures perdues par an, soit 3 \u00e0 4 milliards de TVA en moins. On a chang\u00e9 20 fois de r\u00e9gime fiscal en 10 ans ! \u00bb<\/p>\n<p class=\"fs-5 \">Pour tous ces patrons, le message est clair : \u00ab Nos entreprises ne tiendront pas jusqu\u2019en 2027 \u00bb, et il y a urgence \u00e0 arr\u00eater les r\u00e8gles du jeu auxquelles elles seront soumises, d\u00e8s 2026. \u00ab Nous pensons que la sortie doit se faire par le haut, par la consommation, il faut augmenter le pouvoir d\u2019achat des salari\u00e9s \u00bb, assure S\u00e9bastien Ricci. Reste \u00e0 convaincre des centaines d\u2019entrepreneurs du territoire, de se mobiliser, \u00ab car on se dit qu\u2019\u00e0 force de r\u00e9p\u00e9ter notre message, on finira par provoquer une prise de conscience \u00bb, veut croire V\u00e9ronique Maurel.<\/p>\n","protected":false},"excerpt":{"rendered":"H\u00f4tellerie-restauration, automobile, industrie, immobilier&#8230; Tous les secteurs \u00e9conomiques \u00e9taient repr\u00e9sent\u00e9s ce mercredi matin \u00e0 l\u2019Union patronale du Var&hellip;\n","protected":false},"author":2,"featured_media":575937,"comment_status":"","ping_status":"","sticky":false,"template":"","format":"standard","meta":{"footnotes":""},"categories":[9619],"tags":[1111,11,1777,674,1011,27,56922,12,882,25,2310],"class_list":{"0":"post-575936","1":"post","2":"type-post","3":"status-publish","4":"format-standard","5":"has-post-thumbnail","7":"category-toulon","8":"tag-actu","9":"tag-actualites","10":"tag-eu","11":"tag-europe","12":"tag-fr","13":"tag-france","14":"tag-gouvernement-lecornu","15":"tag-news","16":"tag-provence-alpes-cote-dazur","17":"tag-republique-francaise","18":"tag-toulon"},"share_on_mastodon":{"url":"https:\/\/pubeurope.com\/@fr\/115657161116024266","error":""},"_links":{"self":[{"href":"https:\/\/www.europesays.com\/fr\/wp-json\/wp\/v2\/posts\/575936","targetHints":{"allow":["GET"]}}],"collection":[{"href":"https:\/\/www.europesays.com\/fr\/wp-json\/wp\/v2\/posts"}],"about":[{"href":"https:\/\/www.europesays.com\/fr\/wp-json\/wp\/v2\/types\/post"}],"author":[{"embeddable":true,"href":"https:\/\/www.europesays.com\/fr\/wp-json\/wp\/v2\/users\/2"}],"replies":[{"embeddable":true,"href":"https:\/\/www.europesays.com\/fr\/wp-json\/wp\/v2\/comments?post=575936"}],"version-history":[{"count":0,"href":"https:\/\/www.europesays.com\/fr\/wp-json\/wp\/v2\/posts\/575936\/revisions"}],"wp:featuredmedia":[{"embeddable":true,"href":"https:\/\/www.europesays.com\/fr\/wp-json\/wp\/v2\/media\/575937"}],"wp:attachment":[{"href":"https:\/\/www.europesays.com\/fr\/wp-json\/wp\/v2\/media?parent=575936"}],"wp:term":[{"taxonomy":"category","embeddable":true,"href":"https:\/\/www.europesays.com\/fr\/wp-json\/wp\/v2\/categories?post=575936"},{"taxonomy":"post_tag","embeddable":true,"href":"https:\/\/www.europesays.com\/fr\/wp-json\/wp\/v2\/tags?post=575936"}],"curies":[{"name":"wp","href":"https:\/\/api.w.org\/{rel}","templated":true}]}}