{"id":575943,"date":"2025-12-03T18:59:11","date_gmt":"2025-12-03T18:59:11","guid":{"rendered":"https:\/\/www.europesays.com\/fr\/575943\/"},"modified":"2025-12-03T18:59:11","modified_gmt":"2025-12-03T18:59:11","slug":"a-rouen-plusieurs-personnes-intoxiquees-par-un-feu-de-trottinette-dans-le-centre-ville","status":"publish","type":"post","link":"https:\/\/www.europesays.com\/fr\/575943\/","title":{"rendered":"\u00c0 Rouen, plusieurs personnes intoxiqu\u00e9es par un feu de trottinette dans le centre-ville"},"content":{"rendered":"<p>                    Par<br \/>\n        <strong><br \/>\n            <a href=\"https:\/\/actu.fr\/auteur\/yann-rivallan\" title=\"Consulter tous les articles de Yann Rivallan\" target=\"_blank\" rel=\"noopener\">Yann Rivallan<\/a><br \/>\n                    <\/strong><\/p>\n<p>        Publi\u00e9 le<\/p>\n<p>            3 d\u00e9c. 2025 \u00e0 19h47        <\/p>\n<p>Impossible, pour l\u2019heure, d\u2019\u00e9tablir les raisons de cet <a href=\"https:\/\/actu.fr\/tag\/incendie\" target=\"_blank\" rel=\"noopener\">incendie<\/a>. Dans la soir\u00e9e du mercredi 3 d\u00e9cembre 2025, les sapeurs-pompiers ont \u00e9t\u00e9 sollicit\u00e9s <strong>dans un immeuble<\/strong> quai Pierre-Corneille \u00e0 <a href=\"https:\/\/actu.fr\/normandie\/rouen_76540\" target=\"_blank\" rel=\"noopener\">Rouen<\/a>. Dans les parties communes de ce b\u00e2timent, <strong>une trottinette \u00e9lectrique a pris feu<\/strong>, indique le Service d\u00e9partemental d\u2019incendie et de secours (Sdis).<\/p>\n<p>Trois personnes intoxiqu\u00e9es<\/p>\n<p class=\" wall-content\">Les 16 pompiers mobilis\u00e9s ont d\u00fb <strong>utiliser une \u00e9chelle<\/strong>\u00a0pour porter secours \u00e0 deux personnes dans l\u2019immeuble. Le feu d\u00e9clench\u00e9 par la trottinette a pu rapidement \u00eatre \u00e9teint.<\/p>\n<p class=\" wall-content\">Pas de bless\u00e9s graves \u00e0 d\u00e9plorer mais les secours font \u00e9tat de \u00ab\u00a0<strong>trois personnes intoxiqu\u00e9es<\/strong> par les fum\u00e9es\u00a0\u00bb. Elles ont \u00e9t\u00e9 transport\u00e9es au CHU de Rouen pour des examens.<\/p>\n<p>Suivez l\u2019actualit\u00e9 de Rouen sur <a href=\"https:\/\/www.whatsapp.com\/channel\/0029VaKfnf99hXF2ddApFB1D\" target=\"_blank\" rel=\"noopener\">notre cha\u00eene WhatsApp<\/a> et sur <a href=\"https:\/\/www.tiktok.com\/@76actu.fr?lang=fr\" target=\"_blank\" rel=\"noopener\">notre compte TikTok<\/a><\/p>\n<p class=\" wall-content\">Personnalisez votre actualit\u00e9 en ajoutant vos villes et m\u00e9dias en favori avec <a href=\"https:\/\/moncompte.actu.fr\" title=\"D\u00e9couvez Mon Actu\" rel=\"nofollow noopener\" data-trk=\"{&quot;cta&quot;:{&quot;action&quot;:&quot;https:\\\/\\\/moncompte.actu.fr&quot;,&quot;category&quot;:&quot;mon compte&quot;,&quot;from&quot;:&quot;article footer&quot;,&quot;name&quot;:&quot;Mon actu&quot;,&quot;type&quot;:&quot;cta&quot;}}\" target=\"_blank\">Mon Actu<\/a>.<\/p>\n<p>                    <script async src=\"\/\/www.tiktok.com\/embed.js\"><\/script><\/p>\n","protected":false},"excerpt":{"rendered":"Par Yann Rivallan Publi\u00e9 le 3 d\u00e9c. 2025 \u00e0 19h47 Impossible, pour l\u2019heure, d\u2019\u00e9tablir les raisons de cet&hellip;\n","protected":false},"author":2,"featured_media":575944,"comment_status":"","ping_status":"","sticky":false,"template":"","format":"standard","meta":{"footnotes":""},"categories":[9587],"tags":[1111,11,1777,674,118,1011,27,1310,12,5161,1311,25,9590,6960],"class_list":{"0":"post-575943","1":"post","2":"type-post","3":"status-publish","4":"format-standard","5":"has-post-thumbnail","7":"category-rouen","8":"tag-actu","9":"tag-actualites","10":"tag-eu","11":"tag-europe","12":"tag-faits-divers","13":"tag-fr","14":"tag-france","15":"tag-incendie","16":"tag-news","17":"tag-normandie","18":"tag-pompiers","19":"tag-republique-francaise","20":"tag-rouen","21":"tag-trottinette-electrique"},"share_on_mastodon":{"url":"https:\/\/pubeurope.com\/@fr\/115657176886728857","error":""},"_links":{"self":[{"href":"https:\/\/www.europesays.com\/fr\/wp-json\/wp\/v2\/posts\/575943","targetHints":{"allow":["GET"]}}],"collection":[{"href":"https:\/\/www.europesays.com\/fr\/wp-json\/wp\/v2\/posts"}],"about":[{"href":"https:\/\/www.europesays.com\/fr\/wp-json\/wp\/v2\/types\/post"}],"author":[{"embeddable":true,"href":"https:\/\/www.europesays.com\/fr\/wp-json\/wp\/v2\/users\/2"}],"replies":[{"embeddable":true,"href":"https:\/\/www.europesays.com\/fr\/wp-json\/wp\/v2\/comments?post=575943"}],"version-history":[{"count":0,"href":"https:\/\/www.europesays.com\/fr\/wp-json\/wp\/v2\/posts\/575943\/revisions"}],"wp:featuredmedia":[{"embeddable":true,"href":"https:\/\/www.europesays.com\/fr\/wp-json\/wp\/v2\/media\/575944"}],"wp:attachment":[{"href":"https:\/\/www.europesays.com\/fr\/wp-json\/wp\/v2\/media?parent=575943"}],"wp:term":[{"taxonomy":"category","embeddable":true,"href":"https:\/\/www.europesays.com\/fr\/wp-json\/wp\/v2\/categories?post=575943"},{"taxonomy":"post_tag","embeddable":true,"href":"https:\/\/www.europesays.com\/fr\/wp-json\/wp\/v2\/tags?post=575943"}],"curies":[{"name":"wp","href":"https:\/\/api.w.org\/{rel}","templated":true}]}}