{"id":575951,"date":"2025-12-03T19:04:28","date_gmt":"2025-12-03T19:04:28","guid":{"rendered":"https:\/\/www.europesays.com\/fr\/575951\/"},"modified":"2025-12-03T19:04:28","modified_gmt":"2025-12-03T19:04:28","slug":"batiments-detruits-logements-neufs-a-rennes-ce-quartier-va-etre-transforme-ce-qui-est-prevu","status":"publish","type":"post","link":"https:\/\/www.europesays.com\/fr\/575951\/","title":{"rendered":"B\u00e2timents d\u00e9truits, logements neufs\u2026 \u00c0 Rennes, ce quartier va \u00eatre transform\u00e9 : ce qui est pr\u00e9vu"},"content":{"rendered":"<p>                    Par<br \/>\n        <strong><br \/>\n            <a href=\"https:\/\/actu.fr\/auteur\/clemence-pays02-actu-fr\" title=\"Consulter tous les articles de Cl\u00e9mence Pays\" target=\"_blank\" rel=\"noopener\">Cl\u00e9mence Pays<\/a><br \/>\n                    <\/strong><\/p>\n<p>        Publi\u00e9 le<\/p>\n<p>            3 d\u00e9c. 2025 \u00e0 17h35        <\/p>\n<p>\u00c0 Rennes, le quartier de Cleunay a d\u00e9j\u00e0 entam\u00e9 sa mue. Et cela va continuer. Lors du conseil municipal du lundi 1\u1d49\u02b3 d\u00e9cembre\u00a02025, les conseillers ont approuv\u00e9 un accord entre la Ville, Rennes M\u00e9tropole et N\u00e9otoa, bailleur social et promoteur. Ce march\u00e9 doit conduire \u00e0 la <strong>destruction de certains b\u00e2timents,<\/strong> mais aussi \u00e0 la <strong>construction de logements<\/strong> ou \u00e0 leur r\u00e9habilitation. L\u2019ensemble de ce projet de renouvellement urbain sera <strong>livr\u00e9 \u00ab\u2009par phases, d\u2019ici \u00e0 2035\u2009\u00bb,<\/strong> annonce la Ville. Voici les secteurs concern\u00e9s.<\/p>\n<p>400 logements concern\u00e9s<\/p>\n<p class=\" wall-content\">Ce projet concerne plusieurs secteurs de Cleunay et doit permettre de \u00ab\u2009cr\u00e9er et de restructurer <strong>plus de 400 logements, r\u00e9partis en sept ensembles immobiliers,<\/strong> de diversifier les types de logements et de favoriser l\u2019accession sociale, notamment via le Bail r\u00e9el solidaire (BRS)\u2009\u00bb.<\/p>\n<p>Un protocole foncier<\/p>\n<p>Pour mener \u00e0 bien le renouvellement urbain du quartier Cleunay, le conseil municipal a approuv\u00e9 les termes du protocole foncier conclu entre la Ville de Rennes, Rennes M\u00e9tropole et N\u00e9otoa. La r\u00e9alisation de ces programmes immobiliers n\u00e9cessitent des transferts de propri\u00e9t\u00e9 entre la Ville de Rennes et Rennes M\u00e9tropole vers N\u00e9otoa. <br \/>\u00ab\u00a0La Ville, propri\u00e9taire de plusieurs emprises fonci\u00e8res, entend faciliter ces projets en c\u00e9dant \u00e0 N\u00e9otoa plusieurs parcelles.\u00a0\u00bb<br \/>Le protocole foncier d\u00e9finit leurs engagements r\u00e9ciproques, les principes de programmation, les proc\u00e9dures n\u00e9cessaires et les conditions financi\u00e8res du projet.<\/p>\n<p>L\u2019ancien Antipode d\u00e9moli<\/p>\n<p class=\" wall-content\">Dans l\u2019ann\u00e9e 2026, <strong>le B\u00e2timent \u00e0 modeler<\/strong> (BAM), o\u00f9 se trouvait l\u2019Antipode jusqu\u2019en 2021, sera <strong>d\u00e9moli.<\/strong> Le terrain sera ensuite c\u00e9d\u00e9 \u00e0 N\u00e9otoa.<\/p>\n<p>    <img   decoding=\"async\" loading=\"lazy\" src=\"https:\/\/www.europesays.com\/fr\/wp-content\/uploads\/2025\/12\/le-bam-rennes-cleunay-batiment-a-modeler-960x640.jpeg\" alt=\"Le Bam, o\u00f9 r\u00e9sidait l'Antipode, va \u00eatre d\u00e9truit.\" width=\"960\" height=\"640\"\/><br \/>\n    Le Bam, o\u00f9 r\u00e9sidait l\u2019Antipode, va \u00eatre d\u00e9truit. (\u00a9Cl\u00e9mence Pays\/actu Rennes)<\/p>\n<p class=\" wall-content\">Le promoteur construira\u2009:<\/p>\n<p>Votre r\u00e9gion, votre actu !<\/p>\n<p>Recevez chaque jour les infos qui comptent pour vous.<\/p>\n<p>\t<a href=\"https:\/\/actu.fr\/newsletter\" class=\"ac-btn ac-btn--corner ac-btn--medium ac-btn--blue800\" target=\"_blank\" rel=\"noopener\">S&rsquo;incrire<\/a><\/p>\n<ul class=\" wall-content\">\n<li>un b\u00e2timent de <strong>28 logements<\/strong> financ\u00e9s en PLUS-PLAI, ainsi qu\u2019<strong>une cellule tertiaire<\/strong> et un sous-sol de 74 stationnements\u2009;<\/li>\n<li>un b\u00e2timent de <strong>19 logements,<\/strong> qui seront vendus en Bail r\u00e9el solidaire (BRS) et accession dite coop\u00e9rative, ainsi qu\u2019une<strong> salle associative<\/strong> d\u2019environ 200 m\u00b22, en rez-de-chauss\u00e9e, port\u00e9e par la Ville de Rennes.<\/li>\n<\/ul>\n<p>Une zone de stationnement supprim\u00e9e<\/p>\n<p class=\" wall-content\">La <strong>zone de stationnement<\/strong> pr\u00e9sente \u00e0 l\u2019angle des rues Andr\u00e9-Trasbot et Jules-Lallemand sera transform\u00e9e. N\u00e9otoa y r\u00e9alisera\u2009:<\/p>\n<ul class=\" wall-content\">\n<li>un b\u00e2timent de <strong>28 logements,<\/strong> qui seront vendus en BRS et accession dite coop\u00e9rative, ainsi qu\u2019<strong>une cellule tertiaire\u2009;<\/strong><\/li>\n<li>la <strong>restructuration<\/strong> et la <strong>sur\u00e9l\u00e9vation<\/strong> d\u2019un immeuble pour y ajouter <strong>56 logements<\/strong> financ\u00e9s en PLUS\/PLAI\/PLS\u2009;<\/li>\n<li>un ensemble de <strong>45 logements pour les seniors,<\/strong> financ\u00e9s en PLUS\/PLAI\/PLS et des cellules tertiaires\u2009;<\/li>\n<li>un ensemble de <strong>63 logements,<\/strong> disponibles en BRS et accession dite coop\u00e9rative et des cellules tertiaires.<\/li>\n<\/ul>\n<blockquote class=\"ac-article-quote wall-content\">\n<p>Les \u00e9tudes de ces op\u00e9rations de r\u00e9habilitation seront r\u00e9alis\u00e9es en 2026 et 2027 pour des livraisons pr\u00e9vues par phases jusqu&rsquo;en 2035.<\/p>\n<p>    <strong>Ville de Rennes<\/strong>\n            <\/p><\/blockquote>\n<p>    <img   decoding=\"async\" loading=\"lazy\" src=\"https:\/\/www.europesays.com\/fr\/wp-content\/uploads\/2025\/12\/parking-rennes-cleunay-rue-andre-trasbot-960x640.jpg\" alt=\"Le parking pr\u00e8s du gymnase et du BAM va \u00eatre supprim\u00e9.\" width=\"960\" height=\"640\"\/><br \/>\n    Le parking pr\u00e8s du gymnase et du BAM va \u00eatre supprim\u00e9. (\u00a9 Cl\u00e9mence Pays\/actu Rennes)Des logements d\u00e9truits<\/p>\n<p class=\" wall-content\">L\u2019ensemble immobilier de <strong>34 logements,<\/strong> au 34-36 rue Ferdinand-de-Lesseps, propri\u00e9t\u00e9 de N\u00e9otoa, sera<strong> d\u00e9moli.<\/strong> C\u2019est notamment dans un de ces immeubles qu\u2019une <a href=\"https:\/\/actu.fr\/bretagne\/rennes_35238\/rennes-une-femme-de-81-ans-retrouvee-morte-et-un-homme-gravement-brule-apres-l-incendie-d-un-appartement_63488605.html\" target=\"_blank\" rel=\"noopener\">octog\u00e9naire a perdu la vie la semaine derni\u00e8re dans l\u2019incendie de son logement.<\/a><\/p>\n<p>    <img   decoding=\"async\" loading=\"lazy\" src=\"https:\/\/www.europesays.com\/fr\/wp-content\/uploads\/2025\/12\/rennes-cleunay-rue-ferdinand-de-lesseps-logements-immeubles-960x640.jpeg\" alt=\"Les logements du 34-36 rue Ferdinand-de-Lesseps vont \u00eatre d\u00e9molis.\" width=\"960\" height=\"640\"\/><br \/>\n    Les logements du 34-36 rue Ferdinand-de-Lesseps vont \u00eatre d\u00e9molis. (\u00a9Cl\u00e9mence Pays\/actu Rennes)<\/p>\n<p class=\" wall-content\">La Ville, propri\u00e9taire d\u2019une parcelle riveraine, en c\u00e9dera une partie \u00e0 N\u00e9otoa pour permettre la <strong>construction d\u2019un nouvel ensemble<\/strong> \u00ab\u2009d\u2019environ <strong>80 logements locatifs sociaux<\/strong> \u00e0 vocation de r\u00e9sidence jeunes, financ\u00e9s en PLAI et PLS\u2009\u00bb.<\/p>\n<p class=\" wall-content\">Des<strong> locaux tertiaires<\/strong> seront \u00e9galement am\u00e9nag\u00e9s en rez-de-chauss\u00e9e.<\/p>\n<p>    <img   decoding=\"async\" loading=\"lazy\" src=\"https:\/\/www.europesays.com\/fr\/wp-content\/uploads\/2025\/12\/rennes-cleunay-logements-rue-champion-de-cice-immeubles-960x640.jpeg\" alt=\"Les logements de la rue Champion-de-Cic\u00e9 seront \" width=\"960\" height=\"640\"\/><br \/>\n    Les logements de la rue Champion-de-Cic\u00e9 seront \u00ab\u00a0am\u00e9lior\u00e9s\u00a0\u00bb, a annonc\u00e9 la Ville de Rennes. (\u00a9Cl\u00e9mence Pays\/actu Rennes)<\/p>\n<p class=\" wall-content\">En parall\u00e8le, trois ensembles, repr\u00e9sentant <strong>pr\u00e8s de 150 logements locatifs,<\/strong> rues Champion-de-Cic\u00e9 et Ferdinand-de-Lesseps, <strong>seront r\u00e9habilit\u00e9s.<\/strong> Les \u00e9tudes seront r\u00e9alis\u00e9es en\u00a02026 et\u00a02027 pour des livraisons pr\u00e9vues par phases jusqu\u2019en 2032.<\/p>\n<p class=\" wall-content\">Personnalisez votre actualit\u00e9 en ajoutant vos villes et m\u00e9dias en favori avec <a href=\"https:\/\/moncompte.actu.fr\" title=\"D\u00e9couvez Mon Actu\" rel=\"nofollow noopener\" data-trk=\"{&quot;cta&quot;:{&quot;action&quot;:&quot;https:\\\/\\\/moncompte.actu.fr&quot;,&quot;category&quot;:&quot;mon compte&quot;,&quot;from&quot;:&quot;article footer&quot;,&quot;name&quot;:&quot;Mon actu&quot;,&quot;type&quot;:&quot;cta&quot;}}\" target=\"_blank\">Mon Actu<\/a>.<\/p>\n","protected":false},"excerpt":{"rendered":"Par Cl\u00e9mence Pays Publi\u00e9 le 3 d\u00e9c. 2025 \u00e0 17h35 \u00c0 Rennes, le quartier de Cleunay a d\u00e9j\u00e0&hellip;\n","protected":false},"author":2,"featured_media":575952,"comment_status":"","ping_status":"","sticky":false,"template":"","format":"standard","meta":{"footnotes":""},"categories":[2821],"tags":[1111,11,829,1777,674,1011,27,1908,12,584,5765,25,104],"class_list":{"0":"post-575951","1":"post","2":"type-post","3":"status-publish","4":"format-standard","5":"has-post-thumbnail","7":"category-rennes","8":"tag-actu","9":"tag-actualites","10":"tag-bretagne","11":"tag-eu","12":"tag-europe","13":"tag-fr","14":"tag-france","15":"tag-logement","16":"tag-news","17":"tag-rennes","18":"tag-renovation-urbaine","19":"tag-republique-francaise","20":"tag-societe"},"share_on_mastodon":{"url":"https:\/\/pubeurope.com\/@fr\/115657197358477732","error":""},"_links":{"self":[{"href":"https:\/\/www.europesays.com\/fr\/wp-json\/wp\/v2\/posts\/575951","targetHints":{"allow":["GET"]}}],"collection":[{"href":"https:\/\/www.europesays.com\/fr\/wp-json\/wp\/v2\/posts"}],"about":[{"href":"https:\/\/www.europesays.com\/fr\/wp-json\/wp\/v2\/types\/post"}],"author":[{"embeddable":true,"href":"https:\/\/www.europesays.com\/fr\/wp-json\/wp\/v2\/users\/2"}],"replies":[{"embeddable":true,"href":"https:\/\/www.europesays.com\/fr\/wp-json\/wp\/v2\/comments?post=575951"}],"version-history":[{"count":0,"href":"https:\/\/www.europesays.com\/fr\/wp-json\/wp\/v2\/posts\/575951\/revisions"}],"wp:featuredmedia":[{"embeddable":true,"href":"https:\/\/www.europesays.com\/fr\/wp-json\/wp\/v2\/media\/575952"}],"wp:attachment":[{"href":"https:\/\/www.europesays.com\/fr\/wp-json\/wp\/v2\/media?parent=575951"}],"wp:term":[{"taxonomy":"category","embeddable":true,"href":"https:\/\/www.europesays.com\/fr\/wp-json\/wp\/v2\/categories?post=575951"},{"taxonomy":"post_tag","embeddable":true,"href":"https:\/\/www.europesays.com\/fr\/wp-json\/wp\/v2\/tags?post=575951"}],"curies":[{"name":"wp","href":"https:\/\/api.w.org\/{rel}","templated":true}]}}