{"id":575955,"date":"2025-12-03T19:06:23","date_gmt":"2025-12-03T19:06:23","guid":{"rendered":"https:\/\/www.europesays.com\/fr\/575955\/"},"modified":"2025-12-03T19:06:23","modified_gmt":"2025-12-03T19:06:23","slug":"reunion-tres-chahutee-sur-lavenir-de-la-friche-mercure","status":"publish","type":"post","link":"https:\/\/www.europesays.com\/fr\/575955\/","title":{"rendered":"r\u00e9union tr\u00e8s chahut\u00e9e sur l\u2019avenir de la friche Mercure"},"content":{"rendered":"<p>C\u2019est une place endormie qui se r\u00e9veille brutalement au d\u00e9tour du projet d\u2019un promoteur immobilier. Petit r\u00e9cap pour ceux qui n\u2019ont plus le dossier en t\u00eate\u00a0: au printemps dernier, les riverains du coquet secteur du Tivoli au Wacken d\u00e9couvrent avec stupeur l\u2019arriv\u00e9e d\u2019un vaste complexe immobilier au nord de la place de Bordeaux. Tr\u00e8s vite, le gigantisme du projet de la Fonci\u00e8re Grand Est, dont le montant financier n\u2019est pas connu, suscite l\u2019ire des habitants. <a href=\"https:\/\/www.dna.fr\/economie\/2025\/05\/07\/projet-immobilier-place-de-bordeaux-des-riverains-denoncent-un-tolle\" target=\"_blank\" rel=\"noopener\">Face au toll\u00e9<\/a>, la Ville demande au promoteur une nouvelle r\u00e9union d\u2019explications du projet aux habitants.<\/p>\n<p>Mercredi 2\u00a0d\u00e9cembre, une bonne centaine de personnes se sont d\u00e9plac\u00e9es dans un salon feutr\u00e9 de l\u2019h\u00f4tel Hilton. Sur l\u2019estrade, le clan Oussadon de la Fonci\u00e8re Grand Est est repr\u00e9sent\u00e9 par Cynthia et Kelly, et leur avocat Me Pierre Soler-Couteaux. L\u2019architecte de l\u2019agence parisienne Anma redonne les grandes lignes\u00a0: <a href=\"https:\/\/www.dna.fr\/economie\/2025\/05\/05\/bientot-demoli-l-ex-hotel-mercure-laissera-la-place-a-un-ensemble-immobilier\" target=\"_blank\" rel=\"noopener\">cinq b\u00e2timents dont deux tours de 13 et 17 \u00e9tages, dispos\u00e9s en triangle autour d\u2019un \u00eelot v\u00e9g\u00e9tal central.<\/a> De quoi&#8230;<\/p>\n","protected":false},"excerpt":{"rendered":"C\u2019est une place endormie qui se r\u00e9veille brutalement au d\u00e9tour du projet d\u2019un promoteur immobilier. Petit r\u00e9cap pour&hellip;\n","protected":false},"author":2,"featured_media":575956,"comment_status":"","ping_status":"","sticky":false,"template":"","format":"standard","meta":{"footnotes":""},"categories":[2820],"tags":[1111,11,4749,33,2880,1777,674,107,1011,27,775,1116,12,25,640,2879],"class_list":{"0":"post-575955","1":"post","2":"type-post","3":"status-publish","4":"format-standard","5":"has-post-thumbnail","7":"category-strasbourg","8":"tag-actu","9":"tag-actualites","10":"tag-btp-et-chantiers","11":"tag-economie","12":"tag-edition-strasbourg","13":"tag-eu","14":"tag-europe","15":"tag-fil-info","16":"tag-fr","17":"tag-france","18":"tag-grand-est","19":"tag-immobilier","20":"tag-news","21":"tag-republique-francaise","22":"tag-strasbourg","23":"tag-strasbourg-ville"},"share_on_mastodon":{"url":"https:\/\/pubeurope.com\/@fr\/115657204413857325","error":""},"_links":{"self":[{"href":"https:\/\/www.europesays.com\/fr\/wp-json\/wp\/v2\/posts\/575955","targetHints":{"allow":["GET"]}}],"collection":[{"href":"https:\/\/www.europesays.com\/fr\/wp-json\/wp\/v2\/posts"}],"about":[{"href":"https:\/\/www.europesays.com\/fr\/wp-json\/wp\/v2\/types\/post"}],"author":[{"embeddable":true,"href":"https:\/\/www.europesays.com\/fr\/wp-json\/wp\/v2\/users\/2"}],"replies":[{"embeddable":true,"href":"https:\/\/www.europesays.com\/fr\/wp-json\/wp\/v2\/comments?post=575955"}],"version-history":[{"count":0,"href":"https:\/\/www.europesays.com\/fr\/wp-json\/wp\/v2\/posts\/575955\/revisions"}],"wp:featuredmedia":[{"embeddable":true,"href":"https:\/\/www.europesays.com\/fr\/wp-json\/wp\/v2\/media\/575956"}],"wp:attachment":[{"href":"https:\/\/www.europesays.com\/fr\/wp-json\/wp\/v2\/media?parent=575955"}],"wp:term":[{"taxonomy":"category","embeddable":true,"href":"https:\/\/www.europesays.com\/fr\/wp-json\/wp\/v2\/categories?post=575955"},{"taxonomy":"post_tag","embeddable":true,"href":"https:\/\/www.europesays.com\/fr\/wp-json\/wp\/v2\/tags?post=575955"}],"curies":[{"name":"wp","href":"https:\/\/api.w.org\/{rel}","templated":true}]}}