{"id":575957,"date":"2025-12-03T19:07:13","date_gmt":"2025-12-03T19:07:13","guid":{"rendered":"https:\/\/www.europesays.com\/fr\/575957\/"},"modified":"2025-12-03T19:07:13","modified_gmt":"2025-12-03T19:07:13","slug":"les-excuses-aux-victimes-barseghian-reprend-la-main","status":"publish","type":"post","link":"https:\/\/www.europesays.com\/fr\/575957\/","title":{"rendered":"les excuses aux victimes, Barseghian reprend la main"},"content":{"rendered":"<p>Au p\u00e9nal, l\u2019affaire Polesi a \u00e9t\u00e9 class\u00e9e sans suite, faute de t\u00e9moins. La proc\u00e9dure disciplinaire \u00e0 l\u2019Universit\u00e9 <a href=\"https:\/\/www.dna.fr\/faits-divers-justice\/2025\/06\/16\/pas-de-sanction-disciplinaire-pour-herve-polesi-qui-quitte-l-unistra\" target=\"_blank\" rel=\"noopener\">n\u2019a rien donn\u00e9<\/a> , la commission jugeant une \u00e9ventuelle sanction inutile, l\u2019int\u00e9ress\u00e9 ayant demand\u00e9 \u00e0 ne pas \u00eatre reconduit dans ses fonctions de ma\u00eetre de conf\u00e9rences associ\u00e9.<\/p>\n<p>Le volet politique de l\u2019affaire n\u2019est, lui, pas sold\u00e9. Le rapport command\u00e9 par la municipalit\u00e9 au cabinet \u00c9ga\u00e9, co-fond\u00e9 par <a href=\"https:\/\/www.dna.fr\/faits-divers-justice\/2025\/05\/27\/accusation-de-harcelement-sexuel-le-numero-2-du-festival-d-avignon-vise-par-une-enquete\" target=\"_blank\" rel=\"noopener\">Caroline De Haas, cr\u00e9atrice d\u2019Osez le F\u00e9minisme\u00a0!<\/a> , doit permettre \u00e0 l\u2019ex\u00e9cutif de tourner la page. De tirer les enseignements de cet \u00e9pisode. Et de reprendre la main.<\/p>\n<p>Les leviers \u00e0 disposition<\/p>\n<p><a href=\"https:\/\/www.dna.fr\/p\/jeanne-barseghian\" target=\"_blank\" rel=\"noopener\">Jeanne Barseghian<\/a> l\u2019a bien compris. Encore <a href=\"https:\/\/www.dna.fr\/politique\/2025\/11\/04\/polesi-affaire-sans-suite-(et-sans-fin)\" target=\"_blank\" rel=\"noopener\">sur la&#8230;<\/a><\/p>\n","protected":false},"excerpt":{"rendered":"Au p\u00e9nal, l\u2019affaire Polesi a \u00e9t\u00e9 class\u00e9e sans suite, faute de t\u00e9moins. La proc\u00e9dure disciplinaire \u00e0 l\u2019Universit\u00e9 n\u2019a&hellip;\n","protected":false},"author":2,"featured_media":575958,"comment_status":"","ping_status":"","sticky":false,"template":"","format":"standard","meta":{"footnotes":""},"categories":[2820],"tags":[1111,11,1984,2880,1777,674,6757,107,1011,27,775,3539,12,316,25,104,640,2879],"class_list":{"0":"post-575957","1":"post","2":"type-post","3":"status-publish","4":"format-standard","5":"has-post-thumbnail","7":"category-strasbourg","8":"tag-actu","9":"tag-actualites","10":"tag-conseil-municipal","11":"tag-edition-strasbourg","12":"tag-eu","13":"tag-europe","14":"tag-feminisme","15":"tag-fil-info","16":"tag-fr","17":"tag-france","18":"tag-grand-est","19":"tag-les-ecologistes","20":"tag-news","21":"tag-politique","22":"tag-republique-francaise","23":"tag-societe","24":"tag-strasbourg","25":"tag-strasbourg-ville"},"share_on_mastodon":{"url":"https:\/\/pubeurope.com\/@fr\/115657208325528506","error":""},"_links":{"self":[{"href":"https:\/\/www.europesays.com\/fr\/wp-json\/wp\/v2\/posts\/575957","targetHints":{"allow":["GET"]}}],"collection":[{"href":"https:\/\/www.europesays.com\/fr\/wp-json\/wp\/v2\/posts"}],"about":[{"href":"https:\/\/www.europesays.com\/fr\/wp-json\/wp\/v2\/types\/post"}],"author":[{"embeddable":true,"href":"https:\/\/www.europesays.com\/fr\/wp-json\/wp\/v2\/users\/2"}],"replies":[{"embeddable":true,"href":"https:\/\/www.europesays.com\/fr\/wp-json\/wp\/v2\/comments?post=575957"}],"version-history":[{"count":0,"href":"https:\/\/www.europesays.com\/fr\/wp-json\/wp\/v2\/posts\/575957\/revisions"}],"wp:featuredmedia":[{"embeddable":true,"href":"https:\/\/www.europesays.com\/fr\/wp-json\/wp\/v2\/media\/575958"}],"wp:attachment":[{"href":"https:\/\/www.europesays.com\/fr\/wp-json\/wp\/v2\/media?parent=575957"}],"wp:term":[{"taxonomy":"category","embeddable":true,"href":"https:\/\/www.europesays.com\/fr\/wp-json\/wp\/v2\/categories?post=575957"},{"taxonomy":"post_tag","embeddable":true,"href":"https:\/\/www.europesays.com\/fr\/wp-json\/wp\/v2\/tags?post=575957"}],"curies":[{"name":"wp","href":"https:\/\/api.w.org\/{rel}","templated":true}]}}