{"id":575963,"date":"2025-12-03T19:10:23","date_gmt":"2025-12-03T19:10:23","guid":{"rendered":"https:\/\/www.europesays.com\/fr\/575963\/"},"modified":"2025-12-03T19:10:23","modified_gmt":"2025-12-03T19:10:23","slug":"parole-dexperts-ateliers-cuisine-decomplexes-chez-cookgo","status":"publish","type":"post","link":"https:\/\/www.europesays.com\/fr\/575963\/","title":{"rendered":"Parole d&rsquo;experts. Ateliers cuisine d\u00e9complex\u00e9s chez Cook&#038;Go"},"content":{"rendered":"<p>Et si, cette ann\u00e9e, le plus beau des cadeaux, c\u2019\u00e9tait de mettre tout le monde derri\u00e8re les fourneaux ? Avec Cook&amp;Go, au Passage Pommeraye \u00e0 Nantes (entr\u00e9e par le magasin Alice D\u00e9lice), Abdel Benhallou propose des ateliers de cuisine accessibles \u00e0 tous, m\u00eame aux grands d\u00e9butants : des cours \u00e0 offrir sous forme de bons cadeaux, pour vivre un vrai moment de partage\u2026<\/p>\n<p>Joie du partage et \u00e9picurisme : les conseils d&rsquo;Abdel Benhallou<\/p>\n<p>\u00ab Depuis 5 ans sous l\u2019enseigne Cook&amp;Go, je d\u00e9fends une cuisine d\u00e9complex\u00e9e, avec des produits frais et de saison. L\u2019ADN de la maison, c\u2019est vraiment \u00e7a : apprendre sans se prendre au s\u00e9rieux. Vous choisissez ou inventez votre menu, et ensemble, on le r\u00e9alise en atelier. Cuisine traditionnelle revisit\u00e9e, p\u00e2tisserie, cuisine du monde\u2026 on fait un peu de tout, dans une ambiance conviviale. Mon r\u00f4le, c\u2019est de vous guider pas \u00e0 pas, de vous transmettre les bases, les bons gestes, sans pression. On cuisine, on \u00e9change, on se r\u00e9gale !<\/p>\n<p><img loading=\"lazy\" decoding=\"async\" src=\"https:\/\/www.europesays.com\/fr\/wp-content\/uploads\/2025\/12\/U176477744626469305de640819.png\" alt=\"Photo2\" width=\"640\" height=\"500\"\/><\/p>\n<p>Offrir un cours de cuisine \u00e0 No\u00ebl, c\u2019est offrir un moment \u00e0 vivre apr\u00e8s les f\u00eates : une parenth\u00e8se gourmande pour prolonger la magie autour d\u2019un tablier plut\u00f4t qu\u2019au pied du sapin. C\u00f4t\u00e9 entreprises, les team buildings et \u00e9v\u00e9nements pro cartonnent : on a une belle activit\u00e9, de supers retours\u2026 et 5 \u00e9toiles sur Google, dont je suis tr\u00e8s fier.<\/p>\n<p>\u00c0 l\u2019horizon 2026, Cook&amp;Go deviendra Les Toques Nantaises. On pr\u00e9pare d\u00e9j\u00e0 de nouvelles exp\u00e9riences : soir\u00e9es \u00e0 th\u00e8me, soir\u00e9es particuli\u00e8res, soir\u00e9es c\u00e9libataires\u2026 L\u2019id\u00e9e, c\u2019est de cr\u00e9er encore plus d\u2019\u00e9v\u00e9nements autour de la cuisine et de faire \u00e9voluer le concept avec une vision novatrice.<\/p>\n<p>Pour No\u00ebl, je vous conseille vraiment les bons cadeaux : vous offrez un moment de partage, de simplicit\u00e9 et de gourmandise. Un cadeau qui cr\u00e9e des souvenirs\u2026 et donne envie de revenir aux fourneaux. \u00bb<\/p>\n<\/p>\n<p>\u00a0<\/p>\n","protected":false},"excerpt":{"rendered":"Et si, cette ann\u00e9e, le plus beau des cadeaux, c\u2019\u00e9tait de mettre tout le monde derri\u00e8re les fourneaux&hellip;\n","protected":false},"author":2,"featured_media":575964,"comment_status":"","ping_status":"","sticky":false,"template":"","format":"standard","meta":{"footnotes":""},"categories":[2818],"tags":[1111,11,11895,1777,674,1011,27,766,12,866,2636,25],"class_list":{"0":"post-575963","1":"post","2":"type-post","3":"status-publish","4":"format-standard","5":"has-post-thumbnail","7":"category-nantes","8":"tag-actu","9":"tag-actualites","10":"tag-d","11":"tag-eu","12":"tag-europe","13":"tag-fr","14":"tag-france","15":"tag-nantes","16":"tag-news","17":"tag-parole","18":"tag-pays-de-la-loire","19":"tag-republique-francaise"},"share_on_mastodon":{"url":"https:\/\/pubeurope.com\/@fr\/115657221078821148","error":""},"_links":{"self":[{"href":"https:\/\/www.europesays.com\/fr\/wp-json\/wp\/v2\/posts\/575963","targetHints":{"allow":["GET"]}}],"collection":[{"href":"https:\/\/www.europesays.com\/fr\/wp-json\/wp\/v2\/posts"}],"about":[{"href":"https:\/\/www.europesays.com\/fr\/wp-json\/wp\/v2\/types\/post"}],"author":[{"embeddable":true,"href":"https:\/\/www.europesays.com\/fr\/wp-json\/wp\/v2\/users\/2"}],"replies":[{"embeddable":true,"href":"https:\/\/www.europesays.com\/fr\/wp-json\/wp\/v2\/comments?post=575963"}],"version-history":[{"count":0,"href":"https:\/\/www.europesays.com\/fr\/wp-json\/wp\/v2\/posts\/575963\/revisions"}],"wp:featuredmedia":[{"embeddable":true,"href":"https:\/\/www.europesays.com\/fr\/wp-json\/wp\/v2\/media\/575964"}],"wp:attachment":[{"href":"https:\/\/www.europesays.com\/fr\/wp-json\/wp\/v2\/media?parent=575963"}],"wp:term":[{"taxonomy":"category","embeddable":true,"href":"https:\/\/www.europesays.com\/fr\/wp-json\/wp\/v2\/categories?post=575963"},{"taxonomy":"post_tag","embeddable":true,"href":"https:\/\/www.europesays.com\/fr\/wp-json\/wp\/v2\/tags?post=575963"}],"curies":[{"name":"wp","href":"https:\/\/api.w.org\/{rel}","templated":true}]}}