{"id":575977,"date":"2025-12-03T19:17:16","date_gmt":"2025-12-03T19:17:16","guid":{"rendered":"https:\/\/www.europesays.com\/fr\/575977\/"},"modified":"2025-12-03T19:17:16","modified_gmt":"2025-12-03T19:17:16","slug":"coupe-de-france-lusitanos-lille-se-jouera-a-creteil-le-samedi-20-decembre","status":"publish","type":"post","link":"https:\/\/www.europesays.com\/fr\/575977\/","title":{"rendered":"Coupe de France\u00a0: Lusitanos &#8211; Lille se jouera \u00e0 Cr\u00e9teil le samedi 20\u00a0d\u00e9cembre"},"content":{"rendered":"<p class=\"paragraph text_align_left lp-f-body-02\">C\u2019est malheureusement un rituel pour les clubs amateurs franciliens qui se qualifient chaque ann\u00e9e pour les <a href=\"https:\/\/www.leparisien.fr\/sports\/football\/psg\/coupe-de-france-une-entree-en-douceur-pour-le-psg-et-le-paris-fc-01-12-2025-WEEWFD2FLFGJHGRU226XXKZSCQ.php\" target=\"_blank\" rel=\"noreferrer noopener\">32es de finale de la Coupe de France <\/a>et affrontent une formation de L1. Ils doivent faire face \u00e0 un v\u00e9ritable casse-t\u00eate pour trouver un stade homologu\u00e9 afin d\u2019accueillir l\u2019\u00e9v\u00e9nement. <\/p>\n<p class=\"paragraph text_align_left lp-f-body-02\">Cette ann\u00e9e, les Lusitanos Saint-Maur (N2) en ont \u00e9galement fait l\u2019am\u00e8re exp\u00e9rience. Lundi soir, les dirigeants val-de-marnais \u00e9taient heureux d\u2019h\u00e9riter de Lille (4e de L3) lors du tirage au sort effectu\u00e9 au Parc des Princes. \u00ab\u00a0J\u2019esp\u00e8re que nous pourrons jouer dans notre stade Ch\u00e9ron afin de faire une belle f\u00eate, d\u00e9clarait le pr\u00e9sident des Lusitanos <a href=\"https:\/\/www.leparisien.fr\/seine-et-marne-77\/chelles-77500\/chelles-enfant-des-bosquets-mapril-baptista-est-le-roi-des-ambulances-11-02-2016-5536847.php\" target=\"_blank\" rel=\"noreferrer noopener\">Mapril Baptista<\/a> sur notre site. Cela n\u2019aurait pas de sens d\u2019aller ailleurs.\u00a0\u00bb<\/p>\n<p class=\"paragraph text_align_left lp-f-body-02\">Or, le stade Ch\u00e9ron, d\u2019une capacit\u00e9 de 750 places assises, n\u2019est pas suffisamment bien class\u00e9 pour accueillir un gros club de L1. Il fallait donc trouver un terrain de repli avant jeudi midi sinon les Lusitanos \u00e9taient menac\u00e9s d\u2019une inversion de la rencontre. Olivier L\u00e9tang avait m\u00eame propos\u00e9 ce mercredi en d\u00e9but d\u2019apr\u00e8s-midi de recevoir la formation de N2 au stade Pierre Mauroy. Mais les dirigeants val-de-marnais ont pu trouver un accord en fin de journ\u00e9e avec le maire de Cr\u00e9teil Laurent Cathala pour que la rencontre puisse se d\u00e9rouler dans le d\u00e9partement au stade Dominique-Duvauchelle d\u2019une capacit\u00e9 de 10 000 places. <\/p>\n<p class=\"paragraph text_align_left lp-f-body-02\">Le match se disputera le samedi 20\u00a0d\u00e9cembre \u00e0 20\u00a0heures. \u00ab\u00a0On remercie le maire de Cr\u00e9teil qui nous permet de recevoir Lille dans notre d\u00e9partement, souffle Mapril Baptista. Ce sera un bel \u00e9v\u00e9nement pour notre club et notre public\u00a0!\u00a0\u00bb<\/p>\n","protected":false},"excerpt":{"rendered":"C\u2019est malheureusement un rituel pour les clubs amateurs franciliens qui se qualifient chaque ann\u00e9e pour les 32es de&hellip;\n","protected":false},"author":2,"featured_media":575978,"comment_status":"","ping_status":"","sticky":false,"template":"","format":"standard","meta":{"footnotes":""},"categories":[2815],"tags":[1111,11,1777,674,63,1011,27,811,1307,12,25,60],"class_list":{"0":"post-575977","1":"post","2":"type-post","3":"status-publish","4":"format-standard","5":"has-post-thumbnail","7":"category-lille","8":"tag-actu","9":"tag-actualites","10":"tag-eu","11":"tag-europe","12":"tag-football","13":"tag-fr","14":"tag-france","15":"tag-hauts-de-france","16":"tag-lille","17":"tag-news","18":"tag-republique-francaise","19":"tag-sports"},"share_on_mastodon":{"url":"https:\/\/pubeurope.com\/@fr\/115657247550014057","error":""},"_links":{"self":[{"href":"https:\/\/www.europesays.com\/fr\/wp-json\/wp\/v2\/posts\/575977","targetHints":{"allow":["GET"]}}],"collection":[{"href":"https:\/\/www.europesays.com\/fr\/wp-json\/wp\/v2\/posts"}],"about":[{"href":"https:\/\/www.europesays.com\/fr\/wp-json\/wp\/v2\/types\/post"}],"author":[{"embeddable":true,"href":"https:\/\/www.europesays.com\/fr\/wp-json\/wp\/v2\/users\/2"}],"replies":[{"embeddable":true,"href":"https:\/\/www.europesays.com\/fr\/wp-json\/wp\/v2\/comments?post=575977"}],"version-history":[{"count":0,"href":"https:\/\/www.europesays.com\/fr\/wp-json\/wp\/v2\/posts\/575977\/revisions"}],"wp:featuredmedia":[{"embeddable":true,"href":"https:\/\/www.europesays.com\/fr\/wp-json\/wp\/v2\/media\/575978"}],"wp:attachment":[{"href":"https:\/\/www.europesays.com\/fr\/wp-json\/wp\/v2\/media?parent=575977"}],"wp:term":[{"taxonomy":"category","embeddable":true,"href":"https:\/\/www.europesays.com\/fr\/wp-json\/wp\/v2\/categories?post=575977"},{"taxonomy":"post_tag","embeddable":true,"href":"https:\/\/www.europesays.com\/fr\/wp-json\/wp\/v2\/tags?post=575977"}],"curies":[{"name":"wp","href":"https:\/\/api.w.org\/{rel}","templated":true}]}}