{"id":575981,"date":"2025-12-03T19:19:15","date_gmt":"2025-12-03T19:19:15","guid":{"rendered":"https:\/\/www.europesays.com\/fr\/575981\/"},"modified":"2025-12-03T19:19:15","modified_gmt":"2025-12-03T19:19:15","slug":"bon-plan-des-parkings-de-la-metropole-aix-marseille-provence-marseille-gratuits-les-weekends-avant-noel-bouches-du-rhone","status":"publish","type":"post","link":"https:\/\/www.europesays.com\/fr\/575981\/","title":{"rendered":"Bon plan: des parkings de la M\u00e9tropole Aix Marseille Provence Marseille gratuits les weekends avant No\u00ebl &#8211; Bouches du Rh\u00f4ne"},"content":{"rendered":"<p>Pour la huiti\u00e8me ann\u00e9e cons\u00e9cutive, la M\u00e9tropole Aix Marseille Provence a d\u00e9cid\u00e9 de <strong>rendre gratuit certains parkings du territoire de la M\u00e9tropole Aix Marseille \u00e0 l&rsquo;occasion de la p\u00e9riode des achats de No\u00ebl 2025.<\/strong><\/p>\n<p>&#13;<\/p>\n<p>Entre la loi qui r\u00e9duit drastiquement le nombre de places de stationnement au profit des v\u00e9los et les politiques de pi\u00e9tonnisation des centres villes, il devient <strong>de plus en plus compliqu\u00e9 de venir faire ses achats en ville avec sa voiture.<\/strong> Si certains souhaitent un changement des mentalit\u00e9s avec d&rsquo;autres modes de d\u00e9placements, force est de constater que le compte n&rsquo;y est pas\u00a0pour les commerces. Entre la <strong>concurrence d&rsquo;internet et des centres commerciaux en p\u00e9riph\u00e9rie facilement accessibles<\/strong>, le commerce en centre ville subit un lent d\u00e9clin depuis plusieurs ann\u00e9es. Ce dispositif de gratuit\u00e9 du stationnement permet donc de \u00ab faciliter la consommation et l\u2019achat local pour tous ceux qui le souhaitent. Les commer\u00e7ants de proximit\u00e9 sont essentiels, notamment sur le plan \u00e9conomique et pour dynamiser nos c\u0153urs de ville \u00bb, soulignait l&rsquo;an dernier Martine Vassal, la pr\u00e9sidente de la M\u00e9tropole Aix-Marseille-Provence.\u00a0<\/p>\n<p>&#13;<br \/>\n<strong>Le stationnement dans les parkings de la m\u00e9tropole offerte certains weekends avant No\u00ebl et le 24 d\u00e9cembre 2025<\/strong>&#13;<\/p>\n<p><strong>Deux heures de stationnement <\/strong>gratuit seront offertes au public dans les parkings de\u00a0<strong>Marseille, La Ciotat, Aubagne, Aix-en-Provence et Cassis. <\/strong>Ces deux heures offertes le seront entre 10h et 19h.<\/p>\n<p>&#13;<\/p>\n<p><strong>A Istres et Salon de Provence,<\/strong> le stationnement sera offert<strong> entre 10h et 19h, sans limite de temps.<\/strong><\/p>\n<p>&#13;<\/p>\n<p>L&rsquo;objectif est d&rsquo;aider les commer\u00e7ants des centres villes \u00e0 attirer un public plus large \u00e0 l&rsquo;occasion des achats de No\u00ebl.<\/p>\n<p>&#13;<\/p>\n<p>Cette op\u00e9ration concerne une cinquantaine de parkings sur le territoire de la m\u00e9tropole.<\/p>\n<p>&#13;<\/p>\n<p>&#13;<\/p>\n<p>\t\t\t\tDans les Bouches du Rh\u00f4ne&#13;<\/p>\n<p class=\"citation\">Les parkings de la m\u00e9tropole seront gratuits les weekends du 13 et 14 d\u00e9cembre, celui du 20 et 21 d\u00e9cembre. Ainsi que le 24 d\u00e9cembre<br \/>Certaines villes offrent \u00e9galement le stationnement le weekend du 6\u00a0 et 7 d\u00e9cembre.<\/p>\n<p>&#13;<\/p>\n<p>Prenez un ticket \u00e0 l\u2019entr\u00e9e du parking et validez-le \u00e0 la sortie. Vous n\u2019aurez rien \u00e0 payer sur les tranches horaires concern\u00e9es ci-dessous.\u00a0<\/p>\n<p>&#13;<br \/>\nMarseille&#13;<\/p>\n<p style=\"margin-left: 30px;\"><strong>2h gratuites entre 10h et 19h &#8211;\u00a0Les 13, 14, 20, 21 et 24 d\u00e9cembre 2025<\/strong><\/p>\n<p>&#13;<\/p>\n<p style=\"margin-left: 30px;\">Les Docks Arvieux &#8211; Rue des Docks, 13002<br \/>Castellane &#8211; 14 bis, avenue Jules Cantini, 13006<br \/>Charles de Gaulle &#8211; 22, place du G\u00e9n\u00e9ral Charles de Gaulle, 13001<br \/>Estienne d\u2019Orves &#8211; Place aux Huiles, 13001<br \/>Monthyon &#8211; 31, rue Breteuil, 13007<br \/>R\u00e9publique &#8211; 40, rue de la R\u00e9publique, 13001<br \/>Jean Jaur\u00e8s &#8211; 31, place Jean Jaur\u00e8s, 13005<br \/>Vieux-Port MUCEM &#8211; Esplanade J4, 13002<br \/>Phoc\u00e9ens &#8211; 12, rue Jean-Marc Cathala, 13002<br \/>H\u00f4tel de Ville &#8211; Place Jules Verne, 13002<br \/>Pr\u00e9fecture &#8211; 12, boulevard Paul Peytral, 13006<br \/>Baret-Saint-Ferr\u00e9ol &#8211; Rue Arm\u00e9ny, 13006<br \/>Corderie &#8211; 35, boulevard de la Corderie, 13007<br \/>Gambetta &#8211; 38, all\u00e9e L\u00e9on Gambetta, 13001<br \/>Cours Julien &#8211; Cours Julien, 13006<br \/>Espercieux &#8211; Rue des Docks, 13002<\/p>\n<p>&#13;<\/p>\n<p>\t\t\t\t&#13;<br \/>\nAix-en-Provence&#13;<\/p>\n<p style=\"margin-left: 30px;\"><strong><strong>2h gratuites\u00a0<strong>entre 10h et 19h &#8211;\u00a0Les 13, 14, 20, 21 et 24 d\u00e9cembre 2025<\/strong><\/strong><\/strong><\/p>\n<p>&#13;<\/p>\n<p style=\"margin-left: 30px;\">Rotonde, Cardeurs, Carnot, M\u00e9jane, Mignet, Signoret, Pasteur et Bellegarde<\/p>\n<p>&#13;<\/p>\n<p>\t\t\t\t&#13;<br \/>\nArles&#13;<\/p>\n<p>Arles ne fait pas partie de la M\u00e9tropole Aix-Marseille-Provence, mais la ville a mis en place des mesures locales:<\/p>\n<p>&#13;<\/p>\n<p style=\"margin-left: 30px;\"><strong>Stationnement gratuit du 5 au 24 d\u00e9cembre, 24h\/24 sur les parkings Chabourlet, Minimes et Sixte-Quenin.<\/strong><br \/><strong>3 heures offertes du 5 au 24 d\u00e9cembre de 8h \u00e0 20h au Parking du centre<\/strong>.<\/p>\n<p>&#13;<\/p>\n<p style=\"margin-left: 30px;\">Navettes gratuites pour rejoindre le centre ville du 6 au 24 d\u00e9cembre, de 9h \u00e0 19h30, toutes les 20 minutes (pause m\u00e9ridienne selon fr\u00e9quentation).<br \/>Triporteurs gratuits du 7 au 24 d\u00e9cembre, de 10h \u00e0 18h, toutes les 20 minutes. D\u00e9parts depuis les parkings Sixte-Quenin, Chabourlet et Minimes<\/p>\n<p>&#13;<br \/>\nAubagne&#13;<\/p>\n<p style=\"margin-left: 30px;\"><strong>2h gratuites\u00a0entre 10h et 19h &#8211;\u00a0Les 13, 14, 20, 21 et 24 d\u00e9cembre 2025<\/strong><\/p>\n<p>&#13;<\/p>\n<p style=\"margin-left: 30px;\">parking\u00a0<strong>8 mai 1945<\/strong> &#8211; 120, chemin de l&rsquo;Isle des Marronniers<\/p>\n<p>&#13;<\/p>\n<p>\t\t\t\t&#13;<br \/>\nCassis&#13;<\/p>\n<p style=\"margin-left: 30px;\"><strong>2h gratuites\u00a0<strong>entre 10h et 19h &#8211;\u00a0Les <strong>13, 14, 20, 21 et 24\u00a0<\/strong>d\u00e9cembre 2025<\/strong><\/strong><\/p>\n<p>&#13;<\/p>\n<p style=\"margin-left: 30px;\">Viguerie<br \/>Mimosas<br \/>Daudet<br \/>Madie<br \/>Bestouan<\/p>\n<p>&#13;<\/p>\n<p>\t\t\t\t&#13;<br \/>\nIstres&#13;<\/p>\n<p style=\"margin-left: 30px;\"><strong>gratuit de 10h \u00e0 19h sans limite de temps &#8211;\u00a0Les\u00a0<strong>13, 14, 20, 21 et 24\u00a0<\/strong> d\u00e9cembre 2025<br \/><\/strong><\/p>\n<p>&#13;<\/p>\n<p style=\"margin-left: 30px;\">Arnavaux<br \/>Victor Hugo<br \/>Les Carmes<\/p>\n<p>&#13;<\/p>\n<p>\t\t\t\t&#13;<br \/>\nLa Ciotat&#13;<\/p>\n<p style=\"margin-left: 30px;\"><strong>2h gratuites\u00a0<strong>entre 10h et 19h &#8211;\u00a0Les\u00a0<strong>13, 14, 20, 21 et 24\u00a0<\/strong> d\u00e9cembre 2025<\/strong><\/strong><\/p>\n<p>&#13;<\/p>\n<p style=\"margin-left: 30px;\">Verdun<br \/>Centre<br \/>Vieux Port<br \/>Port de plaisance<\/p>\n<p>&#13;<\/p>\n<p>\t\t\t\t&#13;<br \/>\nMartigues&#13;<\/p>\n<p><strong>Stationnements gratuits<\/strong><\/p>\n<p>&#13;<\/p>\n<p style=\"margin-left: 30px;\">Le parking Francis Turcan (Ferri\u00e8res) et le parking Ziem (Jonqui\u00e8res).<\/p>\n<p>&#13;<\/p>\n<p><strong>Les transports gratuits<\/strong><\/p>\n<p>&#13;<\/p>\n<p style=\"margin-left: 30px;\">Pour profiter des animations de No\u00ebl, pensez aux transports en commun.<\/p>\n<p>&#13;<\/p>\n<p style=\"margin-left: 30px;\">\u00b7 La navette maritime sur le chenal de Caronte dessert les arr\u00eats \u00ab H\u00f4tel de ville \u00bb,\u00ab M\u00e9diath\u00e8que \u00bb et \u00ab Degut \u00bb.<\/p>\n<p>&#13;<\/p>\n<p>\t<a href=\"https:\/\/www.frequence-sud.fr\/m\/art-15508-_noel_a_martigues_martigues\" target=\"_blank\" rel=\"noopener\"><\/p>\n<p>               <img decoding=\"async\" src=\"https:\/\/www.europesays.com\/fr\/wp-content\/uploads\/2025\/12\/a15508.jpg\" alt=\" No\u00ebl \u00e0 Martigues\" border=\"0\" class=\"ph_200\" loading=\"lazy\"\/><\/p>\n<p>     <\/a>   <\/p>\n<p> &#13;<br \/>\nSalon-de-Provence&#13;<\/p>\n<p style=\"margin-left: 30px;\"><strong>gratuit de 10h \u00e0 19h\u00a0<strong>sans limite de temps &#8211;\u00a0Les 6, 7,\u00a013, 14, 20, 21 et 24 d\u00e9cembre 2025<\/strong><\/strong><\/p>\n<p>&#13;<\/p>\n<p style=\"margin-left: 30px;\">L\u2019Emperi<br \/>Portail Coucou<\/p>\n<p>&#13;<\/p>\n<p style=\"margin-left: 30px;\">&#8211; Ouvertures exceptionnelles des commerces les dimanches de d\u00e9cembre.<br \/>&#8211; Des navettes gratuites seront mises \u00e0 disposition depuis le parking-relais de la gare SNCF vers le centre-ville, les 7, 14 et 21 d\u00e9cembre 2025.<\/p>\n<p>&#13;<\/p>\n<p>\t\t\t\t&#13;<br \/>\n\u00a0&#13;<br \/>\nTransports en commun : le ticket solo valable 24h&#13;<\/p>\n<p style=\"margin-left: 30px;\">On peut aussi se d\u00e9placer en utilisant les transports en commun (hors TER) avec une offre propos\u00e9e durant ces dates des\u00a013, 14, 20, 21 et 24 d\u00e9cembre 2025.<\/p>\n<p>&#13;<\/p>\n<p style=\"margin-left: 30px;\">Sur les r\u00e9seaux urbains, <strong>la validit\u00e9 de la carte leticket 1 voyage est \u00e9tendue \u00e0 24 heures ces jours-l\u00e0.<\/strong><\/p>\n<p>&#13;<\/p>\n<p style=\"margin-left: 30px;\">Pour les d\u00e9placements interurbains, <strong>l\u2019achat d\u2019un titre 1 voyage permettra de b\u00e9n\u00e9ficier d\u2019un aller-retour sur l\u2019un des r\u00e9seaux lecar ou lecar+.<\/strong><\/p>\n<p>&#13;<\/p>\n<p style=\"margin-left: 30px;\">Ainsi, avec leticket 1 voyage, la validit\u00e9 est prolong\u00e9e \u00e0 24h sur les r\u00e9seaux:\u00a0lebus lem\u00e9tro letram \/ RTM,\u00a0lebus\/ Ciotabus,\u00a0lebus\/ Les Bus de la Marcouline,\u00a0lebus\/ Aix en bus (Diablines comprises),\u00a0lebus\/ Salon \u00c9tang C\u00f4te bleue,\u00a0lebus\/ Ulysse.<\/p>\n<p>&#13;<\/p>\n<p style=\"margin-left: 30px;\">Avec leticket 1 voyage, la validit\u00e9 est prolong\u00e9e \u00e0 24h sur les r\u00e9seaux:\u00a0lecar\/ Cartreize,\u00a0lecar\/ la Marcouline,\u00a0lecar\/ Pays d\u2019Aix Mobilit\u00e9,\u00a0lecar\/ Salon \u00c9tang C\u00f4te bleue,\u00a0lecar\/Ulysse.<\/p>\n","protected":false},"excerpt":{"rendered":"Pour la huiti\u00e8me ann\u00e9e cons\u00e9cutive, la M\u00e9tropole Aix Marseille Provence a d\u00e9cid\u00e9 de rendre gratuit certains parkings du&hellip;\n","protected":false},"author":2,"featured_media":575982,"comment_status":"","ping_status":"","sticky":false,"template":"","format":"standard","meta":{"footnotes":""},"categories":[2814],"tags":[1111,11,1777,674,1011,27,884,12,882,25],"class_list":{"0":"post-575981","1":"post","2":"type-post","3":"status-publish","4":"format-standard","5":"has-post-thumbnail","7":"category-marseille","8":"tag-actu","9":"tag-actualites","10":"tag-eu","11":"tag-europe","12":"tag-fr","13":"tag-france","14":"tag-marseille","15":"tag-news","16":"tag-provence-alpes-cote-dazur","17":"tag-republique-francaise"},"share_on_mastodon":{"url":"https:\/\/pubeurope.com\/@fr\/115657256513750671","error":""},"_links":{"self":[{"href":"https:\/\/www.europesays.com\/fr\/wp-json\/wp\/v2\/posts\/575981","targetHints":{"allow":["GET"]}}],"collection":[{"href":"https:\/\/www.europesays.com\/fr\/wp-json\/wp\/v2\/posts"}],"about":[{"href":"https:\/\/www.europesays.com\/fr\/wp-json\/wp\/v2\/types\/post"}],"author":[{"embeddable":true,"href":"https:\/\/www.europesays.com\/fr\/wp-json\/wp\/v2\/users\/2"}],"replies":[{"embeddable":true,"href":"https:\/\/www.europesays.com\/fr\/wp-json\/wp\/v2\/comments?post=575981"}],"version-history":[{"count":0,"href":"https:\/\/www.europesays.com\/fr\/wp-json\/wp\/v2\/posts\/575981\/revisions"}],"wp:featuredmedia":[{"embeddable":true,"href":"https:\/\/www.europesays.com\/fr\/wp-json\/wp\/v2\/media\/575982"}],"wp:attachment":[{"href":"https:\/\/www.europesays.com\/fr\/wp-json\/wp\/v2\/media?parent=575981"}],"wp:term":[{"taxonomy":"category","embeddable":true,"href":"https:\/\/www.europesays.com\/fr\/wp-json\/wp\/v2\/categories?post=575981"},{"taxonomy":"post_tag","embeddable":true,"href":"https:\/\/www.europesays.com\/fr\/wp-json\/wp\/v2\/tags?post=575981"}],"curies":[{"name":"wp","href":"https:\/\/api.w.org\/{rel}","templated":true}]}}