{"id":575983,"date":"2025-12-03T19:20:12","date_gmt":"2025-12-03T19:20:12","guid":{"rendered":"https:\/\/www.europesays.com\/fr\/575983\/"},"modified":"2025-12-03T19:20:12","modified_gmt":"2025-12-03T19:20:12","slug":"le-groupe-inventer-la-metropole-de-demain-rejoint-aussi-grand-coeur-lyonnais-de-veronique-sarselli-et-jean-michel-aulas","status":"publish","type":"post","link":"https:\/\/www.europesays.com\/fr\/575983\/","title":{"rendered":"le groupe Inventer la M\u00e9tropole de Demain rejoint aussi Grand Coeur Lyonnais de V\u00e9ronique Sarselli et Jean-Michel Aulas"},"content":{"rendered":"<p itemprop=\"description\"><strong>L&rsquo;union continue de cro\u00eetre chez Grand Coeur Lyonnais.<\/strong><\/p>\n<p>La candidate aux \u00e9lections m\u00e9tropolitaines <a href=\"https:\/\/www.lyonmag.com\/profil-personnalite-lyonnaise\/210\/veronique-sarselli\" target=\"_blank\" rel=\"noopener\">V\u00e9ronique Sarselli<\/a>, alli\u00e9e \u00e0 <a href=\"https:\/\/www.lyonmag.com\/profil-personnalite-lyonnaise\/8\/jean-michel-aulas\" target=\"_blank\" rel=\"noopener\">Jean-Michel Aulas<\/a> depuis une semaine, peut d\u00e9sormais compter sur le soutien du groupe Inventer la M\u00e9tropole de Demain.<\/p>\n<p>Fond\u00e9 par <a href=\"https:\/\/www.lyonmag.com\/profil-personnalite-lyonnaise\/1\/gerard-collomb\" target=\"_blank\" rel=\"noopener\">G\u00e9rard Collomb<\/a> et pr\u00e9sid\u00e9 par Nicole Sibeud, le groupe tire \u00e0 vue sur les \u00e9cologistes et <a href=\"https:\/\/www.lyonmag.com\/profil-personnalite-lyonnaise\/518\/bruno-bernard\" target=\"_blank\" rel=\"noopener\">Bruno Bernard<\/a>, qui \u00ab\u00a0tentent aujourd&rsquo;hui de s&rsquo;approprier l&rsquo;h\u00e9ritage\u00a0\u00bb de l&rsquo;ancien s\u00e9nateur-maire de Lyon.<\/p>\n<p>\u00ab\u00a0Au fil de nos \u00e9changes, il est clairement apparu que notre vision et notre ambition pour les Grands Lyonnais rejoignent pleinement celles port\u00e9es par le mouvement Grand C\u0153ur Lyonnais. Dans un contexte o\u00f9 nos concitoyens aspirent \u00e0 un renouveau de la pratique politique, C\u0153ur Lyonnais proc\u00e8de d&rsquo;une volont\u00e9 d&rsquo;unir les \u00e9nergies, d&rsquo;int\u00e9grer des profils issus de la soci\u00e9t\u00e9 civile et d&rsquo;insuffler un nouvel \u00e9lan \u00e0 notre territoire. Cette d\u00e9marche correspond pleinement \u00e0 celle que nous portons depuis plusieurs ann\u00e9es\u00a0\u00bb, indiquent les \u00e9lus du groupe, s&rsquo;engageant aux c\u00f4t\u00e9s de la maire de Sainte-Foy-l\u00e8s-Lyon pour les m\u00e9tropolitaines et de Jean-Michel Aulas pour les municipales, \u00e0 l&rsquo;instar des R\u00e9publicains, des groupes macronistes ou de Synergies.<\/p>\n","protected":false},"excerpt":{"rendered":"L&rsquo;union continue de cro\u00eetre chez Grand Coeur Lyonnais. La candidate aux \u00e9lections m\u00e9tropolitaines V\u00e9ronique Sarselli, alli\u00e9e \u00e0 Jean-Michel&hellip;\n","protected":false},"author":2,"featured_media":575984,"comment_status":"","ping_status":"","sticky":false,"template":"","format":"standard","meta":{"footnotes":""},"categories":[1889],"tags":[1111,11,2813,2190,2430,1109,251,1112,2811,1777,674,118,1011,27,1922,1110,1114,2428,2810,12,241,316,25,2812,517,800],"class_list":{"0":"post-575983","1":"post","2":"type-post","3":"status-publish","4":"format-standard","5":"has-post-thumbnail","7":"category-lyon","8":"tag-actu","9":"tag-actualites","10":"tag-article","11":"tag-asvel","12":"tag-auvergne-rhone-alpes","13":"tag-breves","14":"tag-culture","15":"tag-depeches","16":"tag-economique","17":"tag-eu","18":"tag-europe","19":"tag-faits-divers","20":"tag-fr","21":"tag-france","22":"tag-info","23":"tag-informations","24":"tag-infos","25":"tag-lyon","26":"tag-lyonmag","27":"tag-news","28":"tag-ol","29":"tag-politique","30":"tag-republique-francaise","31":"tag-sociale","32":"tag-sport","33":"tag-transports"},"share_on_mastodon":{"url":"https:\/\/pubeurope.com\/@fr\/115657259381215924","error":""},"_links":{"self":[{"href":"https:\/\/www.europesays.com\/fr\/wp-json\/wp\/v2\/posts\/575983","targetHints":{"allow":["GET"]}}],"collection":[{"href":"https:\/\/www.europesays.com\/fr\/wp-json\/wp\/v2\/posts"}],"about":[{"href":"https:\/\/www.europesays.com\/fr\/wp-json\/wp\/v2\/types\/post"}],"author":[{"embeddable":true,"href":"https:\/\/www.europesays.com\/fr\/wp-json\/wp\/v2\/users\/2"}],"replies":[{"embeddable":true,"href":"https:\/\/www.europesays.com\/fr\/wp-json\/wp\/v2\/comments?post=575983"}],"version-history":[{"count":0,"href":"https:\/\/www.europesays.com\/fr\/wp-json\/wp\/v2\/posts\/575983\/revisions"}],"wp:featuredmedia":[{"embeddable":true,"href":"https:\/\/www.europesays.com\/fr\/wp-json\/wp\/v2\/media\/575984"}],"wp:attachment":[{"href":"https:\/\/www.europesays.com\/fr\/wp-json\/wp\/v2\/media?parent=575983"}],"wp:term":[{"taxonomy":"category","embeddable":true,"href":"https:\/\/www.europesays.com\/fr\/wp-json\/wp\/v2\/categories?post=575983"},{"taxonomy":"post_tag","embeddable":true,"href":"https:\/\/www.europesays.com\/fr\/wp-json\/wp\/v2\/tags?post=575983"}],"curies":[{"name":"wp","href":"https:\/\/api.w.org\/{rel}","templated":true}]}}