{"id":575989,"date":"2025-12-03T19:24:15","date_gmt":"2025-12-03T19:24:15","guid":{"rendered":"https:\/\/www.europesays.com\/fr\/575989\/"},"modified":"2025-12-03T19:24:15","modified_gmt":"2025-12-03T19:24:15","slug":"apres-shein-la-rue-de-rivoli-accueille-blacksheep-le-fabricant-de-lunettes-a-2-euros-venues-de-chine","status":"publish","type":"post","link":"https:\/\/www.europesays.com\/fr\/575989\/","title":{"rendered":"Apr\u00e8s Shein, la rue de Rivoli accueille Blacksheep, le fabricant de lunettes \u00e0 2 euros venues de Chine"},"content":{"rendered":"<p>                    Par<br \/>\n        <strong><br \/>\n            <a href=\"https:\/\/actu.fr\/auteur\/ines-cussac-actu-fr\" title=\"Consulter tous les articles de In\u00e8s Cussac\" target=\"_blank\" rel=\"noopener\">In\u00e8s Cussac<\/a><br \/>\n                    <\/strong><\/p>\n<p>        Publi\u00e9 le<\/p>\n<p>            3 d\u00e9c. 2025 \u00e0 19h22        <\/p>\n<p>Au tour de Blacksheep de choisir Paris pour son premier point de vente en Europe. Comme <a href=\"https:\/\/actu.fr\/societe\/magasins-shein-en-france-commercants-et-elus-vent-debout-contre-l-implantation-du-geant-de-la-fast-fashion_63248543.html\" target=\"_blank\" rel=\"noopener\">le g\u00e9ant de l\u2019e-commerce asiatique Shein<\/a>, le fabricant de lunettes venues tout droit de Chine, <strong>Blacksheep<\/strong>, a lev\u00e9 le rideau de son magasin en grande pompe ce mercredi 3\u00a0d\u00e9cembre 2025. Tapis rouge, affiche g\u00e9ante, DJ set et h\u00f4tesses d\u2019accueil\u2026 Tout a \u00e9t\u00e9 pens\u00e9 pour attirer les regards des badauds et les objectifs des m\u00e9dias. <a href=\"https:\/\/actu.fr\/ile-de-france\/paris_75056\/un-champ-de-ruines-au-bhv-a-paris-un-climat-morose-depuis-l-arrivee-controversee-de-shein_63442322.html\" target=\"_blank\" rel=\"noopener\">\u00c0 quelques encablures du BHV<\/a>, le sp\u00e9cialiste des lunettes \u00e0 tr\u00e8s bas prix s\u2019est aussi implant\u00e9 au beau milieu de la rue de Rivoli (1er) pour ouvrir son showroom o\u00f9 1\u2009500 paires tapissent les murs.<\/p>\n<p class=\" wall-content\">\u00ab\u2009On fait la queue pour passer commande avec l\u2019usine\u2009\u00bb, pr\u00e9vient Anna*, trois montures dans les mains. D\u00e9j\u00e0 d\u00e9tentrice d\u2019une dizaine de lunettes achet\u00e9es sur le site Internet de la marque, elle se r\u00e9jouit de compl\u00e9ter sa collection avec de nouveaux verres photochromiques. \u00ab\u2009Je change en fonction des saisons, des v\u00eatements, \u00e7a d\u00e9pend\u2009\u00bb, t\u00e9moigne-t-elle sous son \u00e9paisse \u00e9charpe de toutes les couleurs.<\/p>\n<p>De l\u2019usine au client directement<\/p>\n<p class=\" wall-content\">Si le fondateur de Blacksheep, Pierre Wizman, est Fran\u00e7ais, son enseigne ne l\u2019est pas et la production non plus. Ni imp\u00f4t, ni main-d\u2019oeuvre donc. Deux leviers qui permettent notamment de proposer <strong>des lunettes \u00e0 des prix d\u00e9fiants toute concurrence<\/strong>, parfois sous la barre des trois euros. \u00ab\u2009Le showroom met en relation les clients avec les usines directement\u2009\u00bb, indique-t-on aussi pour expliquer ces miniprix loin de ceux propos\u00e9s chez les opticiens traditionnels dont les marges sont parfois exorbitantes, comme l\u2019avait par exemple d\u00e9montr\u00e9 une \u00e9tude men\u00e9e par l\u2019<a href=\"https:\/\/www.quechoisir.org\/action-ufc-que-choisir-surcouts-de-l-optique-les-marges-exorbitantes-des-opticiens-n11637\/\" target=\"_blank\" rel=\"noopener\">UFC Que Choisir<\/a> d\u00e8s 2013. \u00ab\u2009\u00c7a fait 40\u00a0ans que je porte des lunettes alors je connais. \u00c0 chaque fois, la premi\u00e8re chose qu\u2019on demande c\u2019est\u2009: combien vous rembourse votre mutuelle\u2009?\u2009\u00bb s\u2019agace Rachid voulant pointer une malhonn\u00eatet\u00e9 des lunetiers. \u00ab\u2009Ils sont tous les m\u00eames, \u00e7a fait longtemps que c\u2019est connu et c\u2019est un probl\u00e8me qui devrait \u00eatre g\u00e9r\u00e9 par les pouvoirs publics\u2009\u00bb, ponctue-t-il derri\u00e8re ses lunettes de vue perc\u00e9es.<\/p>\n<p>    <img   decoding=\"async\" loading=\"lazy\" src=\"https:\/\/www.europesays.com\/fr\/wp-content\/uploads\/2025\/12\/20251203-150344-960x640.jpg\" alt=\"Tapis rouge, affiche g\u00e9ante, DJ set et h\u00f4tesses d\u2019accueil\u2026 Tout a \u00e9t\u00e9 pens\u00e9 pour attirer les regards des badauds et les objectifs des m\u00e9dias.\" width=\"960\" height=\"640\"\/><br \/>\n    Tapis rouge, affiche g\u00e9ante, DJ set et h\u00f4tesses d\u2019accueil\u2026 Tout a \u00e9t\u00e9 pens\u00e9 pour attirer les regards des badauds et les objectifs des m\u00e9dias. (\u00a9IC \/ actu Paris)<\/p>\n<p class=\" wall-content\">Sans le savoir, Rachid expose la raison d\u2019\u00eatre de l\u2019entreprise de Pierre Wizman, qui produit 7\u2009000 paires chaque jour et en propose 20\u2009000 sur son site. \u00ab\u2009C\u2019est cher chez les autres parce que vous avez \u00e9norm\u00e9ment d\u2019interm\u00e9diaires qui agissent entre l\u2019usine et le consommateur et <strong>ces interm\u00e9diaires sont gourmands<\/strong>, sont tr\u00e8s co\u00fbteux. Vous achetez en gros un bout de plastique \u00e0 prix d\u2019or\u2009\u00bb, avait-il justifi\u00e9 aupr\u00e8s de <a href=\"https:\/\/www.franceinfo.fr\/economie\/lunettes-que-valent-les-montures-a-7-euros_7651913.html\" target=\"_blank\" rel=\"noopener\">Franceinfo<\/a>.<\/p>\n<p>R\u00e9parer plut\u00f4t que racheter<\/p>\n<p class=\" wall-content\">Pour l\u2019heure, la boutique de la rue de Rivoli est un pop-up store et la question de la p\u00e9rennit\u00e9 n\u2019est pas \u00e0 l\u2019ordre du jour. \u00ab\u2009On verra comment \u00e7a se passe\u2009\u00bb, \u00e9lude-t-on du c\u00f4t\u00e9 de Blacksheep. Si Anna sourit devant la pl\u00e9thore de mod\u00e8les de lunettes, Rachid, lui, regrette \u00ab\u2009un manque de choix\u2009\u00bb et l\u2019agencement du magasin. \u00ab\u2009<strong>L\u2019\u00e9chantillonnage est mal fait.<\/strong> Ils ont mal fait le truc\u2009\u00bb, dit-il en pointant l\u2019immense \u00e9tag\u00e8re blanche pleine de binocles.<\/p>\n<p>Votre r\u00e9gion, votre actu !<\/p>\n<p>Recevez chaque jour les infos qui comptent pour vous.<\/p>\n<p>\t<a href=\"https:\/\/actu.fr\/newsletter\" class=\"ac-btn ac-btn--corner ac-btn--medium ac-btn--blue800\" target=\"_blank\" rel=\"noopener\">S&rsquo;incrire<\/a><\/p>\n<p class=\" wall-content\">\u00ab\u2009Je suis venu, voil\u00e0 j\u2019ai d\u00e9couvert un truc. Mais, si j\u2019\u00e9tais venu avec Madame \u00e7a ne lui aurait pas plu du tout\u2009\u00bb, confie Jacques \u00e0 la barbe blanche ras\u00e9e maladroitement et l\u2019ordonnance sous le bras. Lui aussi est interloqu\u00e9 en voyant l\u2019opticienne faire un num\u00e9ro d\u2019\u00e9quilibriste pour saisir une paire haut perch\u00e9e. \u00ab\u2009Il faut une \u00e9chelle pour aller chercher des lunettes, on se croirait au <a href=\"https:\/\/actu.fr\/ile-de-france\/paris_75056\/a-paris-le-carreau-du-temple-devient-un-refuge-pour-les-femmes-sans-abri_50020513.html\" target=\"_blank\" rel=\"noopener\">Carreau du Temple<\/a>\u2009\u00bb, raille cet habitant du Marais, <strong>\u00ab\u2009le quartier des lunetiers\u2009\u00bb<\/strong>. Avant de se rem\u00e9morer\u2009: \u00ab\u2009Il y avait la rue Pastourelle avec <a href=\"https:\/\/bibliotheques-specialisees.paris.fr\/ark:\/73873\/pf0002008625\/v0005.simple.selectedTab=record\" target=\"_blank\" rel=\"noopener\">la Soci\u00e9t\u00e9 des Lunetiers<\/a>, la rue Montmorency avec BBGR, la manufacture de Saint-Gobain\u2026 Il y avait un savoir-faire des lunetiers avec les longues-vues, etc. Aujourd\u2019hui, il s\u2019en monte dans tous les coins de rue des lunetiers.\u2009\u00bb Rachid approuve\u2009: \u00ab\u2009Il y a plus d\u2019opticiens que de boulangers, \u00e7a devrait interroger\u2009\u00bb, d\u00e9nonce-t-il devant sa compagne revenue avec deux paires de lunettes en main. \u00ab\u2009Je ne suis vraiment pas emball\u00e9e\u2009\u00bb, d\u00e9montre-t-elle en tordant les nouvelles montures et les comparant aux siennes plus fermes.<\/p>\n<p class=\" wall-content\">Si le couple a appris l\u2019existence de Blacksheep \u00ab\u2009par hasard\u2009\u00bb sur Internet, le Maraisien Jacques est arriv\u00e9 l\u00e0 apr\u00e8s un reportage diffus\u00e9 \u00e0 la t\u00e9l\u00e9vision. Tous les trois repartiront finalement sans passer commande. \u00ab\u2009Je vais aller chez Lissac. L\u2019autre jour j\u2019\u00e9tais chez Lissac, <strong>ils m\u2019ont r\u00e9par\u00e9 mes lunettes<\/strong> gratuitement\u2009\u00bb, pose Jacques, venu initialement pour changer ses lunettes vieilles de dix ans qu\u2019il compte remplacer par de nouvelles aussi robustes.<\/p>\n<p class=\" wall-content\">*Les pr\u00e9noms ont \u00e9t\u00e9 chang\u00e9s<\/p>\n<p class=\" wall-content\">Personnalisez votre actualit\u00e9 en ajoutant vos villes et m\u00e9dias en favori avec <a href=\"https:\/\/moncompte.actu.fr\" title=\"D\u00e9couvez Mon Actu\" rel=\"nofollow noopener\" data-trk=\"{&quot;cta&quot;:{&quot;action&quot;:&quot;https:\\\/\\\/moncompte.actu.fr&quot;,&quot;category&quot;:&quot;mon compte&quot;,&quot;from&quot;:&quot;article footer&quot;,&quot;name&quot;:&quot;Mon actu&quot;,&quot;type&quot;:&quot;cta&quot;}}\" target=\"_blank\">Mon Actu<\/a>.<\/p>\n","protected":false},"excerpt":{"rendered":"Par In\u00e8s Cussac Publi\u00e9 le 3 d\u00e9c. 2025 \u00e0 19h22 Au tour de Blacksheep de choisir Paris pour&hellip;\n","protected":false},"author":2,"featured_media":575990,"comment_status":"","ping_status":"","sticky":false,"template":"","format":"standard","meta":{"footnotes":""},"categories":[1888],"tags":[1111,1928,11,1927,215,1777,674,1011,27,12,1926,626,1925,25,6641,104],"class_list":{"0":"post-575989","1":"post","2":"type-post","3":"status-publish","4":"format-standard","5":"has-post-thumbnail","7":"category-paris","8":"tag-actu","9":"tag-actu-paris","10":"tag-actualites","11":"tag-actualites-paris","12":"tag-commerce","13":"tag-eu","14":"tag-europe","15":"tag-fr","16":"tag-france","17":"tag-news","18":"tag-news-paris","19":"tag-paris","20":"tag-paris-news","21":"tag-republique-francaise","22":"tag-rue-de-rivoli","23":"tag-societe"},"share_on_mastodon":{"url":"https:\/\/pubeurope.com\/@fr\/115657275813390304","error":""},"_links":{"self":[{"href":"https:\/\/www.europesays.com\/fr\/wp-json\/wp\/v2\/posts\/575989","targetHints":{"allow":["GET"]}}],"collection":[{"href":"https:\/\/www.europesays.com\/fr\/wp-json\/wp\/v2\/posts"}],"about":[{"href":"https:\/\/www.europesays.com\/fr\/wp-json\/wp\/v2\/types\/post"}],"author":[{"embeddable":true,"href":"https:\/\/www.europesays.com\/fr\/wp-json\/wp\/v2\/users\/2"}],"replies":[{"embeddable":true,"href":"https:\/\/www.europesays.com\/fr\/wp-json\/wp\/v2\/comments?post=575989"}],"version-history":[{"count":0,"href":"https:\/\/www.europesays.com\/fr\/wp-json\/wp\/v2\/posts\/575989\/revisions"}],"wp:featuredmedia":[{"embeddable":true,"href":"https:\/\/www.europesays.com\/fr\/wp-json\/wp\/v2\/media\/575990"}],"wp:attachment":[{"href":"https:\/\/www.europesays.com\/fr\/wp-json\/wp\/v2\/media?parent=575989"}],"wp:term":[{"taxonomy":"category","embeddable":true,"href":"https:\/\/www.europesays.com\/fr\/wp-json\/wp\/v2\/categories?post=575989"},{"taxonomy":"post_tag","embeddable":true,"href":"https:\/\/www.europesays.com\/fr\/wp-json\/wp\/v2\/tags?post=575989"}],"curies":[{"name":"wp","href":"https:\/\/api.w.org\/{rel}","templated":true}]}}