{"id":575999,"date":"2025-12-03T19:29:13","date_gmt":"2025-12-03T19:29:13","guid":{"rendered":"https:\/\/www.europesays.com\/fr\/575999\/"},"modified":"2025-12-03T19:29:13","modified_gmt":"2025-12-03T19:29:13","slug":"comment-utiliser-les-actifs-russes-immobilises-en-europe-au-benefice-de-lukraine-la-commission-a-un-plan","status":"publish","type":"post","link":"https:\/\/www.europesays.com\/fr\/575999\/","title":{"rendered":"Comment utiliser les actifs russes immobilis\u00e9s en Europe au b\u00e9n\u00e9fice de l&rsquo;Ukraine\u00a0? La Commission a un plan"},"content":{"rendered":"<p class=\"ap-StoryElement ap-StoryElement--mb ap-StoryText\">La Commission europ\u00e9enne le pense et a d\u00e9pos\u00e9 ce mercredi une proposition l\u00e9gislative allant dans ce sens, en d\u00e9pit des tr\u00e8s vives objections exprim\u00e9es depuis plusieurs semaines par le gouvernement belge. La Belgique redoute d&rsquo;\u00eatre victime de repr\u00e9sailles juridico-financi\u00e8res de la Russie, qui la mettraient sur la paille. \u00ab\u00a0Nous avons \u00e9cout\u00e9 avec beaucoup d&rsquo;attention les pr\u00e9occupations de la Belgique et nous les avons presque toutes prises en compte dans [notre] proposition sur le pr\u00eat pour r\u00e9parations\u00a0\u00bb, a assur\u00e9 \u00e0 la presse la pr\u00e9sidente de la Commission, Ursula von der Leyen.<\/p>\n<p class=\"ap-StoryElement ap-StoryElement--mb ap-StoryText\">Voyons voir.<\/p>\n<p><a href=\"https:\/\/www.lalibre.be\/belgique\/politique-belge\/2025\/12\/02\/bart-de-wever-dans-la-crise-politique-autour-du-budget-le-roi-ma-aide-5KDD7VZ5YBFRPBDS3GMGGTOOME\/\" target=\"_self\" class=\"ap-StoryInterstitialLink ap-StoryElement ap-StoryElement--mb\" rel=\"noopener\">Bart De Wever : \u00ab\u00a0Moscou nous a fait savoir qu&rsquo;en cas de saisie de ses avoirs, la Belgique et moi allions le sentir passer pour l&rsquo;\u00e9ternit\u00e9&#8230;\u00a0\u00bb<\/a>La Commission propose deux pistes\u2026<\/p>\n<p class=\"ap-StoryElement ap-StoryElement--mb ap-StoryText\">La Commission europ\u00e9enne avait, au d\u00e9but de l&rsquo;automne, soumis aux \u00c9tats membres trois pistes de financement de l<a href=\"https:\/\/www.lalibre.be\/international\/europe\/guerre-ukraine-russie\/2025\/12\/01\/volodymyr-zelensky-a-lelysee-emmanuel-macron-annonce-avoir-finalise-le-travail-sur-les-garanties-de-securite-de-kiev-GZPK4UERABBKXG274NZMORD3EM\/\" target=\"_self\" rel=\"noopener\">&lsquo;Ukraine<\/a>, qui aura besoin de fonds d\u00e8s le second trimestre 2026. Celle des pr\u00eats bilat\u00e9raux, consentis \u00e0 Kiev par les \u00c9tats membres, a \u00e9t\u00e9 \u00e9cart\u00e9e. L&rsquo;ex\u00e9cutif europ\u00e9en a conserv\u00e9 deux options qui permettraient \u00e0 l&rsquo;Union d&rsquo;accorder \u00e0 l&rsquo;Ukraine un ballon d&rsquo;oxyg\u00e8ne financi\u00e8re de 90 milliards d&rsquo;euros pour les deux prochaines ann\u00e9es. \u00c0 charge d&rsquo;autres partenaires internationaux alli\u00e9s de l&rsquo;Ukraine, comme le Royaume-Uni, le Canada ou le Japon, de fournir le reste de l&rsquo;aide.<\/p>\n<p class=\"ap-StoryElement ap-StoryElement--mb ap-StoryText\">La premi\u00e8re option prend la forme d&rsquo;un emprunt europ\u00e9en, garanti par les marges du budget de l&rsquo;Union. La seconde, qui crispe la Belgique, est celle du \u00ab\u00a0pr\u00eat pour r\u00e9parations\u00a0\u00bb qui consiste \u00e0 utiliser les actifs de la Banque centrale russe immobilis\u00e9s dans l&rsquo;UE aux b\u00e9n\u00e9fices de l&rsquo;Ukraine. La Commission ne propose pas de confisquer ces actifs russes, ce qui serait in\u00e9dit autant qu&rsquo;ill\u00e9gal, mais \u00ab\u00a0d&#8217;emprunter des soldes de tr\u00e9sorerie aupr\u00e8s d&rsquo;institutions financi\u00e8res de l&rsquo;UE\u00a0\u00bb qui en d\u00e9tiennent et de les d\u00e9placer dans un instrument financier, qui pr\u00eatera l&rsquo;argent \u00e0 Kiev.<\/p>\n<p class=\"ap-StoryElement ap-StoryElement--mb ap-StoryText\">R\u00e9pondant \u00e0 une exigence belge, la Commission entend mettre \u00e0 contribution toutes les institutions financi\u00e8res qui d\u00e9tiennent des actifs russes et pas seulement Euroclear. Quelque 25 autres milliards sont immobilis\u00e9s dans d&rsquo;autres soci\u00e9t\u00e9s d\u00e9positaires de titres ou dans des banques commerciales en France, en Allemagne, en Su\u00e8de et \u00e0 Chypre, pr\u00e9cise l&rsquo;ex\u00e9cutif europ\u00e9en.<\/p>\n<p class=\"ap-StoryElement ap-StoryElement--mb ap-StoryText\">L&rsquo;argent serait pr\u00eat\u00e9, par tranches annuelles de 45 milliards \u00e0 l&rsquo;Ukraine (qui continue aussi \u00e0 b\u00e9n\u00e9ficier d&rsquo;un pr\u00eat d&rsquo;un m\u00eame montant accord\u00e9 par le G7). Celle-ci devrait rembourser \u00e0 l&rsquo;Union les pr\u00eats consentis \u00e0 la fin du conflit, si la Russie paie pour les dommages de guerre commis dans le cadre d&rsquo;une paix n\u00e9goci\u00e9e \u2013 un sc\u00e9nario pour l&rsquo;heure doublement hypoth\u00e9tique.<\/p>\n<p><a href=\"https:\/\/www.lalibre.be\/international\/europe\/guerre-ukraine-russie\/2025\/12\/03\/avoirs-russes-geles-nous-avons-le-sentiment-de-ne-pas-avoir-ete-entendus-AHGXHMTQEFHCBBZBKHQHB7ZFA4\/\" target=\"_self\" class=\"ap-StoryInterstitialLink ap-StoryElement ap-StoryElement--mb\" rel=\"noopener\">Maxime Pr\u00e9vot hausse le ton au sujet du plan de la Commission europ\u00e9enne sur les avoirs russes: \u00ab\u00a0Ce n&rsquo;est pas acceptable\u00a0\u00bb<\/a>\u2026 qui se heurtent \u00e0 des obstacles<\/p>\n<p class=\"ap-StoryElement ap-StoryElement--mb ap-StoryText\">Les deux options de la Commission ne sont pas mutuellement exclusives, mais empruntent des processus l\u00e9gislatifs diff\u00e9rents \u2013 jusqu&rsquo;\u00e0 cinq textes devraient \u00eatre adopt\u00e9s par les \u00c9tats membres (et par le Parlement europ\u00e9en dans le cas de l&#8217;emprunt).<\/p>\n<p class=\"ap-StoryElement ap-StoryElement--mb ap-StoryText\">L&rsquo;id\u00e9e de l&#8217;emprunt europ\u00e9en se heurte \u00e0 un obstacle de taille : elle doit \u00eatre approuv\u00e9e \u00e0 l&rsquo;unanimit\u00e9 des vingt-sept \u00c9tats membres. Or, il est en au moins un, la Hongrie de<a href=\"https:\/\/www.lalibre.be\/economie\/conjoncture\/2025\/11\/28\/viktor-orban-defie-bruxelles-les-approvisionnements-russes-resteront-notre-base-energetique-A4HR6PXCZNH7HLEV6DD3WQMSLY\/\" target=\"_self\" rel=\"noopener\"> Viktor Orban<\/a>, rest\u00e9e proche de Moscou, qui menace de s&rsquo;y opposer. Elle pourrait \u00eatre suivie par la Slovaquie, voire la R\u00e9publique tch\u00e8que mais aussi d&rsquo;autres pays, pour d&rsquo;autres raisons. L&rsquo;id\u00e9e d&rsquo;un nouvel emprunt est impopulaire en Allemagne, aux Pays-Bas et dans les pays du nord.<\/p>\n<p class=\"ap-StoryElement ap-StoryElement--mb ap-StoryText\">La seconde option ne fait pas non plus l&rsquo;unanimit\u00e9. Si l&rsquo;on s&rsquo;en tient aux derni\u00e8res d\u00e9clarations du Premier ministre Bart De Wever ou du ministre des Affaires \u00e9trang\u00e8res, Maxime Pr\u00e9vot, la Belgique maintient son opposition au \u00ab\u00a0pr\u00eat de r\u00e9paration\u00a0\u00bb. Cette r\u00e9serve belge est contournable, sur le papier. La d\u00e9cision de lancer ce plan peut \u00eatre prise \u00e0 la majorit\u00e9 qualifi\u00e9e (55 % des \u00c9tats membres, repr\u00e9sentant 65 % de la population de l&rsquo;UE). La Belgique pourrait \u00eatre mise en minorit\u00e9 : l&rsquo;utilisation des actifs russes est fermement d\u00e9fendue par l&rsquo;Allemagne, les Pays-Bas, les pays nordiques et les pays baltes ; la France n&rsquo;est pas contre\u2026 Approuver le plan en d\u00e9pit du refus belge est \u00ab\u00a0juridiquement possible, politiquement impensable\u00a0\u00bb, estimait, la semaine derni\u00e8re, une source de la Commission. Mais c&rsquo;\u00e9tait la semaine derni\u00e8re. Le sommet europ\u00e9en de d\u00e9cembre dira si le sc\u00e9nario d&rsquo;un passage en force est envisag\u00e9.<\/p>\n<p><a href=\"https:\/\/www.lalibre.be\/economie\/conjoncture\/2025\/11\/16\/avoirs-russes-geles-la-belgique-senrichit-sur-le-dos-de-personnes-qui-nont-rien-a-voir-avec-le-conflit-TKITP7G5VVBMRKAWQTTE7ULWH4\/\" target=\"_self\" class=\"ap-StoryInterstitialLink ap-StoryElement ap-StoryElement--mb\" rel=\"noopener\">Avoirs russes gel\u00e9s : \u00ab\u00a0La Belgique s&rsquo;enrichit sur le dos de personnes qui n&rsquo;ont rien \u00e0 voir avec le conflit\u00a0\u00bb<\/a>La Belgique a-t-elle obtenu les garanties demand\u00e9es ?<\/p>\n<p class=\"ap-StoryElement ap-StoryElement--mb ap-StoryText\">\u00ab\u00a0Tout ce que nous proposons est l\u00e9galement robuste, et pleinement en accord avec le droit europ\u00e9en et le droit international\u00a0\u00bb, a d\u00e9fendu le commissaire \u00e0 l&rsquo;\u00c9conomie Valdis Dombrovskis.<\/p>\n<p class=\"ap-StoryElement ap-StoryElement--mb ap-StoryText\">La <a href=\"https:\/\/www.lalibre.be\/international\/2025\/11\/13\/geler-les-avoirs-russes-larme-la-plus-efficace-pour-soutenir-lukraine-selon-von-der-leyen-I6LEAJFJTBFBFOQZZI2I72LBIQ\/\" target=\"_self\" rel=\"noopener\">Commission<\/a> affirme avoir \u00e9tabli quantit\u00e9 de m\u00e9canismes de sauvegarde pour assurer la solidit\u00e9 et la p\u00e9rennit\u00e9 du plan, et pr\u00e9munir les \u00c9tats membres, au premier rang desquels la Belgique, et les institutions financi\u00e8res concern\u00e9es de la col\u00e8re russe et de d\u00e9sastreux effets boomerang. \u00ab\u00a0La Belgique a demand\u00e9 un m\u00e9canisme solide et un partage des charges, et nous avons r\u00e9pondu [\u2026] en veillant \u00e0 ce qu&rsquo;une garantie solide soit en place\u00a0\u00bb, soutient la pr\u00e9sidente von der Leyen.<\/p>\n<p class=\"ap-StoryElement ap-StoryElement--mb ap-StoryText\">La Commission propose que les emprunts europ\u00e9ens effectu\u00e9s aupr\u00e8s des soci\u00e9t\u00e9s d\u00e9tenant des actifs russes, soient couverts par des garanties irr\u00e9vocables, inconditionnelles et activables sur demandes apport\u00e9es par les \u00c9tats membres, en fonction de leur revenu int\u00e9rieur brut. Ces protections sont pr\u00e9vues pour le cas, que le commissaire Dombrovskis juge \u00ab\u00a0improbable\u00a0\u00bb , o\u00f9 l&rsquo;Union devrait repayer ses emprunts sans pouvoir compter sur les r\u00e9parations russes. Ou pour couvrir \u00ab\u00a0tout \u00c9tat membre contraint de payer une cr\u00e9ance de la Russie\u00a0\u00bb. Autrement dit : pas question que la Belgique rembourse, seule, une centaine de milliards d&rsquo;euros \u00e0 la Russie si elle devait y \u00eatre juridiquement contrainte.<\/p>\n<p><a href=\"https:\/\/www.lalibre.be\/international\/europe\/2025\/10\/24\/lidee-dutiliser-les-actifs-russes-immobilises-dans-lunion-europeenne-pour-aider-lukraine-se-heurte-aux-reticences-belges-A7YDZR2MKBB5BEW3M2J5UOIDJY\/\" target=\"_self\" class=\"ap-StoryInterstitialLink ap-StoryElement ap-StoryElement--mb\" rel=\"noopener\">L&rsquo;id\u00e9e d&rsquo;utiliser les actifs russes immobilis\u00e9s dans l&rsquo;Union europ\u00e9enne pour aider l&rsquo;Ukraine se heurte aux r\u00e9ticences belges<\/a><\/p>\n<p class=\"ap-StoryElement ap-StoryElement--mb ap-StoryText\">L&rsquo;ex\u00e9cutif europ\u00e9en veut aussi faire en sorte que les \u00c9tats membres et les institutions financi\u00e8res, dont Euroclear, disposent \u00e0 tout moment des liquidit\u00e9s n\u00e9cessaires si la Russie obtenait en justice le droit d&rsquo;\u00eatre rembours\u00e9e s\u00e9ance tenante. Les sauvegardes pr\u00e9vues par la Commission sont \u00e9galement cens\u00e9es couvrir les trait\u00e9s bilat\u00e9raux conclus par les \u00c9tats membres avec la Russie, d\u00e9fend l&rsquo;ex\u00e9cutif europ\u00e9en.<\/p>\n<p class=\"ap-StoryElement ap-StoryElement--mb ap-StoryText\">Enfin, pour s&rsquo;assurer que la<a href=\"https:\/\/www.lalibre.be\/international\/europe\/guerre-ukraine-russie\/2025\/12\/02\/si-leurope-veut-la-guerre-avec-la-russie-nous-sommes-prets-lance-poutine-JNFAXCHIVJHBZODVRCO7E6D6EM\/\" target=\"_self\" rel=\"noopener\"> Russie <\/a>ne puisse pas \u00e0 nouveau b\u00e9n\u00e9ficier de son argent \u00ab\u00a0par accident\u00a0\u00bb, c&rsquo;est-\u00e0-dire en cas de non-renouvellement des sanctions europ\u00e9ennes, qui immobilisent les actifs, la Commission a d\u00e9pos\u00e9 une proposition visant \u00e0 interdire le transfert d&rsquo;actifs russes, pour \u00ab\u00a0pr\u00e9server la situation \u00e9conomique de l&rsquo;Union\u00a0\u00bb.<\/p>\n<p class=\"ap-StoryElement ap-StoryElement--mb ap-StoryText\">La double proposition de la Commission convaincra-t-elle les Vingt-sept, et la Belgique en particulier ? \u00ab\u00a0Nous n&rsquo;en avons pas termin\u00e9 avec les consultations\u00a0\u00bb, d&rsquo;ici au sommet, a admis Ursula von der Leyen. \u00ab\u00a0Comme pour chaque proposition, il y aura des am\u00e9liorations. Mais c&rsquo;est tr\u00e8s important de rester en contact avec la Belgique\u00a0\u00bb, a insist\u00e9 l&rsquo;Allemande. Ne pas trouver de solution pour aider Kiev \u00ab\u00a0serait tr\u00e8s co\u00fbteux\u00a0\u00bb, a averti le commissaire Dombrovskis. \u00ab\u00a0Pas seulement pour l&rsquo;Ukraine, mais pour la s\u00e9curit\u00e9 et la libert\u00e9 de notre continent.\u00a0\u00bb<\/p>\n<p><a href=\"https:\/\/www.lalibre.be\/belgique\/politique-belge\/2025\/12\/03\/avoirs-russes-la-diplomatie-belge-herisse-le-poil-face-aux-plans-de-la-commission-CMYR25X4U5HUTH3DXNXOMADOKA\/\" target=\"_self\" class=\"ap-StoryInterstitialLink ap-StoryElement ap-StoryElement--mb\" rel=\"noopener\">Avoirs russes : les plans de la Commission h\u00e9rissent le poil de la diplomatie belge<\/a><\/p>\n","protected":false},"excerpt":{"rendered":"La Commission europ\u00e9enne le pense et a d\u00e9pos\u00e9 ce mercredi une proposition l\u00e9gislative allant dans ce sens, en&hellip;\n","protected":false},"author":2,"featured_media":576000,"comment_status":"","ping_status":"","sticky":false,"template":"","format":"standard","meta":{"footnotes":""},"categories":[1590],"tags":[11,33751,6051,2122,1777,674,50131,43890,12,220],"class_list":{"0":"post-575999","1":"post","2":"type-post","3":"status-publish","4":"format-standard","5":"has-post-thumbnail","7":"category-ukraine","8":"tag-actualites","9":"tag-bart-de-wever","10":"tag-bruxelles-villes","11":"tag-conflit-russie-ukraine","12":"tag-eu","13":"tag-europe","14":"tag-maxime-prevot","15":"tag-newb","16":"tag-news","17":"tag-ukraine"},"share_on_mastodon":{"url":"https:\/\/pubeurope.com\/@fr\/115657294835939480","error":""},"_links":{"self":[{"href":"https:\/\/www.europesays.com\/fr\/wp-json\/wp\/v2\/posts\/575999","targetHints":{"allow":["GET"]}}],"collection":[{"href":"https:\/\/www.europesays.com\/fr\/wp-json\/wp\/v2\/posts"}],"about":[{"href":"https:\/\/www.europesays.com\/fr\/wp-json\/wp\/v2\/types\/post"}],"author":[{"embeddable":true,"href":"https:\/\/www.europesays.com\/fr\/wp-json\/wp\/v2\/users\/2"}],"replies":[{"embeddable":true,"href":"https:\/\/www.europesays.com\/fr\/wp-json\/wp\/v2\/comments?post=575999"}],"version-history":[{"count":0,"href":"https:\/\/www.europesays.com\/fr\/wp-json\/wp\/v2\/posts\/575999\/revisions"}],"wp:featuredmedia":[{"embeddable":true,"href":"https:\/\/www.europesays.com\/fr\/wp-json\/wp\/v2\/media\/576000"}],"wp:attachment":[{"href":"https:\/\/www.europesays.com\/fr\/wp-json\/wp\/v2\/media?parent=575999"}],"wp:term":[{"taxonomy":"category","embeddable":true,"href":"https:\/\/www.europesays.com\/fr\/wp-json\/wp\/v2\/categories?post=575999"},{"taxonomy":"post_tag","embeddable":true,"href":"https:\/\/www.europesays.com\/fr\/wp-json\/wp\/v2\/tags?post=575999"}],"curies":[{"name":"wp","href":"https:\/\/api.w.org\/{rel}","templated":true}]}}