{"id":576008,"date":"2025-12-03T19:34:18","date_gmt":"2025-12-03T19:34:18","guid":{"rendered":"https:\/\/www.europesays.com\/fr\/576008\/"},"modified":"2025-12-03T19:34:18","modified_gmt":"2025-12-03T19:34:18","slug":"guerre-en-ukraine-moscou-montre-ses-muscles-leurope-son-scepticisme-et-les-negociations-patinent","status":"publish","type":"post","link":"https:\/\/www.europesays.com\/fr\/576008\/","title":{"rendered":"Guerre en Ukraine : Moscou montre ses muscles, l\u2019Europe son scepticisme et les n\u00e9gociations patinent"},"content":{"rendered":"<p class=\"mb-4 text-lg md:leading-8 break-words\"><strong>R\u00e9cap &#8211; \u00ab\u00a020 Minutes\u00a0\u00bb fait le point pour vous tous les soirs sur le conflit en Ukraine. Ce mercredi, force est de constater que la rencontre entre Poutine et les \u00e9missaires de Donald Trump n\u2019a pas donn\u00e9 grand-chose<\/strong><\/p>\n<p class=\"mb-4 text-lg md:leading-8 break-words\">Vous avez rat\u00e9 les derniers \u00e9v\u00e9nements sur la <a href=\"https:\/\/www.20minutes.fr\/monde\/ukraine\/?at_medium=RSS%20feed&amp;at_campaign=ynews&amp;utm_source=yahoo&amp;utm_medium=rss&amp;utm_campaign=news_feed&amp;utm_content=in_article_link\" rel=\"nofollow noopener\" target=\"_blank\" data-ylk=\"slk:guerre en Ukraine;elm:context_link;itc:0;sec:content-canvas\" class=\"link \">guerre en Ukraine<\/a>\u00a0? 20 Minutes fait le point pour vous tous les soirs. Voici l\u2019essentiel de ce mercredi 3\u00a0d\u00e9cembre, au 1.378e jour du conflit.<\/p>\n<p>Le fait du jour<\/p>\n<p class=\"mb-4 text-lg md:leading-8 break-words\">Les n\u00e9gociations de paix patinent. Les cinq heures de tractations pass\u00e9es mardi soir au Kremlin par Steve Witkoff et Jared Kushner, l\u2019\u00e9missaire et le gendre de <a href=\"https:\/\/www.20minutes.fr\/dossier\/donald_trump?at_medium=RSS%20feed&amp;at_campaign=ynews&amp;utm_source=yahoo&amp;utm_medium=rss&amp;utm_campaign=news_feed&amp;utm_content=in_article_link\" rel=\"nofollow noopener\" target=\"_blank\" data-ylk=\"slk:Donald Trump;elm:context_link;itc:0;sec:content-canvas\" class=\"link \">Donald Trump<\/a>, ont pour l\u2019heure accouch\u00e9 d\u2019une souris. \u00ab\u00a0Pas de compromis\u00a0\u00bb trouv\u00e9 donc, m\u00eame si Moscou et Kiev se sont dits pr\u00eats ce mercredi \u00e0 poursuivre les pourparlers.<\/p>\n<p class=\"mb-4 text-lg md:leading-8 break-words\">Iouri Ouchakov, le conseiller diplomatique du <a href=\"https:\/\/www.20minutes.fr\/dossier\/kremlin?at_medium=RSS%20feed&amp;at_campaign=ynews&amp;utm_source=yahoo&amp;utm_medium=rss&amp;utm_campaign=news_feed&amp;utm_content=in_article_link\" rel=\"nofollow noopener\" target=\"_blank\" data-ylk=\"slk:Kremlin;elm:context_link;itc:0;sec:content-canvas\" class=\"link \">Kremlin<\/a>, qui semble avoir dam\u00e9 le pion au ministre des Affaires \u00e9trang\u00e8res Sergue\u00ef Lavrov, \u00e9tonnamment discret, a donn\u00e9 cependant un indice du refus de Moscou d\u2019infl\u00e9chir ses revendications territoriales, en indiquant que \u00ab\u00a0les succ\u00e8s des derni\u00e8res semaines\u00a0\u00bb de l\u2019arm\u00e9e russe ont \u00ab\u00a0influenc\u00e9 le d\u00e9roulement\u00a0\u00bb des n\u00e9gociations avec Washington. Selon lui, ils ont \u00ab\u00a0contribu\u00e9 \u00e0 rendre plus ad\u00e9quates les \u00e9valuations des moyens de r\u00e8glement pacifique\u00a0\u00bb du conflit d\u00e9clench\u00e9 par l\u2019attaque de l\u2019Ukraine lanc\u00e9e en\u00a02022 par le Kremlin.<\/p>\n<p class=\"mb-4 text-lg md:leading-8 break-words\">Selon lui, ils ont \u00ab\u00a0contribu\u00e9 \u00e0 rendre plus ad\u00e9quates les \u00e9valuations des moyens de r\u00e8glement pacifique\u00a0\u00bb du conflit\u2026<\/p>\n<p>La d\u00e9claration du jour<\/p>\n<blockquote class=\"mb-4 border-l-2 pl-5 italic text-tertiary\">\n<p class=\"mb-4 text-lg md:leading-8 break-words\">Voil\u00e0 encore des inepties du Kremlin, venant d\u2019un pr\u00e9sident qui ne prend pas la paix au s\u00e9rieux.<\/p>\n<\/blockquote>\n<p class=\"mb-4 text-lg md:leading-8 break-words\">La r\u00e9action ce mercredi du Premier ministre britannique Keir Starmer apr\u00e8s que, mardi, juste avant sa rencontre avec les \u00e9missaires am\u00e9ricains, Vl(&#8230;)<\/p>\n<p class=\"mb-4 text-lg md:leading-8 break-words\"><a href=\"https:\/\/www.20minutes.fr\/monde\/ukraine\/4189499-20251203-guerre-ukraine-moscou-montre-muscles-europe-scepticisme-negociations-patinent?at_medium=RSS%20feed&amp;at_campaign=ynews&amp;utm_source=yahoo&amp;utm_medium=rss&amp;utm_campaign=news_feed&amp;utm_content=read_more_link&quot;\" rel=\"nofollow noopener\" target=\"_blank\" data-ylk=\"slk:Lire la suite sur 20minutes;elm:context_link;itc:0;sec:content-canvas\" class=\"link \">Lire la suite sur 20minutes<\/a><\/p>\n<p>\u00c0 lire aussi :<br \/><a href=\"https:\/\/www.20minutes.fr\/monde\/ukraine\/4189259-20251203-guerre-ukraine-sait-explosion-missile-strategique-russe-lors-essai?at_medium=RSS%20feed&amp;at_campaign=ynews&amp;utm_source=yahoo&amp;utm_medium=rss&amp;utm_campaign=news_feed&amp;utm_content=related_content_link\" rel=\"nofollow noopener\" target=\"_blank\" data-ylk=\"slk:Guerre en Ukraine\u00a0: Ce que l\u2019on sait sur l\u2019explosion d\u2019un missile strat\u00e9gique russe lors d\u2019un essai;elm:context_link;itc:0;sec:content-canvas\" class=\"link \">Guerre en Ukraine\u00a0: Ce que l\u2019on sait sur l\u2019explosion d\u2019un missile strat\u00e9gique russe lors d\u2019un essai<\/a><br \/><a href=\"https:\/\/www.20minutes.fr\/monde\/ukraine\/4189324-20251203-guerre-ukraine-face-emissaire-trump-poutine-reste-intransigeant-revendications?at_medium=RSS%20feed&amp;at_campaign=ynews&amp;utm_source=yahoo&amp;utm_medium=rss&amp;utm_campaign=news_feed&amp;utm_content=related_content_link\" rel=\"nofollow noopener\" target=\"_blank\" data-ylk=\"slk:Guerre en Ukraine\u00a0: Face \u00e0 l\u2019\u00e9missaire de Trump, Poutine reste intransigeant sur ses revendications;elm:context_link;itc:0;sec:content-canvas\" class=\"link \">Guerre en Ukraine\u00a0: Face \u00e0 l\u2019\u00e9missaire de Trump, Poutine reste intransigeant sur ses revendications<\/a><\/p>\n","protected":false},"excerpt":{"rendered":"R\u00e9cap &#8211; \u00ab\u00a020 Minutes\u00a0\u00bb fait le point pour vous tous les soirs sur le conflit en Ukraine. Ce&hellip;\n","protected":false},"author":2,"featured_media":576009,"comment_status":"","ping_status":"","sticky":false,"template":"","format":"standard","meta":{"footnotes":""},"categories":[1586],"tags":[642,11,75,1777,674,1011,27,28181,22276,12,25,6989,220],"class_list":{"0":"post-576008","1":"post","2":"type-post","3":"status-publish","4":"format-standard","5":"has-post-thumbnail","7":"category-europe","8":"tag-20-minutes","9":"tag-actualites","10":"tag-donald-trump","11":"tag-eu","12":"tag-europe","13":"tag-fr","14":"tag-france","15":"tag-iouri-ouchakov","16":"tag-jared-kushner","17":"tag-news","18":"tag-republique-francaise","19":"tag-steve-witkoff","20":"tag-ukraine"},"share_on_mastodon":{"url":"https:\/\/pubeurope.com\/@fr\/115657314483992340","error":""},"_links":{"self":[{"href":"https:\/\/www.europesays.com\/fr\/wp-json\/wp\/v2\/posts\/576008","targetHints":{"allow":["GET"]}}],"collection":[{"href":"https:\/\/www.europesays.com\/fr\/wp-json\/wp\/v2\/posts"}],"about":[{"href":"https:\/\/www.europesays.com\/fr\/wp-json\/wp\/v2\/types\/post"}],"author":[{"embeddable":true,"href":"https:\/\/www.europesays.com\/fr\/wp-json\/wp\/v2\/users\/2"}],"replies":[{"embeddable":true,"href":"https:\/\/www.europesays.com\/fr\/wp-json\/wp\/v2\/comments?post=576008"}],"version-history":[{"count":0,"href":"https:\/\/www.europesays.com\/fr\/wp-json\/wp\/v2\/posts\/576008\/revisions"}],"wp:featuredmedia":[{"embeddable":true,"href":"https:\/\/www.europesays.com\/fr\/wp-json\/wp\/v2\/media\/576009"}],"wp:attachment":[{"href":"https:\/\/www.europesays.com\/fr\/wp-json\/wp\/v2\/media?parent=576008"}],"wp:term":[{"taxonomy":"category","embeddable":true,"href":"https:\/\/www.europesays.com\/fr\/wp-json\/wp\/v2\/categories?post=576008"},{"taxonomy":"post_tag","embeddable":true,"href":"https:\/\/www.europesays.com\/fr\/wp-json\/wp\/v2\/tags?post=576008"}],"curies":[{"name":"wp","href":"https:\/\/api.w.org\/{rel}","templated":true}]}}