{"id":576016,"date":"2025-12-03T19:38:27","date_gmt":"2025-12-03T19:38:27","guid":{"rendered":"https:\/\/www.europesays.com\/fr\/576016\/"},"modified":"2025-12-03T19:38:27","modified_gmt":"2025-12-03T19:38:27","slug":"y-aura-t-il-une-suite-au-pur-navet-de-david-hallyday-et-josee-dayan","status":"publish","type":"post","link":"https:\/\/www.europesays.com\/fr\/576016\/","title":{"rendered":"y aura-t-il une suite au \u00ab\u00a0pur navet\u00a0\u00bb de David Hallyday et Jos\u00e9e Dayan\u00a0?"},"content":{"rendered":"<p class=\"app_entry_lead\">\n<p>                    <a title=\"\u00a0\u00a9\u00a0\u00a9 Sarah ALCALAY - France T\u00e9l\u00e9visions - Passion Films\" href=\"https:\/\/www.europesays.com\/fr\/wp-content\/uploads\/2025\/12\/83422569.jpg\" class=\"fancy\"><\/p>\n<p>                            <img loading=\"lazy\" decoding=\"async\" src=\"https:\/\/www.europesays.com\/fr\/wp-content\/uploads\/2025\/12\/83422569.jpg\" alt=\"Ardennes, sur France 2\u00a0: y aura-t-il une suite au &quot;pur navet&quot; de David Hallyday et Jos\u00e9e Dayan\u00a0?\" width=\"1500\" height=\"998\"\/><\/p>\n<p>                    <\/a><\/p>\n<p>                Le t\u00e9l\u00e9film \u00ab\u00a0Ardennes\u00a0\u00bb sur France 2\u00a0offre \u00e0 David Hallyday son premier r\u00f4le \u00e0 la t\u00e9l\u00e9vision. Si une suite est envisag\u00e9e, on a rarement lu des  critiques aussi mauvaises.<\/p>\n<p><a class=\"app_edito_btn jtrackEditButton\" href=\"https:\/\/www.linternaute.com\/television\/programme-tnt\/\" target=\"_blank\" rel=\"noopener\">Programme TNT<\/a><\/p>\n<p><strong>FRANCE 2<\/strong>\u00a0| Mercredi 3 d\u00e9cembre 2025, \u00e0 21h10<\/p>\n<p>C&rsquo;est un des \u00e9v\u00e9nements de l&rsquo;automne sur France\u00a02. David Hallyday tient le r\u00f4le principal dans Ardennes, un t\u00e9l\u00e9film policier in\u00e9dit de Jos\u00e9e Dayan, diffus\u00e9 ce mercredi 3\u00a0d\u00e9cembre sur la deuxi\u00e8me cha\u00eene. Et c&rsquo;est une premi\u00e8re\u00a0: si le projet marque les retrouvailles entre le chanteur et la r\u00e9alisatrice, trois ans apr\u00e8s leur premi\u00e8re collaboration dans un \u00e9pisode de Capitaine Marleau, David Hallyday n&rsquo;avait encore jamais \u00e9t\u00e9 le h\u00e9ros d&rsquo;une telle histoire.<\/p>\n<p>Dans Ardennes, David Hallyday incarne Olivier Rimbaud, un psychiatre \u00e9nigmatique et charmeur vivant isol\u00e9 dans un manoir des Ardennes (donc), sorte de cabinet de curiosit\u00e9s o\u00f9 ce personnage \u00e9trange passe le plus clair de son temps. Il partage son quotidien entre ses patients, le profilage de criminels pour aider la police sur des affaires hors normes et ses efforts pour cacher un pass\u00e9 trouble. Face \u00e0 lui, la com\u00e9dienne belge Lubna Azabal interpr\u00e8te la commissaire Anna Charrou. Le jeune Ben Attal, fils de Charlotte Gainsbourg et Yvan Attal, compl\u00e8te ce casting dans le r\u00f4le du lieutenant Jeff Perez.<\/p>\n<p>D\u00e9j\u00e0 une suite pr\u00e9vue pour Ardennes sur France 2<\/p>\n<p>Ardennes est pr\u00e9sent\u00e9 comme le pilote d&rsquo;une potentielle s\u00e9rie. Si les audiences suivent, d&rsquo;autres \u00e9pisodes pourraient voir le jour pour poursuivre les enqu\u00eates du Dr Rimbaud dans la for\u00eat ardennaise. Pour David Hallyday, ce premier grand r\u00f4le est l&rsquo;occasion de s&rsquo;imposer comme acteur, lui qui avait d\u00e9j\u00e0 donn\u00e9 la r\u00e9plique \u00e0 Corinne Masiero dans Capitaine Marleau. Et il en est visiblement content. \u00ab\u00a0Je pense que mon p\u00e8re aurait vraiment aim\u00e9 Ardennes\u00a0\u00bb, a-t-il m\u00eame confi\u00e9 \u00e0 T\u00e9l\u00e9-Loisirs, \u00e9voquant son d\u00e9funt p\u00e8re Johnny Hallyday et la passion du cin\u00e9ma qu&rsquo;ils partageaient.<\/p>\n<p><img decoding=\"async\" alt=\"\" src=\"https:\/\/www.europesays.com\/fr\/wp-content\/uploads\/2025\/12\/83422570.jpg\"\/><\/p>\n<p>Mais il est assez facile de faire parler les morts. Plus difficile de faire taire les mauvaises critiques.\u00a0Le fils du Taulier ne convainc pas en psychiatre myst\u00e9rieux dans ce pilote de s\u00e9rie, \u00e9reint\u00e9 par la critique. Ce retour sous les feux de la rampe est loin de faire l&rsquo;unanimit\u00e9 dans la presse en tout cas. T\u00e9l\u00e9rama n&rsquo;y est pas all\u00e9 de main morte, comme d&rsquo;habitude, comparant Ardennes \u00e0 \u00ab\u00a0un pur navet, hilarant d&rsquo;amateurisme d\u00e8s la premi\u00e8re sc\u00e8ne\u00a0\u00bb. Pour Le Parisien d&rsquo;ordinaire plus indulgent quant \u00e0 lui, \u00ab\u00a0ce pilote accumule les clich\u00e9s et les raccourcis sc\u00e9naristiques\u00a0\u00bb et \u00ab\u00a0malgr\u00e9 quelques ambitions, le r\u00e9sultat s&rsquo;av\u00e8re assez consternant\u00a0\u00bb.<\/p>\n<p>Les critiques d&rsquo;Ardennes particuli\u00e8rement mauvaises<\/p>\n<p>\u00a0\u00ab\u00a0Quelle d\u00e9prime\u00a0!\u00a0\u00bb, titre m\u00eame le quotidien, qui souligne que \u00ab\u00a0la fiction brille par ses invraisemblances et un casting peu convaincant\u00a0\u00bb, avec un David Hallyday qui souffre d&rsquo;un \u00ab\u00a0manque de cr\u00e9dibilit\u00e9 assez aga\u00e7ant\u00a0\u00bb.\u00a0\u00ab\u00a0Quand David Hallyday enfile son costume d&rsquo;expert en ville, on frise le ridicule et ce n&rsquo;est m\u00eame pas dr\u00f4le\u00a0\u00bb, ajoute le journal.<\/p>\n<p>La prestation de David Hallyday est en effet particuli\u00e8rement \u00e9pingl\u00e9e. \u00ab\u00a0Personnage imbu de lui-m\u00eame et com\u00e9dien pas sp\u00e9cialement \u00e0 l&rsquo;aise devant la cam\u00e9ra, le psy se comporte comme un flic qui aurait pass\u00e9 20\u00a0ans \u00e0 la PJ\u00a0\u00bb, enfonce encore Le Parisien. \u00ab\u00a0Apr\u00e8s St\u00e9phane Bern et Laurent Gerra, David Hallyday rejoint le club des acteurs amateurs, brillant surtout par son incomp\u00e9tence dans des t\u00e9l\u00e9films lisses o\u00f9 la r\u00e9alisatrice Jos\u00e9e Dayan s&rsquo;\u00e9gare\u00a0\u00bb, \u00e9crit aussi T\u00e9l\u00e9 C\u00e2ble Sat.<\/p>\n<p>Si David Hallyday semble bel et bien perdu dans les m\u00e9andres sc\u00e9naristiques de ce projet, Jos\u00e9e Dayan, qu&rsquo;on a connue plus inspir\u00e9e, n&rsquo;est donc pas m\u00e9nag\u00e9e elle non plus. Ces\u00a0commentaires au vitriol rejoignent ceux de L&rsquo;Humanit\u00e9 \u00e9voquant \u00ab\u00a0une fiction un peu longuette\u00a0\u00bb et d&rsquo;autres titres sp\u00e9cialis\u00e9s qui, en r\u00e9sum\u00e9, estiment que malgr\u00e9 des paysages ardennais magnifiques et quelques id\u00e9es intrigantes, le t\u00e9l\u00e9film ne parvient pas \u00e0 convaincre.<\/p>\n<p>Ces piques acerbes et des sarcasmes\u00a0contrastent avec quelques compliments qu&rsquo;il faut citer tout de m\u00eame, de T\u00e9l\u00e9star ou de T\u00e9l\u00e9 7\u00a0Jours, saluant \u00ab\u00a0une r\u00e9ussite tant au niveau de l&rsquo;intrigue que du choix des d\u00e9cors et des com\u00e9diens\u00a0\u00bb. Pour qu&rsquo;il y ait effectivement une suite, il faudra un peu plus que cela, et sans doute quelques millions de t\u00e9l\u00e9spectateurs convaincus. On vous laisse juger par vous m\u00eame si vous en avez le courage.<\/p>\n","protected":false},"excerpt":{"rendered":"Le t\u00e9l\u00e9film \u00ab\u00a0Ardennes\u00a0\u00bb sur France 2\u00a0offre \u00e0 David Hallyday son premier r\u00f4le \u00e0 la t\u00e9l\u00e9vision. Si une suite&hellip;\n","protected":false},"author":2,"featured_media":576017,"comment_status":"","ping_status":"","sticky":false,"template":"","format":"standard","meta":{"footnotes":""},"categories":[4],"tags":[11,69029,51761,51763,1011,27,12,51767,5240,25],"class_list":{"0":"post-576016","1":"post","2":"type-post","3":"status-publish","4":"format-standard","5":"has-post-thumbnail","7":"category-france","8":"tag-actualites","9":"tag-cms-linternaute-9373085","10":"tag-controller-content","11":"tag-format-papier","12":"tag-fr","13":"tag-france","14":"tag-news","15":"tag-parallaxeinfeed","16":"tag-programme","17":"tag-republique-francaise"},"share_on_mastodon":{"url":"https:\/\/pubeurope.com\/@fr\/115657332199634783","error":""},"_links":{"self":[{"href":"https:\/\/www.europesays.com\/fr\/wp-json\/wp\/v2\/posts\/576016","targetHints":{"allow":["GET"]}}],"collection":[{"href":"https:\/\/www.europesays.com\/fr\/wp-json\/wp\/v2\/posts"}],"about":[{"href":"https:\/\/www.europesays.com\/fr\/wp-json\/wp\/v2\/types\/post"}],"author":[{"embeddable":true,"href":"https:\/\/www.europesays.com\/fr\/wp-json\/wp\/v2\/users\/2"}],"replies":[{"embeddable":true,"href":"https:\/\/www.europesays.com\/fr\/wp-json\/wp\/v2\/comments?post=576016"}],"version-history":[{"count":0,"href":"https:\/\/www.europesays.com\/fr\/wp-json\/wp\/v2\/posts\/576016\/revisions"}],"wp:featuredmedia":[{"embeddable":true,"href":"https:\/\/www.europesays.com\/fr\/wp-json\/wp\/v2\/media\/576017"}],"wp:attachment":[{"href":"https:\/\/www.europesays.com\/fr\/wp-json\/wp\/v2\/media?parent=576016"}],"wp:term":[{"taxonomy":"category","embeddable":true,"href":"https:\/\/www.europesays.com\/fr\/wp-json\/wp\/v2\/categories?post=576016"},{"taxonomy":"post_tag","embeddable":true,"href":"https:\/\/www.europesays.com\/fr\/wp-json\/wp\/v2\/tags?post=576016"}],"curies":[{"name":"wp","href":"https:\/\/api.w.org\/{rel}","templated":true}]}}