{"id":576025,"date":"2025-12-03T19:47:19","date_gmt":"2025-12-03T19:47:19","guid":{"rendered":"https:\/\/www.europesays.com\/fr\/576025\/"},"modified":"2025-12-03T19:47:19","modified_gmt":"2025-12-03T19:47:19","slug":"mercato-lex-girondins-hugo-lamouliatte-proche-de-sengager-avec-le-sm-caen","status":"publish","type":"post","link":"https:\/\/www.europesays.com\/fr\/576025\/","title":{"rendered":"Mercato : l\u2019ex-Girondins Hugo Lamouliatte proche de s\u2019engager avec le SM Caen"},"content":{"rendered":"<p><img decoding=\"async\" src=\"https:\/\/www.europesays.com\/fr\/wp-content\/uploads\/2025\/08\/671_54ca3d4c11a4386b3668f615df06b2f5.jpg\" alt=\"Mercato : l\u2019ex-Girondins Hugo Lamouliatte proche de s\u2019engager avec le SM Caen\" class=\"img-responsive mt-3\"\/><\/p>\n<p class=\"text-center mb-3\" style=\"font-size: 14px\">\u00a9 Iconsport<\/p>\n<p>      <strong>Un ancien joueur form\u00e9 aux Girondins en route vers le SM Caen<\/strong><\/p>\n<p style=\"text-align: justify;\">Apr\u00e8s avoir quitt\u00e9 les Girondins de Bordeaux pour la Fiorentina en Italie, Hugo Lamouliatte devait rejoindre le SM Caen. Il \u00e9volue au poste de lat\u00e9ral droit.<\/p>\n<p style=\"text-align: justify;\">\u00c0 l&rsquo;essai avec les pros depuis plusieurs jours, son profil s\u00e9duit les encadrants du club normand. Il devrait jouer avec l\u2019\u00e9quipe r\u00e9serve qui \u00e9volue en National 3.<\/p>\n<p style=\"text-align: justify;\">Auparavant Lamouliatte jouait pour les U20 de la Fiorentina. Il est libre depuis le 1e ao\u00fbt.<\/p>\n<p style=\"text-align: justify;\">C&rsquo;est un joueur qui a \u00e9t\u00e9 form\u00e9 aux Girondins de Bordeaux, natif de Bruges, commune de la m\u00e9tropole bordelaise. Lamouliatte poursuit ainsi son parcours apr\u00e8s plusieurs ann\u00e9es dans la formation bordelaise.<\/p>\n<p style=\"text-align: justify;\">\u00c0 lire &gt;&gt; <strong><a href=\"https:\/\/www.webgirondins.com\/actualite-girondins-girondins-la-dncg-reporte-sa-decision-un-document-manque-au-dossier-bordelais-131355\" target=\"_blank\" rel=\"noopener\">La DNCG reporte sa d\u00e9cision, un document manque au dossier bordelais<\/a><\/strong><\/p>\n<p style=\"text-align: justify;\">\u00c9coutez dans le podcast court sur l&rsquo;actu des Girondins :<\/p>\n<p>\u00a0<\/p>\n","protected":false},"excerpt":{"rendered":"\u00a9 Iconsport Un ancien joueur form\u00e9 aux Girondins en route vers le SM Caen Apr\u00e8s avoir quitt\u00e9 les&hellip;\n","protected":false},"author":2,"featured_media":289590,"comment_status":"","ping_status":"","sticky":false,"template":"","format":"standard","meta":{"footnotes":""},"categories":[1410],"tags":[39723,3396,1997,5492,2859,18066,1983,63,4988,1011,27,1987,36430,69030,1434,41958,41081,3975,60],"class_list":{"0":"post-576025","1":"post","2":"type-post","3":"status-publish","4":"format-standard","5":"has-post-thumbnail","7":"category-football","8":"tag-actuellement","9":"tag-avec","10":"tag-bordeaux","11":"tag-caen","12":"tag-devrait","13":"tag-engager","14":"tag-essai","15":"tag-football","16":"tag-forme","17":"tag-fr","18":"tag-france","19":"tag-girondins","20":"tag-hugo","21":"tag-lamouliatte","22":"tag-mercato","23":"tag-prochainement","24":"tag-proche","25":"tag-signer","26":"tag-sports"},"share_on_mastodon":{"url":"https:\/\/pubeurope.com\/@fr\/115657366924707446","error":""},"_links":{"self":[{"href":"https:\/\/www.europesays.com\/fr\/wp-json\/wp\/v2\/posts\/576025","targetHints":{"allow":["GET"]}}],"collection":[{"href":"https:\/\/www.europesays.com\/fr\/wp-json\/wp\/v2\/posts"}],"about":[{"href":"https:\/\/www.europesays.com\/fr\/wp-json\/wp\/v2\/types\/post"}],"author":[{"embeddable":true,"href":"https:\/\/www.europesays.com\/fr\/wp-json\/wp\/v2\/users\/2"}],"replies":[{"embeddable":true,"href":"https:\/\/www.europesays.com\/fr\/wp-json\/wp\/v2\/comments?post=576025"}],"version-history":[{"count":0,"href":"https:\/\/www.europesays.com\/fr\/wp-json\/wp\/v2\/posts\/576025\/revisions"}],"wp:featuredmedia":[{"embeddable":true,"href":"https:\/\/www.europesays.com\/fr\/wp-json\/wp\/v2\/media\/289590"}],"wp:attachment":[{"href":"https:\/\/www.europesays.com\/fr\/wp-json\/wp\/v2\/media?parent=576025"}],"wp:term":[{"taxonomy":"category","embeddable":true,"href":"https:\/\/www.europesays.com\/fr\/wp-json\/wp\/v2\/categories?post=576025"},{"taxonomy":"post_tag","embeddable":true,"href":"https:\/\/www.europesays.com\/fr\/wp-json\/wp\/v2\/tags?post=576025"}],"curies":[{"name":"wp","href":"https:\/\/api.w.org\/{rel}","templated":true}]}}