{"id":576026,"date":"2025-12-03T19:48:16","date_gmt":"2025-12-03T19:48:16","guid":{"rendered":"https:\/\/www.europesays.com\/fr\/576026\/"},"modified":"2025-12-03T19:48:16","modified_gmt":"2025-12-03T19:48:16","slug":"aya-nakamura-a-pose-un-enorme-lapin-a-une-star-mondiale-mais-pour-une-raison-qui-fait-fondre-tout-le-monde","status":"publish","type":"post","link":"https:\/\/www.europesays.com\/fr\/576026\/","title":{"rendered":"Aya Nakamura a pos\u00e9 un \u00e9norme lapin \u00e0 une star mondiale\u2026 mais pour une raison qui fait fondre tout le monde !"},"content":{"rendered":"<p><a href=\"https:\/\/www.closermag.fr\/people\/aya-nakamura-en-couple-poussee-dans-ses-retranchements-par-laurent-delahousse-elle-lache-quelques-infos-3600143\" target=\"_blank\" rel=\"noopener\"><br \/>\nAya Nakamura n\u2019en finit plus de surprendre<\/a>, aussi bien sur<br \/>\n<strong>sc\u00e8ne<\/strong> qu\u2019en <strong>dehors<\/strong> des<br \/>\nprojecteurs. Invit\u00e9e ce 3 d\u00e9cembre dans Plan\u00e8te Rap, la<br \/>\nstar a confirm\u00e9 une <strong>rumeur<\/strong> qui circulait depuis<br \/>\nquelques jours. Elle n\u2019a <strong>pas pu assister aux r\u00e9p\u00e9titions du<br \/>\nconcert d\u2019Alicia Keys<\/strong> \u00e0 Bercy\u2026 pour une raison absolument<br \/>\n<strong>irr\u00e9sistible<\/strong>. Un choix qui en dit long sur ses<br \/>\n<strong>priorit\u00e9s<\/strong> et qui a <strong>attendri<\/strong><br \/>\nautant ses fans que ceux d\u2019Alicia Keys.<\/p>\n<p>Car si l\u2019id\u00e9e de poser un <strong>lapin \u00e0 une ic\u00f4ne<br \/>\nmondiale<\/strong> peut sembler impensable, Aya Nakamura<br \/>\n<strong>assume<\/strong> totalement. Son absence n\u2019avait rien d\u2019un<br \/>\n<strong>caprice<\/strong>. Elle devait absolument <strong>assister<br \/>\nau spectacle de fin d\u2019ann\u00e9e de sa fille<\/strong>. Et pour la<br \/>\nchanteuse, il n\u2019existe rien de plus <strong>sacr\u00e9<\/strong>.<br \/>\nR\u00e9sultat : un petit <strong>contretemps vite pardonn\u00e9<\/strong><br \/>\nd\u2019autant qu\u2019elle a ensuite rejoint <strong>Alicia Keys sur<br \/>\nsc\u00e8ne<\/strong> pour un moment m\u00e9morable.<\/p>\n<p>Aya Nakamura se confie sur son r\u00f4le de maman : \u2018\u2018Chez nous,<br \/>\n\u00e7a ne se fait pas\u2026\u2019\u2019<\/p>\n<p>En pleine promotion de son album Destin\u00e9e, d\u00e9j\u00e0 disque<br \/>\nd\u2019or, Aya Nakamura se <strong>d\u00e9voile<\/strong> plus que jamais.<br \/>\nEntre interviews et apparitions m\u00e9diatiques, elle s\u2019exprime avec<br \/>\nune <strong>sinc\u00e9rit\u00e9<\/strong> rare sur sa vie de femme et de<br \/>\n<strong>m\u00e8re<\/strong>. Mais aussi sur ses <strong>regrets<\/strong><br \/>\net les <strong>jugements<\/strong> auxquels elle a longtemps d\u00fb<br \/>\nfaire face. Notamment concernant les <a href=\"https:\/\/www.closermag.fr\/people\/je-culpabilisais-aya-nakamura-mere-de-deux-enfants-avec-deux-peres-differents-une-situation-pas-toujours-facile-3599886\" target=\"_blank\" rel=\"noopener\"><br \/>\ndeux filles de p\u00e8res diff\u00e9rents d\u2019Aya Nakamura<\/a>, n\u00e9es en 2016 et<br \/>\n2022.<\/p>\n<p>Sur le plateau de Quotidien, la chanteuse a r\u00e9v\u00e9l\u00e9<br \/>\navoir longtemps <strong>culpabilis\u00e9<\/strong>. \u2018\u2018Avant, j\u2019avais<br \/>\nun peu des a priori\u2026 <strong>Chez nous, \u00e7a ne se fait pas, c\u2019est<br \/>\ntr\u00e8s grave !<\/strong>\u2019\u2019 confie-t-elle. Un poids culturel qui<br \/>\nl\u2019a <strong>marqu\u00e9e<\/strong> mais dont elle dit aujourd\u2019hui s\u2019\u00eatre<br \/>\n<strong>lib\u00e9r\u00e9e<\/strong>. \u2018\u2018Je n\u2019ai <strong>plus le m\u00eame<br \/>\nregard<\/strong>, je suis plus <strong>apais\u00e9e<\/strong>.\u2019\u2019<\/p>\n<p>Family first : la raison adorable<br \/>\nderri\u00e8re son absence aux r\u00e9p\u00e9titions d\u2019Alicia Keys<\/p>\n<p>Interrog\u00e9e par Fred de Skyrock, <a href=\"https:\/\/www.closermag.fr\/people\/ca-vous-gave-aya-nakamura-agacee-dentendre-parler-des-jeux-olympiques-et-elle-le-fait-savoir-3599908\" target=\"_blank\" rel=\"noopener\"><br \/>\nAya Nakamura, agac\u00e9e qu\u2019on lui parle des JO<\/a>, a abord\u00e9 un autre<br \/>\nsujet <strong>pol\u00e9mique<\/strong>. Elle a tout de suite mis les<br \/>\nchoses au clair sur son <strong>absence<\/strong> aux r\u00e9p\u00e9titions<br \/>\nd\u2019Alicia Keys. \u2018\u2018Oui, je n\u2019\u00e9tais pas aux r\u00e9p\u00e9titions\u2026 mais<br \/>\n<strong>j\u2019avais pr\u00e9venu !<\/strong>\u2019\u2019 a-t-elle expliqu\u00e9, tout<br \/>\nen rappelant qu\u2019elle n\u2019avait <strong>jamais manqu\u00e9 un spectacle<br \/>\nscolaire<\/strong> de ses enfants. Une r\u00e8gle d\u2019or pour la chanteuse<br \/>\nqui revendique haut et fort son mantra. \u2018\u2018<strong>Family first,<br \/>\nattention !<\/strong>\u2019\u2019<\/p>\n<p>Et malgr\u00e9 ce petit rendez-vous manqu\u00e9, rien n\u2019a emp\u00each\u00e9 les deux<br \/>\nartistes d\u2019offrir un <strong>moment magique au public de<br \/>\nBercy<\/strong>. Aya Nakamura et Alicia Keys ont interpr\u00e9t\u00e9<br \/>\n<strong>ensemble<\/strong> Djadja, sous les yeux d\u2019un<br \/>\npublic <strong>conquis<\/strong>. Quant aux autres parents \u00e0 l\u2019\u00e9cole<br \/>\nde sa fille ? Ils ont d\u00e9sormais <strong>l\u2019habitude de croiser Aya<br \/>\nNakamura<\/strong> \u2018\u2018en tant que <strong>maman comme les<br \/>\nautres<\/strong>\u2019\u2019 plaisante-t-elle.<\/p>\n","protected":false},"excerpt":{"rendered":"Aya Nakamura n\u2019en finit plus de surprendre, aussi bien sur sc\u00e8ne qu\u2019en dehors des projecteurs. Invit\u00e9e ce 3&hellip;\n","protected":false},"author":2,"featured_media":576027,"comment_status":"","ping_status":"","sticky":false,"template":"","format":"standard","meta":{"footnotes":""},"categories":[1359],"tags":[69031,11774,58,59,1011,27,973],"class_list":{"0":"post-576026","1":"post","2":"type-post","3":"status-publish","4":"format-standard","5":"has-post-thumbnail","7":"category-people","8":"tag-alicia-keys","9":"tag-aya-nakamura","10":"tag-divertissement","11":"tag-entertainment","12":"tag-fr","13":"tag-france","14":"tag-people"},"share_on_mastodon":{"url":"https:\/\/pubeurope.com\/@fr\/115657369505596232","error":""},"_links":{"self":[{"href":"https:\/\/www.europesays.com\/fr\/wp-json\/wp\/v2\/posts\/576026","targetHints":{"allow":["GET"]}}],"collection":[{"href":"https:\/\/www.europesays.com\/fr\/wp-json\/wp\/v2\/posts"}],"about":[{"href":"https:\/\/www.europesays.com\/fr\/wp-json\/wp\/v2\/types\/post"}],"author":[{"embeddable":true,"href":"https:\/\/www.europesays.com\/fr\/wp-json\/wp\/v2\/users\/2"}],"replies":[{"embeddable":true,"href":"https:\/\/www.europesays.com\/fr\/wp-json\/wp\/v2\/comments?post=576026"}],"version-history":[{"count":0,"href":"https:\/\/www.europesays.com\/fr\/wp-json\/wp\/v2\/posts\/576026\/revisions"}],"wp:featuredmedia":[{"embeddable":true,"href":"https:\/\/www.europesays.com\/fr\/wp-json\/wp\/v2\/media\/576027"}],"wp:attachment":[{"href":"https:\/\/www.europesays.com\/fr\/wp-json\/wp\/v2\/media?parent=576026"}],"wp:term":[{"taxonomy":"category","embeddable":true,"href":"https:\/\/www.europesays.com\/fr\/wp-json\/wp\/v2\/categories?post=576026"},{"taxonomy":"post_tag","embeddable":true,"href":"https:\/\/www.europesays.com\/fr\/wp-json\/wp\/v2\/tags?post=576026"}],"curies":[{"name":"wp","href":"https:\/\/api.w.org\/{rel}","templated":true}]}}