{"id":576031,"date":"2025-12-03T19:52:14","date_gmt":"2025-12-03T19:52:14","guid":{"rendered":"https:\/\/www.europesays.com\/fr\/576031\/"},"modified":"2025-12-03T19:52:14","modified_gmt":"2025-12-03T19:52:14","slug":"voici-la-somme-folle-que-mariah-carey-a-gagnee-avec-sa-chanson-all-i-want-for-christmas-is-you-depuis-sa-sortie","status":"publish","type":"post","link":"https:\/\/www.europesays.com\/fr\/576031\/","title":{"rendered":"Voici la somme folle que Mariah Carey a gagn\u00e9e avec sa chanson \u00ab\u00a0All I want for Christmas is you\u00a0\u00bb depuis sa sortie"},"content":{"rendered":"<p><a href=\"https:\/\/www.parismatch.be\/actualites\/people\/2025\/11\/01\/its-tiiiiime-la-video-virale-de-mariah-carey-pour-lancer-la-magie-de-noel-video-Z7E4SVWXZJDSHBNNCHHQIFBV2U\/\" target=\"_self\" class=\"ap-StoryInterstitialLink ap-StoryElement ap-StoryElement--mb js-paywall-target\" rel=\"noopener\">\u00ab\u00a0It&rsquo;s Tiiiiime\u00a0\u00bb: la vid\u00e9o virale de Mariah Carey pour lancer la magie de No\u00ebl (vid\u00e9o)<\/a>Combien d&rsquo;argent Mariah Carey a-t-elle gagn\u00e9 avec \u00ab\u00a0All I want for Christmas is you\u00a0\u00bb ?<\/p>\n<p class=\"ap-StoryElement ap-StoryElement--mb ap-StoryText\">En effet, depuis sa sortie, elle rapporterait 2,5 millions d&rsquo;euros \u00e0 Mariah Carey chaque ann\u00e9e. Aujourd&rsquo;hui, cela repr\u00e9sente ainsi plus de 77,5 millions d&rsquo;euros. Un article de CNBC, publi\u00e9 en d\u00e9cembre 2024 et relay\u00e9 par 7sur7, va encore plus loin, annon\u00e7ant que la chanson aurait g\u00e9n\u00e9r\u00e9 plus de 130 millions de dollars de recette en 30 ans. Selon le New York Times, Mariah Carey gagnerait entre 8 000 et 10 000 euros par jour, soit entre trois et quatre millions de dollars par an.<\/p>\n<p>Un succ\u00e8s qui a tard\u00e9 \u00e0 venir<\/p>\n<p class=\"ap-StoryElement ap-StoryElement--mb ap-StoryText\">Il n&rsquo;existe pas de bonne <a href=\"https:\/\/www.parismatch.be\/culture\/musique\/2023\/12\/10\/all-i-want-for-christmas-is-you-de-mariah-carey-detrone-par-un-autre-titre-de-noel-WQDC5RWCMVBWHJAOASYDEE2SHU\/\" target=\"_self\" rel=\"noopener\">playlist de No\u00ebl<\/a> sans \u00ab\u00a0All I Want For Christmas is You\u00a0\u00bb. Pourtant, \u00e0 sa sortie, en 1994, la chanson de Mariah Carey, extraite de son quatri\u00e8me album studio, sp\u00e9cial No\u00ebl, n&rsquo;a connu qu&rsquo;un succ\u00e8s mod\u00e9r\u00e9, n&rsquo;atteignant m\u00eame pas le top 10 du classement Billboard aux \u00c9tats-Unis. L&rsquo;hiver suivant, le titre aurait pu \u00eatre oubli\u00e9. Mais les grelots ont continu\u00e9 de tinter, et, ann\u00e9e apr\u00e8s ann\u00e9e, le titre est devenu un tube incontournable des f\u00eates, revenant \u00e0 chaque mois de d\u00e9cembre en t\u00eate des \u00e9coutes sur les plateformes de streaming.<\/p>\n<p><a href=\"https:\/\/www.parismatch.be\/culture\/musique\/2025\/09\/15\/quand-la-musique-match-voici-pourquoi-la-longevite-de-mariah-carey-au-sein-de-lindustrie-musicale-est-a-souligner-XGMCX63QAZDWZHSOMEJ5UZ4QAU\/\" target=\"_self\" class=\"ap-StoryInterstitialLink ap-StoryElement ap-StoryElement--mb\" rel=\"noopener\">Quand la musique Match : voici pourquoi la long\u00e9vit\u00e9 de Mariah Carey au sein de l&rsquo;industrie musicale est \u00e0 souligner<\/a><\/p>\n<p class=\"ap-StoryElement ap-StoryElement--mb ap-StoryText\">\u00ab\u00a0Je travaillais toute seule sur un petit clavier Casio, j&rsquo;\u00e9crivais des mots en me demandant : &lsquo;Qu&rsquo;est-ce que j&rsquo;associe \u00e0 No\u00ebl ? Qu&rsquo;est-ce que j&rsquo;aime ? Qu&rsquo;est-ce que je veux ? \u00c0 quoi je r\u00eave ?&rsquo; Et c&rsquo;est comme \u00e7a que tout a commenc\u00e9\u00a0\u00bb, a expliqu\u00e9 Mariah Carey dans une interview accord\u00e9e \u00e0 ABC News en 2013. Et d&rsquo;ajouter : \u00ab\u00a0Mon objectif \u00e9tait de cr\u00e9er quelque chose d&rsquo;intemporel, pour que \u00e7a ne sonne pas comme les ann\u00e9es 1990, \u00e9poque o\u00f9 je l&rsquo;ai \u00e9crite.\u00a0\u00bb Pari r\u00e9ussi, la chanson \u00e0 la m\u00e9lodie joyeusement ent\u00eatante n&rsquo;a jamais sonn\u00e9 dat\u00e9e. Mais son caract\u00e8re ind\u00e9modable n&rsquo;est pas la (seule) raison de son succ\u00e8s.<\/p>\n<p>Mariah Carey, reine de No\u00ebl<\/p>\n<p class=\"ap-StoryElement ap-StoryElement--mb ap-StoryText\">Pr\u00e8s de dix ans apr\u00e8s sa sortie, \u00ab\u00a0<a href=\"https:\/\/www.parismatch.be\/culture\/musique\/2024\/12\/06\/le-calendrier-de-lavent-de-paris-match-la-recette-du-succes-legendaire-de-mariah-carey-all-i-want-for-christmas-is-you-QUZ56447FFE2JK3DJTRLRJI5QI\/\" target=\"_self\" rel=\"noopener\">All I Want For Christmas is You<\/a>\u00a0\u00bb a \u00e9t\u00e9 repris par Olivia Olson (qui joue Joanna) dans l&rsquo;une des sc\u00e8nes finales de Love Actually (2003). Imm\u00e9diatement devenu culte, le film de No\u00ebl par excellence a relanc\u00e9 la chanson \u2013 et la carri\u00e8re de Mariah Carey, qui traversait alors une p\u00e9riode difficile entre l&rsquo;\u00e9chec de son film Glitter (2001) et sa d\u00e9pression. La diva a alors commenc\u00e9 \u00e0 capitaliser sur son tube : en 2010, elle a sorti un deuxi\u00e8me album de No\u00ebl, avec une version \u00ab\u00a0extra-festive\u00a0\u00bb de \u00ab\u00a0All I Want For Christmas\u00a0\u00bb, puis, en 2011, c&rsquo;est une version \u00ab\u00a0super festive\u00a0\u00bb avec Justin Bieber qu&rsquo;elle a d\u00e9voil\u00e9.<\/p>\n<p class=\"ap-StoryElement ap-StoryElement--mb ap-StoryText\">Apr\u00e8s de nombreux concerts de No\u00ebl, aux \u00c9tats-Unis et ailleurs, et des performances aux parades de fin d&rsquo;ann\u00e9e de Disney, \u00e0 Orlando, ou aux illuminations du Rockefeller Center, \u00e0 New York, Mariah Carey s&rsquo;est impos\u00e9e comme la reine de No\u00ebl. Et, depuis 2019, elle partage chaque 1er novembre sur les r\u00e9seaux sociaux, une vid\u00e9o pour lancer les festivit\u00e9s de fin d&rsquo;ann\u00e9e au son de \u00ab\u00a0All I Want For Christmas\u00a0\u00bb. Une campagne de communication hivernale bien rod\u00e9e qui porte ses fruits : en 2024, le titre a d\u00e9pass\u00e9 les 2 milliards d&rsquo;\u00e9coutes, selon Spotify, un record pour une chanson de No\u00ebl. Et Mariah Carey n&rsquo;a pas l&rsquo;intention de se laisser d\u00e9tr\u00f4ner.<\/p>\n","protected":false},"excerpt":{"rendered":"\u00ab\u00a0It&rsquo;s Tiiiiime\u00a0\u00bb: la vid\u00e9o virale de Mariah Carey pour lancer la magie de No\u00ebl (vid\u00e9o)Combien d&rsquo;argent Mariah Carey&hellip;\n","protected":false},"author":2,"featured_media":576032,"comment_status":"","ping_status":"","sticky":false,"template":"","format":"standard","meta":{"footnotes":""},"categories":[1355],"tags":[69032,1261,1695,58,59,1011,27,34115,1361,873,15830],"class_list":{"0":"post-576031","1":"post","2":"type-post","3":"status-publish","4":"format-standard","5":"has-post-thumbnail","7":"category-musique","8":"tag-all-i-want-for-christmas-is-you","9":"tag-argent","10":"tag-chanson","11":"tag-divertissement","12":"tag-entertainment","13":"tag-fr","14":"tag-france","15":"tag-mariah-carey","16":"tag-music","17":"tag-musique","18":"tag-noel"},"share_on_mastodon":{"url":"https:\/\/pubeurope.com\/@fr\/115657386426953270","error":""},"_links":{"self":[{"href":"https:\/\/www.europesays.com\/fr\/wp-json\/wp\/v2\/posts\/576031","targetHints":{"allow":["GET"]}}],"collection":[{"href":"https:\/\/www.europesays.com\/fr\/wp-json\/wp\/v2\/posts"}],"about":[{"href":"https:\/\/www.europesays.com\/fr\/wp-json\/wp\/v2\/types\/post"}],"author":[{"embeddable":true,"href":"https:\/\/www.europesays.com\/fr\/wp-json\/wp\/v2\/users\/2"}],"replies":[{"embeddable":true,"href":"https:\/\/www.europesays.com\/fr\/wp-json\/wp\/v2\/comments?post=576031"}],"version-history":[{"count":0,"href":"https:\/\/www.europesays.com\/fr\/wp-json\/wp\/v2\/posts\/576031\/revisions"}],"wp:featuredmedia":[{"embeddable":true,"href":"https:\/\/www.europesays.com\/fr\/wp-json\/wp\/v2\/media\/576032"}],"wp:attachment":[{"href":"https:\/\/www.europesays.com\/fr\/wp-json\/wp\/v2\/media?parent=576031"}],"wp:term":[{"taxonomy":"category","embeddable":true,"href":"https:\/\/www.europesays.com\/fr\/wp-json\/wp\/v2\/categories?post=576031"},{"taxonomy":"post_tag","embeddable":true,"href":"https:\/\/www.europesays.com\/fr\/wp-json\/wp\/v2\/tags?post=576031"}],"curies":[{"name":"wp","href":"https:\/\/api.w.org\/{rel}","templated":true}]}}