{"id":576035,"date":"2025-12-03T19:54:17","date_gmt":"2025-12-03T19:54:17","guid":{"rendered":"https:\/\/www.europesays.com\/fr\/576035\/"},"modified":"2025-12-03T19:54:17","modified_gmt":"2025-12-03T19:54:17","slug":"les-regions-les-plus-touchees-2","status":"publish","type":"post","link":"https:\/\/www.europesays.com\/fr\/576035\/","title":{"rendered":"les r\u00e9gions les plus touch\u00e9es"},"content":{"rendered":"<p>                    Par<br \/>\n        <strong><br \/>\n            <a href=\"https:\/\/actu.fr\/auteur\/mathieu-alfonsi\" title=\"Consulter tous les articles de Mathieu Alfonsi\" target=\"_blank\" rel=\"noopener\">Mathieu Alfonsi<\/a><br \/>\n                    <\/strong><\/p>\n<p>        Publi\u00e9 le<\/p>\n<p>            3 d\u00e9c. 2025 \u00e0 18h06        <\/p>\n<p>Fi\u00e8vre, frissons\u2026 La grippe est bien de retour en France. Selon <a href=\"https:\/\/www.santepubliquefrance.fr\/maladies-et-traumatismes\/maladies-et-infections-respiratoires\/grippe\/documents\/bulletin-national\/infections-respiratoires-aigues-grippe-bronchiolite-covid-19-.-bulletin-du-3-decembre-2025\" target=\"_blank\" rel=\"noopener\">le dernier bulletin de Sant\u00e9 Publique France<\/a>, publi\u00e9 ce mercredi 3\u00a0d\u00e9cembre 2025, <strong>l\u2019\u00e9pid\u00e9mie de grippe est d\u00e9clar\u00e9e dans trois r\u00e9gions de France\u2009: la Nouvelle-Aquitaine, la <a href=\"https:\/\/actu.fr\/normandie\/caen_14118\/des-billets-de-train-au-depart-de-caen-a-moins-de-10-euros-pour-voyager-en-normandie-pendant-les-fetes_63521748.html\" target=\"_blank\" rel=\"noopener\">Normandie<\/a> et l\u2019\u00cele-de-France<\/strong>. Les donn\u00e9es fournies concernent la semaine du 24 au 30\u00a0novembre 2025.<br \/><strong>Les autres r\u00e9gions sont toutes en phase pr\u00e9-\u00e9pid\u00e9mique<\/strong>, except\u00e9 la <a href=\"https:\/\/actu.fr\/histoire-patrimoine\/archeologie\/une-decouverte-archeologique-inedite-en-corse-les-vestiges-d-une-maison-datant-de-l-an-1000-retrouves_63436986.html\" target=\"_blank\" rel=\"noopener\">Corse<\/a>. Parmi les d\u00e9partements d\u2019outre-mer, <strong>seul Mayotte est en phase \u00e9pid\u00e9mique<\/strong>. Les autres sont tr\u00e8s peu touch\u00e9s. Au niveau de la France, l\u2019\u00e9pid\u00e9mie de grippe progresse donc bien dans de nombreux d\u00e9partements.<\/p>\n<p class=\" wall-content\">\u00ab\u00a0L\u2019activit\u00e9 grippale \u00e9tait en nette augmentation dans toutes les classes d\u2019\u00e2ge dans l\u2019Hexagone, indiquant une acc\u00e9l\u00e9ration de la circulation des virus grippaux\u00a0\u00bb, d\u00e9taille SPF.<\/p>\n<p>La carte des r\u00e9gions touch\u00e9es par la grippe<\/p>\n<p class=\" wall-content\">Alors que la semaine derni\u00e8re, seulement <a href=\"https:\/\/actu.fr\/societe\/l-epidemie-de-grippe-debarque-en-france-en-cette-fin-novembre-les-regions-les-plus-touchees_63398062.html\" target=\"_blank\" rel=\"noopener\">trois r\u00e9gions se trouvaient au stade pr\u00e9-\u00e9pid\u00e9mique<\/a>, d\u00e9sormais c\u2019est toute la France qui est touch\u00e9e, comme vous pouvez le constater dans notre carte :<\/p>\n<p class=\" wall-content\">\n<p>Campagne de vaccination lanc\u00e9e<\/p>\n<p class=\" wall-content\">Alors que <strong>la campagne de vaccination contre la grippe a d\u00e9but\u00e9 le 14\u00a0octobre dernier<\/strong>, elle cible principalement les personnes \u00e2g\u00e9es de 65\u00a0ans et plus, les personnes \u00e0 risque de forme grave, les femmes enceintes, les r\u00e9sidents en Ehpad et USLD (Unit\u00e9 de soins de longue dur\u00e9e).<\/p>\n<p class=\" wall-content\">Si vous \u00eates r\u00e9guli\u00e8rement en contact avec \u00ab\u2009des personnes immunod\u00e9prim\u00e9es ou vuln\u00e9rables aux formes graves de l\u2019infection\u2009\u00bb, vous \u00eates \u00e9galement concern\u00e9. Il est \u00e9galement conseill\u00e9 aux professionnels de <a href=\"https:\/\/actu.fr\/tag\/sante\" target=\"_blank\" rel=\"noopener\">sant\u00e9<\/a> de se faire vacciner. <strong>La campagne de vaccination se cl\u00f4ture le 31 janvier prochain<\/strong>.<\/p>\n<p class=\" wall-content\">Parce que ce virus \u00e9volue chaque ann\u00e9e, il est indispensable de s\u2019en prot\u00e9ger et de se faire vacciner tous les ans \u00ab\u2009d\u00e8s l\u2019ouverture de la campagne\u2009\u00bb, conseillent les autorit\u00e9s.<\/p>\n<p>Votre r\u00e9gion, votre actu !<\/p>\n<p>Recevez chaque jour les infos qui comptent pour vous.<\/p>\n<p>\t<a href=\"https:\/\/actu.fr\/newsletter\" class=\"ac-btn ac-btn--corner ac-btn--medium ac-btn--blue800\" target=\"_blank\" rel=\"noopener\">S&rsquo;incrire<\/a><br \/>\nSympt\u00f4mes de la grippe et pr\u00e9caution<\/p>\n<p class=\" wall-content\">Si vous avez des doutes sur votre \u00e9tat de sant\u00e9, et que vous ressentez <strong>des sympt\u00f4mes grippaux (toux, fi\u00e8vre, mal de gorge, frissons)<\/strong>, il est conseill\u00e9 de consulter un m\u00e9decin.<\/p>\n<p class=\" wall-content\">Les gestes barri\u00e8res diminuent \u00e9galement le risque d\u2019\u00eatre contamin\u00e9 par le virus. Surtout, ils limitent sa propagation lors d\u2019une \u00e9pid\u00e9mie. Pour rappel, il est conseill\u00e9 de <strong>mettre un masque<\/strong> \u00ab\u2009d\u00e8s les premiers sympt\u00f4mes\u2009\u00bb, de <strong>se laver souvent et correctement les mains<\/strong> et <strong>d\u2019a\u00e9rer r\u00e9guli\u00e8rement les pi\u00e8ces.<\/strong><\/p>\n<p class=\" wall-content\">En 2024, <a href=\"https:\/\/actu.fr\/bretagne\/rennes_35238\/l-epidemie-de-grippe-fremit-en-bretagne-pourquoi-il-faut-prendre-le-virus-au-serieux_63492790.html\" target=\"_blank\" rel=\"noopener\">l\u2019\u00e9pid\u00e9mie de grippe<\/a> s\u2019\u00e9tait r\u00e9v\u00e9l\u00e9e \u00eatre \u00ab\u2009d\u2019une ampleur et d\u2019une s\u00e9v\u00e9rit\u00e9 importante\u2009\u00bb. Plus de 17\u2009000\u00a0personnes en sont mortes.<\/p>\n<p class=\" wall-content\">Personnalisez votre actualit\u00e9 en ajoutant vos villes et m\u00e9dias en favori avec <a href=\"https:\/\/moncompte.actu.fr\" title=\"D\u00e9couvez Mon Actu\" rel=\"nofollow noopener\" data-trk=\"{&quot;cta&quot;:{&quot;action&quot;:&quot;https:\\\/\\\/moncompte.actu.fr&quot;,&quot;category&quot;:&quot;mon compte&quot;,&quot;from&quot;:&quot;article footer&quot;,&quot;name&quot;:&quot;Mon actu&quot;,&quot;type&quot;:&quot;cta&quot;}}\" target=\"_blank\">Mon Actu<\/a>.<\/p>\n","protected":false},"excerpt":{"rendered":"Par Mathieu Alfonsi Publi\u00e9 le 3 d\u00e9c. 2025 \u00e0 18h06 Fi\u00e8vre, frissons\u2026 La grippe est bien de retour&hellip;\n","protected":false},"author":2,"featured_media":576036,"comment_status":"","ping_status":"","sticky":false,"template":"","format":"standard","meta":{"footnotes":""},"categories":[10],"tags":[1011,27,29786,72,71,104],"class_list":{"0":"post-576035","1":"post","2":"type-post","3":"status-publish","4":"format-standard","5":"has-post-thumbnail","7":"category-sante","8":"tag-fr","9":"tag-france","10":"tag-grippe","11":"tag-health","12":"tag-sante","13":"tag-societe"},"share_on_mastodon":{"url":"","error":""},"_links":{"self":[{"href":"https:\/\/www.europesays.com\/fr\/wp-json\/wp\/v2\/posts\/576035","targetHints":{"allow":["GET"]}}],"collection":[{"href":"https:\/\/www.europesays.com\/fr\/wp-json\/wp\/v2\/posts"}],"about":[{"href":"https:\/\/www.europesays.com\/fr\/wp-json\/wp\/v2\/types\/post"}],"author":[{"embeddable":true,"href":"https:\/\/www.europesays.com\/fr\/wp-json\/wp\/v2\/users\/2"}],"replies":[{"embeddable":true,"href":"https:\/\/www.europesays.com\/fr\/wp-json\/wp\/v2\/comments?post=576035"}],"version-history":[{"count":0,"href":"https:\/\/www.europesays.com\/fr\/wp-json\/wp\/v2\/posts\/576035\/revisions"}],"wp:featuredmedia":[{"embeddable":true,"href":"https:\/\/www.europesays.com\/fr\/wp-json\/wp\/v2\/media\/576036"}],"wp:attachment":[{"href":"https:\/\/www.europesays.com\/fr\/wp-json\/wp\/v2\/media?parent=576035"}],"wp:term":[{"taxonomy":"category","embeddable":true,"href":"https:\/\/www.europesays.com\/fr\/wp-json\/wp\/v2\/categories?post=576035"},{"taxonomy":"post_tag","embeddable":true,"href":"https:\/\/www.europesays.com\/fr\/wp-json\/wp\/v2\/tags?post=576035"}],"curies":[{"name":"wp","href":"https:\/\/api.w.org\/{rel}","templated":true}]}}