{"id":576041,"date":"2025-12-03T19:58:20","date_gmt":"2025-12-03T19:58:20","guid":{"rendered":"https:\/\/www.europesays.com\/fr\/576041\/"},"modified":"2025-12-03T19:58:20","modified_gmt":"2025-12-03T19:58:20","slug":"promo-379e-lenovo-ideapad-1-15amn7-82vg00xwfr-pc-portable-pas-cher-8h-windows-11-pour-un-usage-courant-etudiant-sous-amd-ryzen-3-ram-16-go-ssd-512-go","status":"publish","type":"post","link":"https:\/\/www.europesays.com\/fr\/576041\/","title":{"rendered":"Promo 379\u20ac Lenovo IdeaPad 1 15AMN7 (82VG00XWFR) PC portable pas cher 8h Windows 11 pour un usage courant \u00e9tudiant sous AMD Ryzen 3 RAM 16 Go SSD 512 Go"},"content":{"rendered":"<p>Notre avis sur le Lenovo IdeaPad 1 15AMN7 (82VG003UFR)<\/p>\n<p>Tr\u00e8s bonne affaire du moment, le PC portable pas cher pour petit budget <strong>Lenovo IdeaPad 1 15AMN7 (82VG003UFR)<\/strong> est id\u00e9al pour \u00e9tudier sous Windows 11 avec son autonomie de 8 heures, sa connectique plus fournie que la moyenne comprenant Wi-Fi 6, USB-C et lecteur de cartes SD mais \u00e9galement son \u00e9cran 15 pouces antireflet Full HD et son pav\u00e9 num\u00e9rique. \u00c9l\u00e9gant avec son design argent, cet ordinateur portable fin et l\u00e9ger convient tout \u00e0 fait \u00e0 une utilisation courante avec son processeur AMD Ryzen 3 7320U Mendocino, sa bonne quantit\u00e9 de m\u00e9moire vive de 16 Go mais \u00e9galement son stockage SSD rapide de 512 Go renfor\u00e7ant sa r\u00e9activit\u00e9. <\/p>\n<p><img loading=\"lazy\" width=\"1878\" height=\"1369\" decoding=\"async\" src=\"https:\/\/www.europesays.com\/fr\/wp-content\/uploads\/2025\/12\/Lenovo-IdeaPad-1-15AMN7-82VG00XWFR-1.jpg\" alt=\"Lenovo IdeaPad 1 15AMN7 (82VG00XWFR)\" data-id=\"369657\"\/><\/p>\n<p>\t\t\t\t\t\t\t\t\t<img loading=\"lazy\" width=\"170\" height=\"31\" decoding=\"async\" src=\"https:\/\/www.europesays.com\/fr\/wp-content\/uploads\/2025\/10\/CDiscount.gif\" class=\"lps-box-comparo-ligne-logo-marchand\" title=\"\" alt=\"\"\/><\/p>\n<p>\t\t\t\t\t\t\t\t\t379\u20ac<\/p>\n<p>Caract\u00e9ristiques du Lenovo IdeaPad 1 15AMN7 (82VG00XWFR)<\/p>\n<tr>\n<td>\u00c9cran(s)<\/td>\n<td>15.6\u2019\u2019 Full HD LED micro-bords 220cd\/m\u00b2 (1920\u00d71080, antireflet)<\/td>\n<\/tr>\n<tr>\n<td>Processeur<\/td>\n<td>AMD Ryzen 3 7320U Mendocino (2.4 GHz, 4 c\u0153urs, TDP 15W)<\/td>\n<\/tr>\n<tr>\n<td>M\u00e9moire vive install\u00e9e (max)<\/td>\n<td>8 Go (soud\u00e9s) LPDDR5 5500 MHz<\/td>\n<\/tr>\n<tr>\n<td>Carte graphique<\/td>\n<td>AMD Radeon 610M int\u00e9gr\u00e9e au processeur<\/td>\n<\/tr>\n<tr>\n<td>Stockage<\/td>\n<td>SSD M.2 de 512 Go (NVMe PCIe 3.0 x2, 2242)<\/td>\n<\/tr>\n<tr>\n<td>Connectique<\/td>\n<td>1 USB 3.2 (Gen1) + 1 USB 2.0 + 1 USB 3.2 Type-C (Gen1), HDMI 1.4, lecteur de cartes SD<\/td>\n<\/tr>\n<tr>\n<td>R\u00e9seau<\/td>\n<td>Wi-Fi 6 ax (2\u00d72), Bluetooth 5.2<\/td>\n<\/tr>\n<tr>\n<td>Clavier r\u00e9tro \u00e9clair\u00e9<\/td>\n<td>\u2013<\/td>\n<\/tr>\n<tr>\n<td>Pav\u00e9 num\u00e9rique<\/td>\n<td>Oui<\/td>\n<\/tr>\n<tr>\n<td>Windows Hello<\/td>\n<td>\u2013<\/td>\n<\/tr>\n<tr>\n<td>Syst\u00e8me audio<\/td>\n<td>2 haut-parleurs (2 x 1.5W) Dolby Audio<\/td>\n<\/tr>\n<tr>\n<td>Syst\u00e8me d\u2019exploitation<\/td>\n<td>Windows 11 64 bits<\/td>\n<\/tr>\n<tr>\n<td>Autonomie annonc\u00e9e \/ Batterie<\/td>\n<td>8 heures \/ Li-Ion 3 cellules 42Whr (adaptateur 65W)<\/td>\n<\/tr>\n<tr>\n<td>Poids \/ Dimensions (mm)<\/td>\n<td>1.58 Kg \/ 360.2 x 236 x 17.9<\/td>\n<\/tr>\n<p>Le Lenovo IdeaPad 1 15AMN7 (82VG00XWFR) face \u00e0 la concurrence<\/p>\n<p>Le Lenovo IdeaPad 1 15AMN7 (82VG00XWFR) s\u2019affiche en ce moment en <strong><a href=\"https:\/\/yurl.fr\/l\/laptopspirit\/aHR0cHM6Ly93d3cuY2Rpc2NvdW50LmNvbS9pbmZvcm1hdGlxdWUvb3JkaW5hdGV1cnMtcGMtcG9ydGFibGVzL3BjLXBvcnRhYmxlLWxlbm92by1pZGVhcGFkLTEtMTVhbW43LXdpbmRvd3MtMTEvZi0xMDcwOS04MnZnMDB4d2ZyLmh0bWw\" target=\"_blank\" rel=\"nofollow noopener\" onclick=\"ga(&#039;send&#039;, &#039;event&#039;, &#039;lienYurl&#039;, &#039;clicYurl&#039;, &#039;lienYurlArticle&#039;);\">promotion chez Cdiscount<\/a><\/strong> et offre un rapport configuration\/prix <a href=\"https:\/\/www.laptopspirit.fr\/comparateur\/filtres\/criteres\/6a0501b3e719f3be2c7daa425e98ef06.html\" target=\"_blank\" rel=\"noopener noreferrer\">attractif pour sa cat\u00e9gorie o\u00f9 il est l\u2019un des moins chers<\/a> \u00e0 offrir un processeur aussi performant avec des capacit\u00e9s de RAM et de stockage SSD aussi \u00e9lev\u00e9es mais \u00e9galement une connectique aussi compl\u00e8te sans oublier Windows 11 fourni.<\/p>\n<p>Si ce PC portable ne correspond pas totalement \u00e0 vos besoins, nous vous invitons \u00e0 consulter nos guides <a href=\"https:\/\/www.laptopspirit.fr\/pc-portable-pas-cher-les-meilleurs-ordinateurs-du-moment\" target=\"_blank\" rel=\"noopener\">PC portable pas cher<\/a> et <a href=\"https:\/\/www.laptopspirit.fr\/tag\/pc-portable-etudiant\" target=\"_blank\" rel=\"noopener\">PC portable \u00e9tudiant<\/a>, vous y trouverez d\u2019autres ordinateurs portables similaires qui peuvent constituer de bonnes alternatives au Lenovo IdeaPad 1 15AMN7 (82VG00XWFR).<\/p>\n<p>Ch\u00e2ssis, connectique, \u00e9cran du Lenovo IdeaPad 1 15AMN7 (82VG00XWFR)<\/p>\n<p>C\u2019est une allure sobre et \u00e9l\u00e9gante qu\u2019arbore ce PC portable de par son design fin et l\u00e9ger argent clair Cloud Grey.<\/p>\n<p>En mati\u00e8re de connectique cet ordinateur portable est mieux \u00e9quip\u00e9 que la moyenne puisqu\u2019il propose un lecteur de cartes SD en plus d\u2019un port audio, d\u2019une sortie vid\u00e9o HDMI pratique pour le relier facilement \u00e0 une TV ou un moniteur notamment, de modules sans-fil Wi-Fi 6 ax et Bluetooth 5.2 pour des connexions et communications \u00e0 distance mais \u00e9galement 3 USB dont 1 USB-C par le biais desquels on peut brancher des p\u00e9riph\u00e9riques comme une souris, un casque-micro, une imprimante ou un stockage externe.<\/p>\n<p><a href=\"https:\/\/www.laptopspirit.fr\/wp-content\/uploads\/new\/2025\/12\/Lenovo-IdeaPad-1-15AMN7-82VG00XWFR-2.jpg\" data-slb-active=\"1\" data-slb-asset=\"993062599\" data-slb-internal=\"0\" data-slb-group=\"369652\" target=\"_blank\" rel=\"noopener\"><img loading=\"lazy\" decoding=\"async\" width=\"1024\" height=\"725\" src=\"https:\/\/www.europesays.com\/fr\/wp-content\/uploads\/2025\/12\/Lenovo-IdeaPad-1-15AMN7-82VG00XWFR-2-1024x725.jpg\" alt=\"Lenovo IdeaPad 1 15AMN7 (82VG00XWFR)\" class=\"wp-image-369658\"  \/><\/a><\/p>\n<p>Rev\u00eatu d\u2019un traitement antireflet le rendant plus lisible en environnement lumineux (ex : dehors) qu\u2019une dalle brillante, l\u2019\u00e9cran Full HD se d\u00e9marque par son format 16\/9\u00e8me se pr\u00eatant bien \u00e0 la lecture de vid\u00e9os. Ses angles de vision sont eux moyens, inf\u00e9rieurs \u00e0 ceux procur\u00e9s par l\u2019IPS, ce qui est attendu sur une telle machine au regard de son positionnement.<\/p>\n<p>Performances, autonomie du Lenovo IdeaPad 1 15AMN7 (82VG00XWFR)<\/p>\n<p>Le Lenovo IdeaPad 1 15AMN7 (82VG00XWFR) est un PC portable fin et l\u00e9ger \u00e9l\u00e9gant de 15 pouces destin\u00e9 \u00e0 une utilisation courante nomade.<\/p>\n<p>En effet des nomades comme certains souhaitant s\u2019\u00e9quiper d\u2019un <a href=\"https:\/\/www.laptopspirit.fr\/tag\/ordinateur-portable-etudiant\" target=\"_blank\" rel=\"noopener noreferrer\">ordinateur portable \u00e9tudiant<\/a> seront ravis qu\u2019il puisse tenir environ 8 heures sur batterie en usage l\u00e9ger, d\u2019autant que son poids ma\u00eetris\u00e9 et sa finesse le rendent aussi facile \u00e0 transporter qu\u2019un Ultrabook.<\/p>\n<p>En plus il convient tout \u00e0 fait \u00e0 une utilisation courante comme de la bureautique, de la navigation Internet ou encore pour regarder des photos et vid\u00e9os puisqu\u2019il est propuls\u00e9 par un processeur AMD Ryzen 3 7320U basse consommation <a href=\"https:\/\/www.laptopspirit.fr\/322161\/ces-2023-amd-ryzen-7000-les-nouveaux-processeurs-mobiles-pour-pc-portables-officiels-de-mendocino-a-dragon-range.html\" target=\"_blank\" rel=\"noopener noreferrer\">Mendocino<\/a>.<\/p>\n<p>Certes le Ryzen 3 7320U montre ses limites sous les applications exigeantes en ressources processeur mais se voit ici \u00e9paul\u00e9 par une bonne quantit\u00e9 de m\u00e9moire vive de 16 Go bienvenue en multit\u00e2ches ainsi que par la grande rapidit\u00e9 du SSD silencieux peu \u00e9nergivore.<\/p>\n<p>Le SSD contribue clairement \u00e0 ce que ce PC portable soit assez fluide et r\u00e9actif au quotidien, pour des d\u00e9marrages\/arr\u00eats qui s\u2019effectuent vite \u00e0 l\u2019instar des lancements de logiciels.<\/p>\n<p><img loading=\"lazy\" width=\"1797\" height=\"1182\" decoding=\"async\" src=\"https:\/\/www.europesays.com\/fr\/wp-content\/uploads\/2025\/12\/Lenovo-IdeaPad-1-15AMN7-82VG00XWFR-3.jpg\" alt=\"Lenovo IdeaPad 1 15AMN7 (82VG00XWFR)\" data-id=\"369659\"\/><\/p>\n<p>\t\t\t\t\t\t\t\t\t<img loading=\"lazy\" width=\"170\" height=\"31\" decoding=\"async\" src=\"https:\/\/www.europesays.com\/fr\/wp-content\/uploads\/2025\/10\/CDiscount.gif\" class=\"lps-box-comparo-ligne-logo-marchand\" title=\"\" alt=\"\"\/><\/p>\n<p>\t\t\t\t\t\t\t\t\t379\u20ac<\/p>\n<p>En plus le SSD offre ici 512 Go d\u2019espace pour installer et stocker pas mal d\u2019applications et fichiers, soit une solution similaire \u00e0 celle que l\u2019on retrouve sous de nombreuses configurations pourtant \u2013 beaucoup \u2013 plus ch\u00e8res.<\/p>\n<p>Bien s\u00fbr dans le cas o\u00f9 l\u2019on aurait besoin d\u2019espace suppl\u00e9mentaire, il suffit de brancher un p\u00e9riph\u00e9rique de stockage externe, de pr\u00e9f\u00e9rence de type USB 3.0\/USB-C pour b\u00e9n\u00e9ficier de transferts plus rapides qu\u2019en USB 2.0.<\/p>\n","protected":false},"excerpt":{"rendered":"Notre avis sur le Lenovo IdeaPad 1 15AMN7 (82VG003UFR) Tr\u00e8s bonne affaire du moment, le PC portable pas&hellip;\n","protected":false},"author":2,"featured_media":576042,"comment_status":"","ping_status":"","sticky":false,"template":"","format":"standard","meta":{"footnotes":""},"categories":[7],"tags":[1011,27,43,40,41,39,42,44],"class_list":{"0":"post-576041","1":"post","2":"type-post","3":"status-publish","4":"format-standard","5":"has-post-thumbnail","7":"category-sciences-et-technologies","8":"tag-fr","9":"tag-france","10":"tag-science","11":"tag-science-and-technology","12":"tag-sciences","13":"tag-sciences-et-technologies","14":"tag-technologies","15":"tag-technology"},"share_on_mastodon":{"url":"https:\/\/pubeurope.com\/@fr\/115657412732065896","error":""},"_links":{"self":[{"href":"https:\/\/www.europesays.com\/fr\/wp-json\/wp\/v2\/posts\/576041","targetHints":{"allow":["GET"]}}],"collection":[{"href":"https:\/\/www.europesays.com\/fr\/wp-json\/wp\/v2\/posts"}],"about":[{"href":"https:\/\/www.europesays.com\/fr\/wp-json\/wp\/v2\/types\/post"}],"author":[{"embeddable":true,"href":"https:\/\/www.europesays.com\/fr\/wp-json\/wp\/v2\/users\/2"}],"replies":[{"embeddable":true,"href":"https:\/\/www.europesays.com\/fr\/wp-json\/wp\/v2\/comments?post=576041"}],"version-history":[{"count":0,"href":"https:\/\/www.europesays.com\/fr\/wp-json\/wp\/v2\/posts\/576041\/revisions"}],"wp:featuredmedia":[{"embeddable":true,"href":"https:\/\/www.europesays.com\/fr\/wp-json\/wp\/v2\/media\/576042"}],"wp:attachment":[{"href":"https:\/\/www.europesays.com\/fr\/wp-json\/wp\/v2\/media?parent=576041"}],"wp:term":[{"taxonomy":"category","embeddable":true,"href":"https:\/\/www.europesays.com\/fr\/wp-json\/wp\/v2\/categories?post=576041"},{"taxonomy":"post_tag","embeddable":true,"href":"https:\/\/www.europesays.com\/fr\/wp-json\/wp\/v2\/tags?post=576041"}],"curies":[{"name":"wp","href":"https:\/\/api.w.org\/{rel}","templated":true}]}}