{"id":576043,"date":"2025-12-03T19:59:17","date_gmt":"2025-12-03T19:59:17","guid":{"rendered":"https:\/\/www.europesays.com\/fr\/576043\/"},"modified":"2025-12-03T19:59:17","modified_gmt":"2025-12-03T19:59:17","slug":"les-impots-preparent-ces-prelevements-entre-noel-et-le-jour-de-lan-attention-aux-mauvaises-surprises-sur-les-comptes","status":"publish","type":"post","link":"https:\/\/www.europesays.com\/fr\/576043\/","title":{"rendered":"Les imp\u00f4ts pr\u00e9parent ces pr\u00e9l\u00e8vements entre No\u00ebl et le jour de l&rsquo;an, attention aux mauvaises surprises sur les comptes"},"content":{"rendered":"<p>C&rsquo;est ind\u00e9niable\u00a0: le pr\u00e9l\u00e8vement \u00e0 la source de l&rsquo;imp\u00f4t sur le revenu a simplifi\u00e9 la vie des contribuables. Avec tout de m\u00eame deux nuances. D&rsquo;une part, ce sont surtout les salari\u00e9s qui ont b\u00e9n\u00e9fici\u00e9 de cette simplification. Puisque les autres revenus, fonciers ou industriels ou commerciaux, font l&rsquo;objet d&rsquo;avances qui sont ensuite r\u00e9gularis\u00e9es en fin d&rsquo;ann\u00e9e. D&rsquo;autre part, les autres taxes n&rsquo;\u00e9chappent pas \u00e0 un calendrier fiscal pr\u00e9cis, tout comme la mise en \u0153uvre de certains dispositifs.<\/p>\n<p>C&rsquo;est ainsi que les contribuables fran\u00e7ais doivent avoir en t\u00eate plusieurs\u00a0dates pr\u00e9cises ces prochains jours. Elles interviennent avant le 31 d\u00e9cembre et doivent \u00eatre anticip\u00e9es sous peine de mal finir l&rsquo;ann\u00e9e d&rsquo;un point de vue financier&#8230;<\/p>\n<p>Premi\u00e8re \u00e9ch\u00e9ance\u00a0: le jeudi 11 d\u00e9cembre. C&rsquo;est en effet la date limite pour modifier le montant de l&rsquo;avance de la r\u00e9duction d&rsquo;imp\u00f4t ou du cr\u00e9dit d&rsquo;imp\u00f4t qui sera vers\u00e9e en janvier 2026. Cette avance de 60%, mise en place il y a quelques ann\u00e9es, constitue un v\u00e9ritable avantage en tr\u00e9sorerie. Ou plus exactement une juste contrepartie de l&rsquo;instauration du pr\u00e9l\u00e8vement \u00e0 la source. Mais attention : si vos d\u00e9penses \u00e9ligibles ont diminu\u00e9 en 2025, mieux vaut baisser\u00a0le montant de l&rsquo;avance. Faute de quoi vous seriez contraint de rembourser le trop-per\u00e7u au second semestre.<\/p>\n<p>De nombreux contribuables se voient en effet r\u00e9clamer un remboursement par le fisc \u00e0 la fin de l&rsquo;\u00e9t\u00e9. Avec parfois des sommes importantes qui peuvent mettre les comptes des particuliers dans le rouge au mois de septembre. La modification se l&rsquo;avance fait en quelques clics via votre\u00a0espace personnel sur le site des imp\u00f4ts.<\/p>\n<p>Deuxi\u00e8me \u00e9ch\u00e9ance\u00a0: le lundi 15 d\u00e9cembre. Si vous n&rsquo;avez pas choisi la mensualisation ou le pr\u00e9l\u00e8vement \u00e0 l&rsquo;\u00e9ch\u00e9ance, c&rsquo;est \u00e0 cette date que les contribuables concern\u00e9s doivent avoir pay\u00e9 au plus tard leur taxe d&rsquo;habitation (sur les r\u00e9sidences secondaires),\u00a0leur\u00a0taxe sur les logements vacants ou leur\u00a0taxe d&rsquo;habitation sur les logements vacants (THLV). Cette \u00e9ch\u00e9ance est repouss\u00e9e au samedi 20 d\u00e9cembre s&rsquo;ils choisissent\u00a0de payer en ligne sur internet ou par mobile.\u00a0Le pr\u00e9l\u00e8vement bancaire de la somme\u00a0interviendra ensuite en fin de mois, le lundi 29 d\u00e9cembre.<\/p>\n<p>Nombre de contribuables devront redoubler de vigilance \u00e0 cette p\u00e9riode, car une toute derni\u00e8re \u00e9ch\u00e9ance fiscale de l&rsquo;ann\u00e9e est \u00e9galement fix\u00e9e au\u00a0lundi 29 d\u00e9cembre. Elle concerne les millions de contribuables s&rsquo;\u00e9tant\u00a0vus r\u00e9clam\u00e9s une suppl\u00e9ment d&rsquo;imp\u00f4t sur le revenu en septembre. Pour ceux qui doivent plus de 300 \u20ac, le solde de cet imp\u00f4t est pr\u00e9lev\u00e9 en quatre \u00e9ch\u00e9ances depuis le\u00a0mois de septembre. Or, le dernier pr\u00e9l\u00e8vement, souvent le plus \u00e9lev\u00e9 d&rsquo;ailleurs, intervient dans les tous derniers jours de l&rsquo;ann\u00e9e.<\/p>\n<p>Les millions de contribuables concern\u00e9s par les dates ci-dessus doivent donc bien les anticiper en termes de tr\u00e9sorerie.\u00a0D&rsquo;autant que deux de ces pr\u00e9l\u00e8vements d&rsquo;imp\u00f4t op\u00e9r\u00e9s par l&rsquo;administration fiscale\u00a0interviendront entre No\u00ebl et le jour de l&rsquo;an, p\u00e9riode synonyme de d\u00e9penses&#8230;<\/p>\n","protected":false},"excerpt":{"rendered":"C&rsquo;est ind\u00e9niable\u00a0: le pr\u00e9l\u00e8vement \u00e0 la source de l&rsquo;imp\u00f4t sur le revenu a simplifi\u00e9 la vie des contribuables.&hellip;\n","protected":false},"author":2,"featured_media":576044,"comment_status":"","ping_status":"","sticky":false,"template":"","format":"standard","meta":{"footnotes":""},"categories":[6],"tags":[58292,35,69034,51761,33,34,51763,1011,27,58293,51767],"class_list":{"0":"post-576043","1":"post","2":"type-post","3":"status-publish","4":"format-standard","5":"has-post-thumbnail","7":"category-economie","8":"tag-actualite-juridique-et-financiere","9":"tag-business","10":"tag-cms-droit-finances-5447","11":"tag-controller-content","12":"tag-economie","13":"tag-economy","14":"tag-format-papier","15":"tag-fr","16":"tag-france","17":"tag-les-histoires-de-droit-finances","18":"tag-parallaxeinfeed"},"share_on_mastodon":{"url":"https:\/\/pubeurope.com\/@fr\/115657412891272535","error":""},"_links":{"self":[{"href":"https:\/\/www.europesays.com\/fr\/wp-json\/wp\/v2\/posts\/576043","targetHints":{"allow":["GET"]}}],"collection":[{"href":"https:\/\/www.europesays.com\/fr\/wp-json\/wp\/v2\/posts"}],"about":[{"href":"https:\/\/www.europesays.com\/fr\/wp-json\/wp\/v2\/types\/post"}],"author":[{"embeddable":true,"href":"https:\/\/www.europesays.com\/fr\/wp-json\/wp\/v2\/users\/2"}],"replies":[{"embeddable":true,"href":"https:\/\/www.europesays.com\/fr\/wp-json\/wp\/v2\/comments?post=576043"}],"version-history":[{"count":0,"href":"https:\/\/www.europesays.com\/fr\/wp-json\/wp\/v2\/posts\/576043\/revisions"}],"wp:featuredmedia":[{"embeddable":true,"href":"https:\/\/www.europesays.com\/fr\/wp-json\/wp\/v2\/media\/576044"}],"wp:attachment":[{"href":"https:\/\/www.europesays.com\/fr\/wp-json\/wp\/v2\/media?parent=576043"}],"wp:term":[{"taxonomy":"category","embeddable":true,"href":"https:\/\/www.europesays.com\/fr\/wp-json\/wp\/v2\/categories?post=576043"},{"taxonomy":"post_tag","embeddable":true,"href":"https:\/\/www.europesays.com\/fr\/wp-json\/wp\/v2\/tags?post=576043"}],"curies":[{"name":"wp","href":"https:\/\/api.w.org\/{rel}","templated":true}]}}